{"id":12301,"date":"2021-10-13T06:44:40","date_gmt":"2021-10-13T05:44:40","guid":{"rendered":"https:\/\/www.wroblewski.krakow.pl\/?p=12301"},"modified":"2021-10-13T13:08:21","modified_gmt":"2021-10-13T12:08:21","slug":"komunikat-samorzadu-uczniowskiego-w-sprawie-wyborow-do-su-2","status":"publish","type":"post","link":"https:\/\/www.wroblewski.krakow.pl\/?p=12301","title":{"rendered":"Wyniki wybor\u00f3w do Samorz\u0105du Uczniowskiego"},"content":{"rendered":"<p>Samorz\u0105d Uczniowski wraz z opiekunami informuje, \u017ce w dniu 12 pa\u017adziernika 2021 roku odby\u0142y si\u0119 wybory do Samorz\u0105du Uczniowskiego:<\/p>\n<ol>\n<li>G\u0142osowanie trwa\u0142o w godzinach <strong>8.30 \u2013 13.45<\/strong><\/li>\n<li>Uprawnionych do g\u0142osowania: <strong>510 uczni\u00f3w<\/strong><\/li>\n<li>G\u0142osowa\u0142o:<strong> 403 uczni\u00f3w<\/strong><\/li>\n<li>G\u0142os\u00f3w wa\u017cnych oddano: <strong>387<br \/>\n<\/strong><\/li>\n<li>G\u0142os\u00f3w niewa\u017cnych oddano: <strong>16<\/strong><\/li>\n<li>Frekwencja w g\u0142osowaniu wynios\u0142a: <strong>79 %<\/strong>.<\/li>\n<li>G\u0142osy w kolejno\u015bci otrzymali:<\/li>\n<\/ol>\n<ul>\n<li>Samuel T\u0119czy\u0144ski (3B) \u2013 322 g\u0142os\u00f3w<\/li>\n<li>Micha\u0142 Dziedzic (3A) \u2013 65 g\u0142os\u00f3w<\/li>\n<\/ul>\n<p>Najwi\u0119cej g\u0142os\u00f3w otrzyma\u0142 ucze\u0144 klasy 3B \u2013 <strong>Samuel T\u0119czy\u0144ski<\/strong>, kt\u00f3ry zostaje przewodnicz\u0105cym Samorz\u0105du Uczniowskiego.<\/p>\n<p style=\"text-align: right;\"><em>Krak\u00f3w, 13.10.2021 r., Opiekunowie Samorz\u0105du Uczniowskiego, <\/em><br \/>\n<em>mgr Beata Kempner-Sroka, mgr Agnieszka Koj\u0142o, mgr Dzianis Sukhavarau<\/em><\/p>\n","protected":false},"excerpt":{"rendered":"<p>Samorz\u0105d Uczniowski wraz z opiekunami informuje, \u017ce w dniu 12 pa\u017adziernika 2021 roku odby\u0142y si\u0119 wybory do Samorz\u0105du Uczniowskiego: G\u0142osowanie trwa\u0142o w godzinach 8.30 \u2013 13.45 Uprawnionych do g\u0142osowania: 510 uczni\u00f3w G\u0142osowa\u0142o: 403 uczni\u00f3w G\u0142os\u00f3w wa\u017cnych oddano: 387 G\u0142os\u00f3w niewa\u017cnych oddano: 16 Frekwencja w g\u0142osowaniu wynios\u0142a: 79 %. G\u0142osy w kolejno\u015bci otrzymali: Samuel T\u0119czy\u0144ski (3B) \u2013 322 g\u0142os\u00f3w Micha\u0142 Dziedzic (3A) \u2013 65 g\u0142os\u00f3w Najwi\u0119cej g\u0142os\u00f3w otrzyma\u0142 ucze\u0144 klasy 3B \u2013 Samuel T\u0119czy\u0144ski, kt\u00f3ry zostaje przewodnicz\u0105cym Samorz\u0105du Uczniowskiego. Krak\u00f3w, 13.10.2021 r., Opiekunowie Samorz\u0105du Uczniowskiego, mgr Beata Kempner-Sroka, mgr Agnieszka Koj\u0142o, mgr Dzianis Sukhavarau<\/p>\n","protected":false},"author":5,"featured_media":12302,"comment_status":"closed","ping_status":"closed","sticky":false,"template":"","format":"standard","meta":[],"categories":[1],"tags":[],"_links":{"self":[{"href":"https:\/\/www.wroblewski.krakow.pl\/index.php?rest_route=\/wp\/v2\/posts\/12301"}],"collection":[{"href":"https:\/\/www.wroblewski.krakow.pl\/index.php?rest_route=\/wp\/v2\/posts"}],"about":[{"href":"https:\/\/www.wroblewski.krakow.pl\/index.php?rest_route=\/wp\/v2\/types\/post"}],"author":[{"embeddable":true,"href":"https:\/\/www.wroblewski.krakow.pl\/index.php?rest_route=\/wp\/v2\/users\/5"}],"replies":[{"embeddable":true,"href":"https:\/\/www.wroblewski.krakow.pl\/index.php?rest_route=%2Fwp%2Fv2%2Fcomments&post=12301"}],"version-history":[{"count":4,"href":"https:\/\/www.wroblewski.krakow.pl\/index.php?rest_route=\/wp\/v2\/posts\/12301\/revisions"}],"predecessor-version":[{"id":12308,"href":"https:\/\/www.wroblewski.krakow.pl\/index.php?rest_route=\/wp\/v2\/posts\/12301\/revisions\/12308"}],"wp:featuredmedia":[{"embeddable":true,"href":"https:\/\/www.wroblewski.krakow.pl\/index.php?rest_route=\/wp\/v2\/media\/12302"}],"wp:attachment":[{"href":"https:\/\/www.wroblewski.krakow.pl\/index.php?rest_route=%2Fwp%2Fv2%2Fmedia&parent=12301"}],"wp:term":[{"taxonomy":"category","embeddable":true,"href":"https:\/\/www.wroblewski.krakow.pl\/index.php?rest_route=%2Fwp%2Fv2%2Fcategories&post=12301"},{"taxonomy":"post_tag","embeddable":true,"href":"https:\/\/www.wroblewski.krakow.pl\/index.php?rest_route=%2Fwp%2Fv2%2Ftags&post=12301"}],"curies":[{"name":"wp","href":"https:\/\/api.w.org\/{rel}","templated":true}]}}