{"id":12401,"date":"2021-11-02T07:46:32","date_gmt":"2021-11-02T06:46:32","guid":{"rendered":"https:\/\/www.wroblewski.krakow.pl\/?p=12401"},"modified":"2021-11-03T21:20:22","modified_gmt":"2021-11-03T20:20:22","slug":"nadzieja-w-piekle","status":"publish","type":"post","link":"https:\/\/www.wroblewski.krakow.pl\/?p=12401","title":{"rendered":"Nadzieja w piekle\u2026"},"content":{"rendered":"<p style=\"text-align: justify;\">Dnia 26 pa\u017adziernika 2021 roku uczniowie z klas: 1d pod opiek\u0105 pani mgr Ma\u0142gorzaty Nowakowskiej-Murzyn oraz 2e pod opiek\u0105 pani mgr Marty Kokoszki, uczestniczyli w projekcji filmu \u201eMistrz\u201d w kinie Mikro.<\/p>\n<p style=\"text-align: justify;\">Film ten to fabularyzowana biografia s\u0142ynnego boksera z Auschwitz \u2013 Tadeusza Pietrzykowskiego, kt\u00f3ry trafi\u0142 do obozu w pierwszym transporcie w 1940 roku. W tej roli wyst\u0105pi\u0142 Piotr G\u0142owacki i jest to znakomita kreacja tego aktora.<\/p>\n<p style=\"text-align: justify;\">Re\u017cyser filmu Maciej Barczewski podkre\u015bli\u0142 w jednym z wywiad\u00f3w, \u017ce \u201efilm ten to przede wszystkim opowie\u015b\u0107 o niezwyk\u0142ym cz\u0142owieku, kt\u00f3ry dzi\u0119ki swojej pasji i umiej\u0119tno\u015bciom pokaza\u0142, \u017ce nawet w tak nieludzkich warunkach mo\u017cna pokona\u0107 z\u0142o i zachowa\u0107 godno\u015b\u0107 (\u2026).\u201d<\/p>\n<p style=\"text-align: justify;\">Nie brakuje w filmie naturalistycznie przedstawionych, wstrz\u0105saj\u0105cych scen obrazuj\u0105cych \u017cycie\u00a0wi\u0119\u017ani\u00f3w w Auschwitz. Ale ponad tym okrutnym \u015bwiatem unosi si\u0119 \u2026 NADZIEJA!<\/p>\n<p style=\"text-align: justify;\">Przed nami<a href=\"https:\/\/www.wroblewski.krakow.pl\/?p=12364\"> film ten obejrzeli te\u017c uczniowie klas trzecich (16.10)<\/a>. Zar\u00f3wno na nich jak i na nas film ten zrobi\u0142 ogromne wra\u017cenie. Gor\u0105co go polecamy kole\u017cankom i kolegom z pozosta\u0142ych klas!<\/p>\n<p align=\"right\"><em>Krak\u00f3w, 02.11.2021 r., mgr Marta Kokoszka<\/em><\/p>\n","protected":false},"excerpt":{"rendered":"<p>Dnia 26 pa\u017adziernika 2021 roku uczniowie z klas: 1d pod opiek\u0105 pani mgr Ma\u0142gorzaty Nowakowskiej-Murzyn oraz 2e pod opiek\u0105 pani mgr Marty Kokoszki, uczestniczyli w projekcji filmu \u201eMistrz\u201d w kinie Mikro. Film ten to fabularyzowana biografia s\u0142ynnego boksera z Auschwitz \u2013 Tadeusza Pietrzykowskiego, kt\u00f3ry trafi\u0142 do obozu w pierwszym transporcie w 1940 roku. W tej roli wyst\u0105pi\u0142 Piotr G\u0142owacki i jest to znakomita kreacja tego aktora. Re\u017cyser filmu Maciej Barczewski podkre\u015bli\u0142 w jednym z wywiad\u00f3w, \u017ce \u201efilm ten to przede wszystkim opowie\u015b\u0107 o niezwyk\u0142ym cz\u0142owieku, kt\u00f3ry dzi\u0119ki swojej pasji i umiej\u0119tno\u015bciom pokaza\u0142, \u017ce nawet w tak nieludzkich warunkach mo\u017cna pokona\u0107 [&hellip;]<\/p>\n","protected":false},"author":5,"featured_media":12402,"comment_status":"closed","ping_status":"closed","sticky":false,"template":"","format":"standard","meta":[],"categories":[1],"tags":[],"_links":{"self":[{"href":"https:\/\/www.wroblewski.krakow.pl\/index.php?rest_route=\/wp\/v2\/posts\/12401"}],"collection":[{"href":"https:\/\/www.wroblewski.krakow.pl\/index.php?rest_route=\/wp\/v2\/posts"}],"about":[{"href":"https:\/\/www.wroblewski.krakow.pl\/index.php?rest_route=\/wp\/v2\/types\/post"}],"author":[{"embeddable":true,"href":"https:\/\/www.wroblewski.krakow.pl\/index.php?rest_route=\/wp\/v2\/users\/5"}],"replies":[{"embeddable":true,"href":"https:\/\/www.wroblewski.krakow.pl\/index.php?rest_route=%2Fwp%2Fv2%2Fcomments&post=12401"}],"version-history":[{"count":9,"href":"https:\/\/www.wroblewski.krakow.pl\/index.php?rest_route=\/wp\/v2\/posts\/12401\/revisions"}],"predecessor-version":[{"id":12412,"href":"https:\/\/www.wroblewski.krakow.pl\/index.php?rest_route=\/wp\/v2\/posts\/12401\/revisions\/12412"}],"wp:featuredmedia":[{"embeddable":true,"href":"https:\/\/www.wroblewski.krakow.pl\/index.php?rest_route=\/wp\/v2\/media\/12402"}],"wp:attachment":[{"href":"https:\/\/www.wroblewski.krakow.pl\/index.php?rest_route=%2Fwp%2Fv2%2Fmedia&parent=12401"}],"wp:term":[{"taxonomy":"category","embeddable":true,"href":"https:\/\/www.wroblewski.krakow.pl\/index.php?rest_route=%2Fwp%2Fv2%2Fcategories&post=12401"},{"taxonomy":"post_tag","embeddable":true,"href":"https:\/\/www.wroblewski.krakow.pl\/index.php?rest_route=%2Fwp%2Fv2%2Ftags&post=12401"}],"curies":[{"name":"wp","href":"https:\/\/api.w.org\/{rel}","templated":true}]}}