{"id":12640,"date":"2021-12-16T11:36:40","date_gmt":"2021-12-16T10:36:40","guid":{"rendered":"https:\/\/www.wroblewski.krakow.pl\/?p=12640"},"modified":"2021-12-17T15:58:48","modified_gmt":"2021-12-17T14:58:48","slug":"brawa-dla-hani-kloski-z-klasy-3f","status":"publish","type":"post","link":"https:\/\/www.wroblewski.krakow.pl\/?p=12640","title":{"rendered":"Brawa dla Hani Kloski z klasy 3e"},"content":{"rendered":"<p>Serdecznie gratulujemy <b>Hani Klosce<\/b>, kt\u00f3ra z sukcesami reprezentowa\u0142a spo\u0142eczno\u015b\u0107 \u201cWr\u00f3blewskiego\u201d w dw\u00f3ch konkursach recytatorskich.<\/p>\n<p>&nbsp;<\/p>\n<p>W dniu 06 grudnia 2021 roku, w ramach fina\u0142u <b>Turnieju Recytatorskiego Poezji Wsp\u00f3\u0142czesnej im. Andrzeja Bursy<\/b>, przedstawi\u0142a swoj\u0105 interpretacj\u0119 wybranych utwor\u00f3w Andrzeja Bursy oraz Tadeusza R\u00f3\u017cewicza. Jury doceni\u0142o wyst\u0119p naszej uczennicy przyznaj\u0105c jej <b>III nagrod\u0119<\/b>, natomiast publiczno\u015b\u0107 konkursowa nie mia\u0142a w\u0105tpliwo\u015bci &#8211; dla nich Hania by\u0142a najlepsza i to jej prezentacj\u0119 zwie\u0144czono <b>Nagrod\u0105 Publiczno\u015bci. <\/b><\/p>\n<p><b>\u00a0<\/b><\/p>\n<p>Ju\u017c kolejnego dnia \u2013 07 grudnia 2021 roku, Hania wyst\u0105pi\u0142a w finale konkursu organizowanego z ramienia Muzeum Narodowego &#8211; <b>\u201eRzek\u0142bym dwa s\u0142owa\u2026 za du\u017co\u201d \u2013 konkurs interpretacji tekst\u00f3w dramatycznych oraz poezji Stanis\u0142awa Wyspia\u0144skiego\u201d. <\/b>Tym razem Hania zdoby\u0142a<b> I Nagrod\u0119.<\/b><\/p>\n<p><b>\u00a0<\/b><\/p>\n<p>Jej interpretacja tekst\u00f3w Wyspia\u0144skiego by\u0142a na najwy\u017cszym poziomie. Nad bezpiecze\u0144stwem uczennicy (towarzysz\u0105c jej i gor\u0105co kibicuj\u0105c) bezpo\u015brednio czuwa\u0142a Pani mgr Marta Kandefer, natomiast piecz\u0105 merytoryczn\u0105 uczennic\u0119 obj\u0119\u0142a mgr Edyta S\u0142awska.<\/p>\n<p>&nbsp;<\/p>\n<p>Haniu &#8211; gratulujemy i \u017cyczymy dalszych sukces\u00f3w!!!<\/p>\n<p align=\"right\"><i>Krak\u00f3w, 16.12.2021 r., mgr Edyta S\u0142awska<\/i><\/p>\n","protected":false},"excerpt":{"rendered":"<p>Serdecznie gratulujemy Hani Klosce, kt\u00f3ra z sukcesami reprezentowa\u0142a spo\u0142eczno\u015b\u0107 \u201cWr\u00f3blewskiego\u201d w dw\u00f3ch konkursach recytatorskich. &nbsp; W dniu 06 grudnia 2021 roku, w ramach fina\u0142u Turnieju Recytatorskiego Poezji Wsp\u00f3\u0142czesnej im. Andrzeja Bursy, przedstawi\u0142a swoj\u0105 interpretacj\u0119 wybranych utwor\u00f3w Andrzeja Bursy oraz Tadeusza R\u00f3\u017cewicza. Jury doceni\u0142o wyst\u0119p naszej uczennicy przyznaj\u0105c jej III nagrod\u0119, natomiast publiczno\u015b\u0107 konkursowa nie mia\u0142a w\u0105tpliwo\u015bci &#8211; dla nich Hania by\u0142a najlepsza i to jej prezentacj\u0119 zwie\u0144czono Nagrod\u0105 Publiczno\u015bci. \u00a0 Ju\u017c kolejnego dnia \u2013 07 grudnia 2021 roku, Hania wyst\u0105pi\u0142a w finale konkursu organizowanego z ramienia Muzeum Narodowego &#8211; \u201eRzek\u0142bym dwa s\u0142owa\u2026 za du\u017co\u201d \u2013 konkurs interpretacji tekst\u00f3w dramatycznych oraz [&hellip;]<\/p>\n","protected":false},"author":2,"featured_media":12641,"comment_status":"closed","ping_status":"closed","sticky":false,"template":"","format":"standard","meta":[],"categories":[1],"tags":[],"_links":{"self":[{"href":"https:\/\/www.wroblewski.krakow.pl\/index.php?rest_route=\/wp\/v2\/posts\/12640"}],"collection":[{"href":"https:\/\/www.wroblewski.krakow.pl\/index.php?rest_route=\/wp\/v2\/posts"}],"about":[{"href":"https:\/\/www.wroblewski.krakow.pl\/index.php?rest_route=\/wp\/v2\/types\/post"}],"author":[{"embeddable":true,"href":"https:\/\/www.wroblewski.krakow.pl\/index.php?rest_route=\/wp\/v2\/users\/2"}],"replies":[{"embeddable":true,"href":"https:\/\/www.wroblewski.krakow.pl\/index.php?rest_route=%2Fwp%2Fv2%2Fcomments&post=12640"}],"version-history":[{"count":3,"href":"https:\/\/www.wroblewski.krakow.pl\/index.php?rest_route=\/wp\/v2\/posts\/12640\/revisions"}],"predecessor-version":[{"id":12659,"href":"https:\/\/www.wroblewski.krakow.pl\/index.php?rest_route=\/wp\/v2\/posts\/12640\/revisions\/12659"}],"wp:featuredmedia":[{"embeddable":true,"href":"https:\/\/www.wroblewski.krakow.pl\/index.php?rest_route=\/wp\/v2\/media\/12641"}],"wp:attachment":[{"href":"https:\/\/www.wroblewski.krakow.pl\/index.php?rest_route=%2Fwp%2Fv2%2Fmedia&parent=12640"}],"wp:term":[{"taxonomy":"category","embeddable":true,"href":"https:\/\/www.wroblewski.krakow.pl\/index.php?rest_route=%2Fwp%2Fv2%2Fcategories&post=12640"},{"taxonomy":"post_tag","embeddable":true,"href":"https:\/\/www.wroblewski.krakow.pl\/index.php?rest_route=%2Fwp%2Fv2%2Ftags&post=12640"}],"curies":[{"name":"wp","href":"https:\/\/api.w.org\/{rel}","templated":true}]}}