{"id":12721,"date":"2022-02-04T14:19:52","date_gmt":"2022-02-04T13:19:52","guid":{"rendered":"https:\/\/www.wroblewski.krakow.pl\/?p=12721"},"modified":"2022-02-04T15:54:46","modified_gmt":"2022-02-04T14:54:46","slug":"gratulujemy-zwyciezcom-konkursu-europa-na-talerzu-2","status":"publish","type":"post","link":"https:\/\/www.wroblewski.krakow.pl\/?p=12721","title":{"rendered":"Gratulujemy zwyci\u0119zcom szkolnego konkursu \u201eEuropa na talerzu\u201d!"},"content":{"rendered":"<p style=\"text-align: justify;\">Uczestnicy tegorocznej edycji konkursu \u201eEuropa na talerzu\u201d spr\u00f3bowali swoich si\u0142 przed kamer\u0105 prezentuj\u0105c przepisy w j\u0119zyku oryginalnym. Uczniowie wykazali si\u0119 znajomo\u015bci\u0105 kuchni regionalnej i tajnik\u00f3w produkcji filmowej, a tak\u017ce talentem j\u0119zykowym. Jeste\u015bmy pod wra\u017ceniem Waszych umiej\u0119tno\u015bci!<\/p>\n<p style=\"text-align: justify;\">Z przyjemno\u015bci\u0105 og\u0142aszamy, \u017ce pierwsze miejsce zaj\u0119\u0142y <strong>Gabriela Jankowicz<\/strong> i <strong>Janina G\u0105sowska<\/strong> z klasy 2d z przepisem na Kartoffelsalat. Zwyci\u0119ski film dost\u0119pny jest pod poni\u017cszym linkiem: <a href=\"https:\/\/www.youtube.com\/watch?v=LHwOI1bnkcE\">https:\/\/www.youtube.com\/watch?v=LHwOI1bnkcE<\/a><\/p>\n<p style=\"text-align: justify;\">Drugie miejsce zaj\u0119\u0142y uczennice z kl. 2c: <strong>Oliwia Huntemann<\/strong> i <strong>Dominika Sarga<\/strong>, kt\u00f3rych film mo\u017cna zobaczy\u0107 tutaj<strong> \u00a0<\/strong><a href=\"https:\/\/www.youtube.com\/watch?v=ObWEi1c7H2Y\" target=\"_blank\" data-saferedirecturl=\"https:\/\/www.google.com\/url?q=https:\/\/www.youtube.com\/watch?v%3DObWEi1c7H2Y&amp;source=gmail&amp;ust=1644071497232000&amp;usg=AOvVaw2tgG8vetG_PYQ8rl1-mbsR\">https:\/\/www.youtube.com\/watch?v=ObWEi1c7H2Y<\/a><\/p>\n<p style=\"text-align: justify;\">\n<p style=\"text-align: justify;\">Dzi\u0119kujemy i serdecznie gratulujemy wszystkim uczestnikom!<\/p>\n<p style=\"text-align: right;\"><em>Organizator konkursu: mgr Paulina Le\u015bniak, 04.02.2022<\/em><\/p>\n","protected":false},"excerpt":{"rendered":"<p>Uczestnicy tegorocznej edycji konkursu \u201eEuropa na talerzu\u201d spr\u00f3bowali swoich si\u0142 przed kamer\u0105 prezentuj\u0105c przepisy w j\u0119zyku oryginalnym. Uczniowie wykazali si\u0119 znajomo\u015bci\u0105 kuchni regionalnej i tajnik\u00f3w produkcji filmowej, a tak\u017ce talentem j\u0119zykowym. Jeste\u015bmy pod wra\u017ceniem Waszych umiej\u0119tno\u015bci! Z przyjemno\u015bci\u0105 og\u0142aszamy, \u017ce pierwsze miejsce zaj\u0119\u0142y Gabriela Jankowicz i Janina G\u0105sowska z klasy 2d z przepisem na Kartoffelsalat. Zwyci\u0119ski film dost\u0119pny jest pod poni\u017cszym linkiem: https:\/\/www.youtube.com\/watch?v=LHwOI1bnkcE Drugie miejsce zaj\u0119\u0142y uczennice z kl. 2c: Oliwia Huntemann i Dominika Sarga, kt\u00f3rych film mo\u017cna zobaczy\u0107 tutaj \u00a0https:\/\/www.youtube.com\/watch?v=ObWEi1c7H2Y Dzi\u0119kujemy i serdecznie gratulujemy wszystkim uczestnikom! Organizator konkursu: mgr Paulina Le\u015bniak, 04.02.2022<\/p>\n","protected":false},"author":5,"featured_media":12722,"comment_status":"closed","ping_status":"closed","sticky":false,"template":"","format":"standard","meta":[],"categories":[1],"tags":[],"_links":{"self":[{"href":"https:\/\/www.wroblewski.krakow.pl\/index.php?rest_route=\/wp\/v2\/posts\/12721"}],"collection":[{"href":"https:\/\/www.wroblewski.krakow.pl\/index.php?rest_route=\/wp\/v2\/posts"}],"about":[{"href":"https:\/\/www.wroblewski.krakow.pl\/index.php?rest_route=\/wp\/v2\/types\/post"}],"author":[{"embeddable":true,"href":"https:\/\/www.wroblewski.krakow.pl\/index.php?rest_route=\/wp\/v2\/users\/5"}],"replies":[{"embeddable":true,"href":"https:\/\/www.wroblewski.krakow.pl\/index.php?rest_route=%2Fwp%2Fv2%2Fcomments&post=12721"}],"version-history":[{"count":3,"href":"https:\/\/www.wroblewski.krakow.pl\/index.php?rest_route=\/wp\/v2\/posts\/12721\/revisions"}],"predecessor-version":[{"id":12725,"href":"https:\/\/www.wroblewski.krakow.pl\/index.php?rest_route=\/wp\/v2\/posts\/12721\/revisions\/12725"}],"wp:featuredmedia":[{"embeddable":true,"href":"https:\/\/www.wroblewski.krakow.pl\/index.php?rest_route=\/wp\/v2\/media\/12722"}],"wp:attachment":[{"href":"https:\/\/www.wroblewski.krakow.pl\/index.php?rest_route=%2Fwp%2Fv2%2Fmedia&parent=12721"}],"wp:term":[{"taxonomy":"category","embeddable":true,"href":"https:\/\/www.wroblewski.krakow.pl\/index.php?rest_route=%2Fwp%2Fv2%2Fcategories&post=12721"},{"taxonomy":"post_tag","embeddable":true,"href":"https:\/\/www.wroblewski.krakow.pl\/index.php?rest_route=%2Fwp%2Fv2%2Ftags&post=12721"}],"curies":[{"name":"wp","href":"https:\/\/api.w.org\/{rel}","templated":true}]}}