{"id":12927,"date":"2022-04-06T07:26:11","date_gmt":"2022-04-06T06:26:11","guid":{"rendered":"https:\/\/www.wroblewski.krakow.pl\/?p=12927"},"modified":"2022-04-06T09:47:13","modified_gmt":"2022-04-06T08:47:13","slug":"nagroda-im-antoniego-weyssenhoffa","status":"publish","type":"post","link":"https:\/\/www.wroblewski.krakow.pl\/?p=12927","title":{"rendered":"Nagroda im. Antoniego Weyssenhoffa"},"content":{"rendered":"<p style=\"text-align: justify;\">Prezydent Miasta Krakowa zaprasza m\u0142odzie\u017c do zg\u0142aszania kandydat\u00f3w do Nagrody im. Antoniego Weyssenhoffa dla os\u00f3b pracuj\u0105cych lub dzia\u0142aj\u0105cych na rzecz m\u0142odzie\u017cy.<\/p>\n<p style=\"text-align: justify;\">Nagrod\u0119 ustanowiono, <strong>by uhonorowa\u0107 osoby, kt\u00f3re z pasj\u0105 i zaanga\u017cowaniem pracuj\u0105 z m\u0142odzie\u017c\u0105<\/strong>. Laureatami mog\u0105 zosta\u0107: nauczyciele, harcmistrze, pracownicy \u015bwietlic \u015brodowiskowych i organizacji pozarz\u0105dowych, instruktorzy dom\u00f3w kultury, trenerzy, streetworkerzy i ludzie jeszcze wielu innych profesji.<\/p>\n<p style=\"text-align: justify;\">Prawo zg\u0142aszania kandydat\u00f3w przys\u0142uguje m\u0142odzie\u017cy w wieku 13-26 lat.<br \/>\nTermin zg\u0142aszania up\u0142ywa\u00a0<b>29 kwietnia br<\/b>.<br \/>\nUhonorujmy tych, kt\u00f3rzy z pasj\u0105 i talentem pracuj\u0105 z m\u0142odzie\u017c\u0105 w Krakowie.<\/p>\n<p><a href=\"https:\/\/mlodziez.krakow.pl\/2022\/02\/21\/znasz-osoby-dzialajace-na-rzecz-mlodziezy-w-krakowie-zglos-je-do-nagrody-im-antoniego-weyssenhoffa\/\"><b>Regulamin Nagrody i formularz zg\u0142oszeniowy &gt;&gt;&gt;<\/b><\/a><\/p>\n<p style=\"text-align: right;\"><em>Krak\u00f3w, 06.04.2022 r., mgr Dzianis Sukhavarau<\/em><\/p>\n","protected":false},"excerpt":{"rendered":"<p>Prezydent Miasta Krakowa zaprasza m\u0142odzie\u017c do zg\u0142aszania kandydat\u00f3w do Nagrody im. Antoniego Weyssenhoffa dla os\u00f3b pracuj\u0105cych lub dzia\u0142aj\u0105cych na rzecz m\u0142odzie\u017cy. Nagrod\u0119 ustanowiono, by uhonorowa\u0107 osoby, kt\u00f3re z pasj\u0105 i zaanga\u017cowaniem pracuj\u0105 z m\u0142odzie\u017c\u0105. Laureatami mog\u0105 zosta\u0107: nauczyciele, harcmistrze, pracownicy \u015bwietlic \u015brodowiskowych i organizacji pozarz\u0105dowych, instruktorzy dom\u00f3w kultury, trenerzy, streetworkerzy i ludzie jeszcze wielu innych profesji. Prawo zg\u0142aszania kandydat\u00f3w przys\u0142uguje m\u0142odzie\u017cy w wieku 13-26 lat. Termin zg\u0142aszania up\u0142ywa\u00a029 kwietnia br. Uhonorujmy tych, kt\u00f3rzy z pasj\u0105 i talentem pracuj\u0105 z m\u0142odzie\u017c\u0105 w Krakowie. Regulamin Nagrody i formularz zg\u0142oszeniowy &gt;&gt;&gt; Krak\u00f3w, 06.04.2022 r., mgr Dzianis Sukhavarau<\/p>\n","protected":false},"author":5,"featured_media":12928,"comment_status":"closed","ping_status":"closed","sticky":false,"template":"","format":"standard","meta":[],"categories":[1],"tags":[],"_links":{"self":[{"href":"https:\/\/www.wroblewski.krakow.pl\/index.php?rest_route=\/wp\/v2\/posts\/12927"}],"collection":[{"href":"https:\/\/www.wroblewski.krakow.pl\/index.php?rest_route=\/wp\/v2\/posts"}],"about":[{"href":"https:\/\/www.wroblewski.krakow.pl\/index.php?rest_route=\/wp\/v2\/types\/post"}],"author":[{"embeddable":true,"href":"https:\/\/www.wroblewski.krakow.pl\/index.php?rest_route=\/wp\/v2\/users\/5"}],"replies":[{"embeddable":true,"href":"https:\/\/www.wroblewski.krakow.pl\/index.php?rest_route=%2Fwp%2Fv2%2Fcomments&post=12927"}],"version-history":[{"count":4,"href":"https:\/\/www.wroblewski.krakow.pl\/index.php?rest_route=\/wp\/v2\/posts\/12927\/revisions"}],"predecessor-version":[{"id":12938,"href":"https:\/\/www.wroblewski.krakow.pl\/index.php?rest_route=\/wp\/v2\/posts\/12927\/revisions\/12938"}],"wp:featuredmedia":[{"embeddable":true,"href":"https:\/\/www.wroblewski.krakow.pl\/index.php?rest_route=\/wp\/v2\/media\/12928"}],"wp:attachment":[{"href":"https:\/\/www.wroblewski.krakow.pl\/index.php?rest_route=%2Fwp%2Fv2%2Fmedia&parent=12927"}],"wp:term":[{"taxonomy":"category","embeddable":true,"href":"https:\/\/www.wroblewski.krakow.pl\/index.php?rest_route=%2Fwp%2Fv2%2Fcategories&post=12927"},{"taxonomy":"post_tag","embeddable":true,"href":"https:\/\/www.wroblewski.krakow.pl\/index.php?rest_route=%2Fwp%2Fv2%2Ftags&post=12927"}],"curies":[{"name":"wp","href":"https:\/\/api.w.org\/{rel}","templated":true}]}}