{"id":1306,"date":"2014-09-18T18:28:58","date_gmt":"2014-09-18T17:28:58","guid":{"rendered":"https:\/\/www.wroblewski.krakow.pl\/?p=1306"},"modified":"2014-09-18T18:30:19","modified_gmt":"2014-09-18T17:30:19","slug":"adrian-masny-trzykrotnie-na-podium-w-pucharze-polski-w-zjezdzie-mtb-downhill","status":"publish","type":"post","link":"https:\/\/www.wroblewski.krakow.pl\/?p=1306","title":{"rendered":"Adrian Masny trzykrotnie na podium w Pucharze Polski w zje\u017adzie MTB Downhill"},"content":{"rendered":"<p>Ucze\u0144 klasy III b \u2013 <strong>Adrian Masny<\/strong> \u2013 znacznie poszerzy\u0142 kolekcj\u0119 medali w zje\u017adzie MTB Downhill. W konkursie rozegranym w Czarnej G\u00f3rze (21.-22.06.2014) zaj\u0105\u0142 trzecie miejsce, w Zawoi (06.-06.07.2014) by\u0142 drugi, w Ustroniu (13.07.2014) uplasowa\u0142 si\u0119 na czwartej pozycji, w Brennej (17.08.2014) znowu by\u0142 drugi a w Lubogoszczy (24.08.2014) ponownie stan\u0105\u0142 na podium zajmuj\u0105c trzecie miejsce. Minione wakacje by\u0142y zatem dla naszego ucznia bardzo pracowitym okresem i r\u00f3wnocze\u015bnie pe\u0142nym sukces\u00f3w. Gratulujemy!<\/p>\n<p>&nbsp;<\/p>\n<p style=\"text-align: right;\"><em>APP, 18 wrze\u015bnia 2014 r.<\/em><\/p>\n","protected":false},"excerpt":{"rendered":"<p>Ucze\u0144 klasy III b \u2013 Adrian Masny \u2013 znacznie poszerzy\u0142 kolekcj\u0119 medali w zje\u017adzie MTB Downhill. W konkursie rozegranym w Czarnej G\u00f3rze (21.-22.06.2014) zaj\u0105\u0142 trzecie miejsce, w Zawoi (06.-06.07.2014) by\u0142 drugi, w Ustroniu (13.07.2014) uplasowa\u0142 si\u0119 na czwartej pozycji, w Brennej (17.08.2014) znowu by\u0142 drugi a w Lubogoszczy (24.08.2014) ponownie stan\u0105\u0142 na podium zajmuj\u0105c trzecie miejsce. Minione wakacje by\u0142y zatem dla naszego ucznia bardzo pracowitym okresem i r\u00f3wnocze\u015bnie pe\u0142nym sukces\u00f3w. Gratulujemy! &nbsp; APP, 18 wrze\u015bnia 2014 r.<\/p>\n","protected":false},"author":6,"featured_media":1307,"comment_status":"closed","ping_status":"closed","sticky":false,"template":"","format":"standard","meta":[],"categories":[1],"tags":[],"_links":{"self":[{"href":"https:\/\/www.wroblewski.krakow.pl\/index.php?rest_route=\/wp\/v2\/posts\/1306"}],"collection":[{"href":"https:\/\/www.wroblewski.krakow.pl\/index.php?rest_route=\/wp\/v2\/posts"}],"about":[{"href":"https:\/\/www.wroblewski.krakow.pl\/index.php?rest_route=\/wp\/v2\/types\/post"}],"author":[{"embeddable":true,"href":"https:\/\/www.wroblewski.krakow.pl\/index.php?rest_route=\/wp\/v2\/users\/6"}],"replies":[{"embeddable":true,"href":"https:\/\/www.wroblewski.krakow.pl\/index.php?rest_route=%2Fwp%2Fv2%2Fcomments&post=1306"}],"version-history":[{"count":2,"href":"https:\/\/www.wroblewski.krakow.pl\/index.php?rest_route=\/wp\/v2\/posts\/1306\/revisions"}],"predecessor-version":[{"id":1309,"href":"https:\/\/www.wroblewski.krakow.pl\/index.php?rest_route=\/wp\/v2\/posts\/1306\/revisions\/1309"}],"wp:featuredmedia":[{"embeddable":true,"href":"https:\/\/www.wroblewski.krakow.pl\/index.php?rest_route=\/wp\/v2\/media\/1307"}],"wp:attachment":[{"href":"https:\/\/www.wroblewski.krakow.pl\/index.php?rest_route=%2Fwp%2Fv2%2Fmedia&parent=1306"}],"wp:term":[{"taxonomy":"category","embeddable":true,"href":"https:\/\/www.wroblewski.krakow.pl\/index.php?rest_route=%2Fwp%2Fv2%2Fcategories&post=1306"},{"taxonomy":"post_tag","embeddable":true,"href":"https:\/\/www.wroblewski.krakow.pl\/index.php?rest_route=%2Fwp%2Fv2%2Ftags&post=1306"}],"curies":[{"name":"wp","href":"https:\/\/api.w.org\/{rel}","templated":true}]}}