{"id":1342,"date":"2014-09-30T22:05:24","date_gmt":"2014-09-30T21:05:24","guid":{"rendered":"https:\/\/www.wroblewski.krakow.pl\/?p=1342"},"modified":"2014-09-30T22:05:24","modified_gmt":"2014-09-30T21:05:24","slug":"klasa-2d-na-warsztatach-w-ogrodzie-botanicznym","status":"publish","type":"post","link":"https:\/\/www.wroblewski.krakow.pl\/?p=1342","title":{"rendered":"Klasa 2d na warsztatach w Ogrodzie Botanicznym"},"content":{"rendered":"<p>Dnia 30 wrze\u015bnia 2014 r. uczniowie klasy 2d pod opiek\u0105 nauczyciela biologii Pani mgr Moniki Kuras wzi\u0119li udzia\u0142 w warsztatach z cyklu \u201eBotanika wszystkimi zmys\u0142ami\u201d w krakowskim Ogrodzie Botanicznym. Zaj\u0119cia wprowadzi\u0142y uczni\u00f3w w fascynuj\u0105cy \u015bwiat ro\u015blin, a pi\u0119kna i bogata w okazy przestrze\u0144 Ogrodu Botanicznego umo\u017cliwi\u0142a im bezpo\u015bredni kontakt oraz obserwacj\u0119 omawianych zagadnie\u0144. Poprzez ogl\u0105danie, dotykanie i eksperymentowanie uczniowie mogli do\u015bwiadczy\u0107 przyrody w pe\u0142nym tego s\u0142owa znaczeniu.<\/p>\n<p>Liceali\u015bci zwiedzili dwie szklarnie Ogrodu Botanicznego, w kt\u00f3rych znajduj\u0105 si\u0119 rzadkie okazy ro\u015blin z ca\u0142ego \u015bwiata m.in. kolekcja sagowc\u00f3w, kt\u00f3ra nale\u017cy do najwi\u0119kszych i najstarszych w naszej cz\u0119\u015bci Europy. Podczas pracy w grupach m\u0142odzie\u017c zapozna\u0142a si\u0119 z ciekawymi przyk\u0142adami koewolucji ro\u015blin i zwierz\u0105t oraz r\u00f3\u017cnymi sposobami zapylania. Uczniowie mogli zobaczy\u0107 ro\u015bliny z rodziny <i>Bombaceae<\/i> i <i>Bignoniaceae<\/i> &#8211; zapylane w nietypowy spos\u00f3b bo przez nietoperze. Zjawisko to wyst\u0119puje w krajach tropikalnych i bior\u0105 w nim udzia\u0142 tylko niekt\u00f3re gatunki nietoperzy \u017cywi\u0105ce si\u0119 nektarem kwiat\u00f3w. Kwiaty tych ro\u015blin nie s\u0105 barwne i otwieraj\u0105 si\u0119 tylko noc\u0105. M\u0142odzie\u017c mog\u0142a zobaczy\u0107 r\u00f3wnie\u017c charakterystyczne gatunki storczyk\u00f3w, kt\u00f3re wygl\u0105dem przypominaj\u0105 samice owad\u00f3w i straszaki \u2013 owady, kt\u00f3re upodabniaj\u0105 si\u0119 do ro\u015blin i wygl\u0105daj\u0105 jak li\u015bcie. Najbardziej jednak zaciekawi\u0142a uczni\u00f3w i pobudzi\u0142a do dyskusji kolekcja ro\u015blin owado\u017cernych (rosiczek, dzbanecznik\u00f3w i mucho\u0142\u00f3wek).<\/p>\n<p align=\"right\"><i>mgr Monika Kuras<\/i><\/p>\n<p align=\"right\">\n<p style=\"text-align: left;\" align=\"right\"><a href=\"https:\/\/www.wroblewski.krakow.pl\/wp-content\/uploads\/2014\/09\/klasa-2d-w-ogrodzie-botanicznym-30.09.141.jpg\"><img decoding=\"async\" loading=\"lazy\" width=\"300\" height=\"198\" class=\"alignleft size-medium wp-image-1344\" alt=\"klasa 2d w ogrodzie botanicznym 30.09.141\" src=\"https:\/\/www.wroblewski.krakow.pl\/wp-content\/uploads\/2014\/09\/klasa-2d-w-ogrodzie-botanicznym-30.09.141-300x198.jpg\" srcset=\"https:\/\/www.wroblewski.krakow.pl\/wp-content\/uploads\/2014\/09\/klasa-2d-w-ogrodzie-botanicznym-30.09.141-300x198.jpg 300w, https:\/\/www.wroblewski.krakow.pl\/wp-content\/uploads\/2014\/09\/klasa-2d-w-ogrodzie-botanicznym-30.09.141.jpg 1024w\" sizes=\"(max-width: 300px) 100vw, 300px\" \/><\/a><a href=\"https:\/\/www.wroblewski.krakow.pl\/wp-content\/uploads\/2014\/09\/klasa-2d-w-ogrodzie-botanicznym-30.09.143.jpg\"><img decoding=\"async\" loading=\"lazy\" width=\"300\" height=\"198\" class=\"alignleft size-medium wp-image-1345\" alt=\"klasa 2d w ogrodzie botanicznym 30.09.143\" src=\"https:\/\/www.wroblewski.krakow.pl\/wp-content\/uploads\/2014\/09\/klasa-2d-w-ogrodzie-botanicznym-30.09.143-300x198.jpg\" srcset=\"https:\/\/www.wroblewski.krakow.pl\/wp-content\/uploads\/2014\/09\/klasa-2d-w-ogrodzie-botanicznym-30.09.143-300x198.jpg 300w, https:\/\/www.wroblewski.krakow.pl\/wp-content\/uploads\/2014\/09\/klasa-2d-w-ogrodzie-botanicznym-30.09.143.jpg 1024w\" sizes=\"(max-width: 300px) 100vw, 300px\" \/><\/a><\/p>\n","protected":false},"excerpt":{"rendered":"<p>Dnia 30 wrze\u015bnia 2014 r. uczniowie klasy 2d pod opiek\u0105 nauczyciela biologii Pani mgr Moniki Kuras wzi\u0119li udzia\u0142 w warsztatach z cyklu \u201eBotanika wszystkimi zmys\u0142ami\u201d w krakowskim Ogrodzie Botanicznym. Zaj\u0119cia wprowadzi\u0142y uczni\u00f3w w fascynuj\u0105cy \u015bwiat ro\u015blin, a pi\u0119kna i bogata w okazy przestrze\u0144 Ogrodu Botanicznego umo\u017cliwi\u0142a im bezpo\u015bredni kontakt oraz obserwacj\u0119 omawianych zagadnie\u0144. Poprzez ogl\u0105danie, dotykanie i eksperymentowanie uczniowie mogli do\u015bwiadczy\u0107 przyrody w pe\u0142nym tego s\u0142owa znaczeniu. Liceali\u015bci zwiedzili dwie szklarnie Ogrodu Botanicznego, w kt\u00f3rych znajduj\u0105 si\u0119 rzadkie okazy ro\u015blin z ca\u0142ego \u015bwiata m.in. kolekcja sagowc\u00f3w, kt\u00f3ra nale\u017cy do najwi\u0119kszych i najstarszych w naszej cz\u0119\u015bci Europy. Podczas pracy w grupach [&hellip;]<\/p>\n","protected":false},"author":6,"featured_media":1343,"comment_status":"closed","ping_status":"closed","sticky":false,"template":"","format":"standard","meta":[],"categories":[1],"tags":[],"_links":{"self":[{"href":"https:\/\/www.wroblewski.krakow.pl\/index.php?rest_route=\/wp\/v2\/posts\/1342"}],"collection":[{"href":"https:\/\/www.wroblewski.krakow.pl\/index.php?rest_route=\/wp\/v2\/posts"}],"about":[{"href":"https:\/\/www.wroblewski.krakow.pl\/index.php?rest_route=\/wp\/v2\/types\/post"}],"author":[{"embeddable":true,"href":"https:\/\/www.wroblewski.krakow.pl\/index.php?rest_route=\/wp\/v2\/users\/6"}],"replies":[{"embeddable":true,"href":"https:\/\/www.wroblewski.krakow.pl\/index.php?rest_route=%2Fwp%2Fv2%2Fcomments&post=1342"}],"version-history":[{"count":1,"href":"https:\/\/www.wroblewski.krakow.pl\/index.php?rest_route=\/wp\/v2\/posts\/1342\/revisions"}],"predecessor-version":[{"id":1346,"href":"https:\/\/www.wroblewski.krakow.pl\/index.php?rest_route=\/wp\/v2\/posts\/1342\/revisions\/1346"}],"wp:featuredmedia":[{"embeddable":true,"href":"https:\/\/www.wroblewski.krakow.pl\/index.php?rest_route=\/wp\/v2\/media\/1343"}],"wp:attachment":[{"href":"https:\/\/www.wroblewski.krakow.pl\/index.php?rest_route=%2Fwp%2Fv2%2Fmedia&parent=1342"}],"wp:term":[{"taxonomy":"category","embeddable":true,"href":"https:\/\/www.wroblewski.krakow.pl\/index.php?rest_route=%2Fwp%2Fv2%2Fcategories&post=1342"},{"taxonomy":"post_tag","embeddable":true,"href":"https:\/\/www.wroblewski.krakow.pl\/index.php?rest_route=%2Fwp%2Fv2%2Ftags&post=1342"}],"curies":[{"name":"wp","href":"https:\/\/api.w.org\/{rel}","templated":true}]}}