{"id":13741,"date":"2022-10-04T10:31:06","date_gmt":"2022-10-04T09:31:06","guid":{"rendered":"https:\/\/www.wroblewski.krakow.pl\/?p=13741"},"modified":"2022-10-06T10:32:29","modified_gmt":"2022-10-06T09:32:29","slug":"wyjscie-klas-3c-i-4d-do-muzeum-anatomii-uniwersytetu-jagiellonskiego","status":"publish","type":"post","link":"https:\/\/www.wroblewski.krakow.pl\/?p=13741","title":{"rendered":"Wyj\u015bcie klas 3c i 4d do Muzeum Anatomii Uniwersytetu Jagiello\u0144skiego"},"content":{"rendered":"<p>W dniach 27 wrze\u015bnia i 4 pa\u017adziernika 2022 roku uczniowie &#8222;Wr\u00f3blewskiego&#8221; z klas 3c i 4d uczestniczyli w lekcji Anatomii w Muzeum Uniwersytetu Jagiello\u0144skiego, kt\u00f3re zawiera najwi\u0119cej zbior\u00f3w w Polsce i jest jednym z wi\u0119kszych w Europie. M\u0142odzie\u017c mia\u0142a okazj\u0119 wys\u0142ucha\u0107 kr\u00f3tkiego wyk\u0142adu na temat metod przygotowania preparat\u00f3w, historii muzeum i wybitnych postaci z nim zwi\u0105zanych (prof. Ludwika Teichmanna, prof. Jana Kusia i prof. Adama Bochenka).<\/p>\n<p>Muzeum dzieli si\u0119 na 3 sale otwarte dla zwiedzaj\u0105cych \u2013 pierwsza sala zawiera preparaty z dzia\u0142u osteologii, uczniowie ogl\u0105dali ko\u015bci, szkielety, czaszki; druga to \u201epreparaty mokre\u201d, gdzie mieli\u015bmy okazj\u0119 zobaczy\u0107 przekroje narz\u0105d\u00f3w, p\u0142ody z wadami rozwojowymi; trzecia sala ze wzgl\u0119du na zbiory jest najbardziej cenna, poniewa\u017c zawiera najstarsze zbiory muzeum.<\/p>\n<p>Zwiedzanie Muzeum Anatomii by\u0142o niesamowit\u0105 lekcj\u0105 szacunku dla nauki i ludzkiego \u017cycia. Zbiory s\u0142u\u017c\u0105 do tej pory jako pomoc dydaktyczna dla student\u00f3w m.in. Wydzia\u0142u Lekarskiego i Oddzia\u0142u Stomatologii Collegium Medicum UJ.<\/p>\n<p>Po uwa\u017cnym ich przestudiowaniu wszyscy byli\u015bmy zgodni, co do tego, \u017ce nawet najlepszy atlas nie jest w stanie zilustrowa\u0107 stopnia skomplikowania i odda\u0107 takiej dok\u0142adno\u015bci jakiej byli\u015bmy \u015bwiadkami uczestnicz\u0105c w lekcji na \u017cywo. Najwi\u0119ksze emocje towarzyszy\u0142y uczniom podczas ogl\u0105dania zbior\u00f3w w sali drugiej. Nie jest to typowa jednostka muzealna, ale na pewno wa\u017cny element edukacji i wiedzy o w\u0142asnym ciele. Dzi\u0119ki tej wizycie mogli\u015bmy przekona\u0107 si\u0119 o misterno\u015bci, niesamowitym spektaklu ewolucji, jakiej jeste\u015bmy cz\u0119\u015bci\u0105.<\/p>\n<p>Wyj\u015bcie zorganizowa\u0142y wychowawczynie klas: Pani mgr Marta Kandefer (3c) i Pani mgr Iwona Tekielak (4d), a opiek\u0119 wychowawcz\u0105 i merytoryczn\u0105 podczas wyj\u015b\u0107 pe\u0142ni\u0142a Pani mgr Magdalena Szymoniak, nauczycielka biologii.<\/p>\n<p align=\"right\"><i>Krak\u00f3w, 04.10.2022 r., mgr M. Szymoniak<\/i><\/p>\n<p align=\"right\">\n<p style=\"text-align: left;\" align=\"right\"><a href=\"https:\/\/www.wroblewski.krakow.pl\/wp-content\/uploads\/2022\/10\/2022-3c-muz-anatomii.jpg\"><img decoding=\"async\" loading=\"lazy\" width=\"300\" height=\"200\" class=\"alignleft size-medium wp-image-13743\" alt=\"2022 3c muz anatomii\" src=\"https:\/\/www.wroblewski.krakow.pl\/wp-content\/uploads\/2022\/10\/2022-3c-muz-anatomii-300x200.jpg\" srcset=\"https:\/\/www.wroblewski.krakow.pl\/wp-content\/uploads\/2022\/10\/2022-3c-muz-anatomii-300x200.jpg 300w, https:\/\/www.wroblewski.krakow.pl\/wp-content\/uploads\/2022\/10\/2022-3c-muz-anatomii.jpg 1024w\" sizes=\"(max-width: 300px) 100vw, 300px\" \/><\/a> <a href=\"https:\/\/www.wroblewski.krakow.pl\/wp-content\/uploads\/2022\/10\/2022-4d-muz-anatomii.jpg\"><img decoding=\"async\" loading=\"lazy\" width=\"300\" height=\"200\" class=\"alignleft size-medium wp-image-13744\" alt=\"2022 4d muz anatomii\" src=\"https:\/\/www.wroblewski.krakow.pl\/wp-content\/uploads\/2022\/10\/2022-4d-muz-anatomii-300x200.jpg\" srcset=\"https:\/\/www.wroblewski.krakow.pl\/wp-content\/uploads\/2022\/10\/2022-4d-muz-anatomii-300x200.jpg 300w, https:\/\/www.wroblewski.krakow.pl\/wp-content\/uploads\/2022\/10\/2022-4d-muz-anatomii.jpg 1024w\" sizes=\"(max-width: 300px) 100vw, 300px\" \/><\/a><\/p>\n","protected":false},"excerpt":{"rendered":"<p>W dniach 27 wrze\u015bnia i 4 pa\u017adziernika 2022 roku uczniowie &#8222;Wr\u00f3blewskiego&#8221; z klas 3c i 4d uczestniczyli w lekcji Anatomii w Muzeum Uniwersytetu Jagiello\u0144skiego, kt\u00f3re zawiera najwi\u0119cej zbior\u00f3w w Polsce i jest jednym z wi\u0119kszych w Europie. M\u0142odzie\u017c mia\u0142a okazj\u0119 wys\u0142ucha\u0107 kr\u00f3tkiego wyk\u0142adu na temat metod przygotowania preparat\u00f3w, historii muzeum i wybitnych postaci z nim zwi\u0105zanych (prof. Ludwika Teichmanna, prof. Jana Kusia i prof. Adama Bochenka). Muzeum dzieli si\u0119 na 3 sale otwarte dla zwiedzaj\u0105cych \u2013 pierwsza sala zawiera preparaty z dzia\u0142u osteologii, uczniowie ogl\u0105dali ko\u015bci, szkielety, czaszki; druga to \u201epreparaty mokre\u201d, gdzie mieli\u015bmy okazj\u0119 zobaczy\u0107 przekroje narz\u0105d\u00f3w, p\u0142ody z [&hellip;]<\/p>\n","protected":false},"author":2,"featured_media":13742,"comment_status":"closed","ping_status":"closed","sticky":false,"template":"","format":"standard","meta":[],"categories":[1],"tags":[],"_links":{"self":[{"href":"https:\/\/www.wroblewski.krakow.pl\/index.php?rest_route=\/wp\/v2\/posts\/13741"}],"collection":[{"href":"https:\/\/www.wroblewski.krakow.pl\/index.php?rest_route=\/wp\/v2\/posts"}],"about":[{"href":"https:\/\/www.wroblewski.krakow.pl\/index.php?rest_route=\/wp\/v2\/types\/post"}],"author":[{"embeddable":true,"href":"https:\/\/www.wroblewski.krakow.pl\/index.php?rest_route=\/wp\/v2\/users\/2"}],"replies":[{"embeddable":true,"href":"https:\/\/www.wroblewski.krakow.pl\/index.php?rest_route=%2Fwp%2Fv2%2Fcomments&post=13741"}],"version-history":[{"count":2,"href":"https:\/\/www.wroblewski.krakow.pl\/index.php?rest_route=\/wp\/v2\/posts\/13741\/revisions"}],"predecessor-version":[{"id":13746,"href":"https:\/\/www.wroblewski.krakow.pl\/index.php?rest_route=\/wp\/v2\/posts\/13741\/revisions\/13746"}],"wp:featuredmedia":[{"embeddable":true,"href":"https:\/\/www.wroblewski.krakow.pl\/index.php?rest_route=\/wp\/v2\/media\/13742"}],"wp:attachment":[{"href":"https:\/\/www.wroblewski.krakow.pl\/index.php?rest_route=%2Fwp%2Fv2%2Fmedia&parent=13741"}],"wp:term":[{"taxonomy":"category","embeddable":true,"href":"https:\/\/www.wroblewski.krakow.pl\/index.php?rest_route=%2Fwp%2Fv2%2Fcategories&post=13741"},{"taxonomy":"post_tag","embeddable":true,"href":"https:\/\/www.wroblewski.krakow.pl\/index.php?rest_route=%2Fwp%2Fv2%2Ftags&post=13741"}],"curies":[{"name":"wp","href":"https:\/\/api.w.org\/{rel}","templated":true}]}}