{"id":13903,"date":"2022-10-27T20:01:23","date_gmt":"2022-10-27T19:01:23","guid":{"rendered":"https:\/\/www.wroblewski.krakow.pl\/?p=13903"},"modified":"2022-10-28T09:06:02","modified_gmt":"2022-10-28T08:06:02","slug":"reprezentanci-wroblewskiego-w-biegu-sztafetowym-o-szable-kpt-stawarza-2","status":"publish","type":"post","link":"https:\/\/www.wroblewski.krakow.pl\/?p=13903","title":{"rendered":"Reprezentanci \u201eWr\u00f3blewskiego\u201d w biegu sztafetowym o Szabl\u0119 kpt. Stawarza"},"content":{"rendered":"<p>Dnia 27 pa\u017adziernika 2022 roku reprezentacja naszej szko\u0142y w sk\u0142adzie: <b>Oliwia Huntemann<\/b> (3c), <b>Szymon Olajossy<\/b> (3e), <b>Sofiia Levytska<\/b> (2a) i <b>Wojciech M\u0142ynarczyk<\/b> (2b) wzi\u0119\u0142a udzia\u0142 <b>w<\/b> presti\u017cowym krakowskim\u00a0\u00a0<b>biegu<\/b> sztafetowym na dystansie 4 x 600 metr\u00f3w <b>o Szabl\u0119 Kapitana Antoniego Stawarza<\/b>.<\/p>\n<p>Zawody zosta\u0142y przeprowadzone na stadionie lekkoatletycznym MOS Zach\u00f3d. Na 21 startuj\u0105cych ekip <b>nasi biegacze zaj\u0119li \u015bwietne &#8211; najwy\u017csze w historii szko\u0142y 7 miejsce z czasem 07:11.90<\/b> poprawiaj\u0105c wyra\u017anie czas i bardzo dobr\u0105 9 lokat\u0119 z poprzedniej edycji. Gratulacje dla naszej reprezentacji!<\/p>\n<p>Zg\u0142oszenie sztafety i selekcji reprezentant\u00f3w \u201eWr\u00f3blewskiego\u201d dokona\u0142 Pan mgr Piotr Pasieczny, opiek\u0119 nad m\u0142odzie\u017c\u0105 podczas zawod\u00f3w sprawowa\u0142a Pani mgr Teresa Kasprzyk.<\/p>\n<p>&nbsp;<\/p>\n<p align=\"right\"><i>Krak\u00f3w, 27.10.2022 r., mgr T. Kasprzyk, mgr P. Pasieczny,\u00a0<\/i><i>\u00a0nauczyciele wychowania fizycznego<\/i><\/p>\n<p style=\"text-align: left;\" align=\"right\"><a href=\"https:\/\/www.wroblewski.krakow.pl\/wp-content\/uploads\/2022\/10\/bieg-o-szable-2022-5.jpg\"><img decoding=\"async\" loading=\"lazy\" width=\"300\" height=\"200\" class=\"alignleft size-medium wp-image-13904\" alt=\"bieg o szable 2022 5\" src=\"https:\/\/www.wroblewski.krakow.pl\/wp-content\/uploads\/2022\/10\/bieg-o-szable-2022-5-300x200.jpg\" srcset=\"https:\/\/www.wroblewski.krakow.pl\/wp-content\/uploads\/2022\/10\/bieg-o-szable-2022-5-300x200.jpg 300w, https:\/\/www.wroblewski.krakow.pl\/wp-content\/uploads\/2022\/10\/bieg-o-szable-2022-5.jpg 1024w\" sizes=\"(max-width: 300px) 100vw, 300px\" \/><\/a><a href=\"https:\/\/www.wroblewski.krakow.pl\/wp-content\/uploads\/2022\/10\/bieg-o-szable-2022-2.jpg\"><img decoding=\"async\" loading=\"lazy\" width=\"300\" height=\"200\" class=\"alignleft size-medium wp-image-13905\" alt=\"bieg o szable 2022 2\" src=\"https:\/\/www.wroblewski.krakow.pl\/wp-content\/uploads\/2022\/10\/bieg-o-szable-2022-2-300x200.jpg\" srcset=\"https:\/\/www.wroblewski.krakow.pl\/wp-content\/uploads\/2022\/10\/bieg-o-szable-2022-2-300x200.jpg 300w, https:\/\/www.wroblewski.krakow.pl\/wp-content\/uploads\/2022\/10\/bieg-o-szable-2022-2.jpg 1024w\" sizes=\"(max-width: 300px) 100vw, 300px\" \/><\/a><a href=\"https:\/\/www.wroblewski.krakow.pl\/wp-content\/uploads\/2022\/10\/bieg-o-szable-2022-1.jpg\"><img decoding=\"async\" loading=\"lazy\" width=\"300\" height=\"200\" class=\"alignleft size-medium wp-image-13906\" alt=\"bieg o szable 2022 1\" src=\"https:\/\/www.wroblewski.krakow.pl\/wp-content\/uploads\/2022\/10\/bieg-o-szable-2022-1-300x200.jpg\" srcset=\"https:\/\/www.wroblewski.krakow.pl\/wp-content\/uploads\/2022\/10\/bieg-o-szable-2022-1-300x200.jpg 300w, https:\/\/www.wroblewski.krakow.pl\/wp-content\/uploads\/2022\/10\/bieg-o-szable-2022-1.jpg 1024w\" sizes=\"(max-width: 300px) 100vw, 300px\" \/><\/a><a href=\"https:\/\/www.wroblewski.krakow.pl\/wp-content\/uploads\/2022\/10\/bieg-o-szable-2022-4.jpg\"><img decoding=\"async\" loading=\"lazy\" width=\"300\" height=\"200\" class=\"alignleft size-medium wp-image-13907\" alt=\"bieg o szable 2022 4\" src=\"https:\/\/www.wroblewski.krakow.pl\/wp-content\/uploads\/2022\/10\/bieg-o-szable-2022-4-300x200.jpg\" srcset=\"https:\/\/www.wroblewski.krakow.pl\/wp-content\/uploads\/2022\/10\/bieg-o-szable-2022-4-300x200.jpg 300w, https:\/\/www.wroblewski.krakow.pl\/wp-content\/uploads\/2022\/10\/bieg-o-szable-2022-4.jpg 1024w\" sizes=\"(max-width: 300px) 100vw, 300px\" \/><\/a><\/p>\n","protected":false},"excerpt":{"rendered":"<p>Dnia 27 pa\u017adziernika 2022 roku reprezentacja naszej szko\u0142y w sk\u0142adzie: Oliwia Huntemann (3c), Szymon Olajossy (3e), Sofiia Levytska (2a) i Wojciech M\u0142ynarczyk (2b) wzi\u0119\u0142a udzia\u0142 w presti\u017cowym krakowskim\u00a0\u00a0biegu sztafetowym na dystansie 4 x 600 metr\u00f3w o Szabl\u0119 Kapitana Antoniego Stawarza. Zawody zosta\u0142y przeprowadzone na stadionie lekkoatletycznym MOS Zach\u00f3d. Na 21 startuj\u0105cych ekip nasi biegacze zaj\u0119li \u015bwietne &#8211; najwy\u017csze w historii szko\u0142y 7 miejsce z czasem 07:11.90 poprawiaj\u0105c wyra\u017anie czas i bardzo dobr\u0105 9 lokat\u0119 z poprzedniej edycji. Gratulacje dla naszej reprezentacji! Zg\u0142oszenie sztafety i selekcji reprezentant\u00f3w \u201eWr\u00f3blewskiego\u201d dokona\u0142 Pan mgr Piotr Pasieczny, opiek\u0119 nad m\u0142odzie\u017c\u0105 podczas zawod\u00f3w sprawowa\u0142a Pani mgr [&hellip;]<\/p>\n","protected":false},"author":2,"featured_media":13908,"comment_status":"closed","ping_status":"closed","sticky":false,"template":"","format":"standard","meta":[],"categories":[1],"tags":[],"_links":{"self":[{"href":"https:\/\/www.wroblewski.krakow.pl\/index.php?rest_route=\/wp\/v2\/posts\/13903"}],"collection":[{"href":"https:\/\/www.wroblewski.krakow.pl\/index.php?rest_route=\/wp\/v2\/posts"}],"about":[{"href":"https:\/\/www.wroblewski.krakow.pl\/index.php?rest_route=\/wp\/v2\/types\/post"}],"author":[{"embeddable":true,"href":"https:\/\/www.wroblewski.krakow.pl\/index.php?rest_route=\/wp\/v2\/users\/2"}],"replies":[{"embeddable":true,"href":"https:\/\/www.wroblewski.krakow.pl\/index.php?rest_route=%2Fwp%2Fv2%2Fcomments&post=13903"}],"version-history":[{"count":2,"href":"https:\/\/www.wroblewski.krakow.pl\/index.php?rest_route=\/wp\/v2\/posts\/13903\/revisions"}],"predecessor-version":[{"id":13910,"href":"https:\/\/www.wroblewski.krakow.pl\/index.php?rest_route=\/wp\/v2\/posts\/13903\/revisions\/13910"}],"wp:featuredmedia":[{"embeddable":true,"href":"https:\/\/www.wroblewski.krakow.pl\/index.php?rest_route=\/wp\/v2\/media\/13908"}],"wp:attachment":[{"href":"https:\/\/www.wroblewski.krakow.pl\/index.php?rest_route=%2Fwp%2Fv2%2Fmedia&parent=13903"}],"wp:term":[{"taxonomy":"category","embeddable":true,"href":"https:\/\/www.wroblewski.krakow.pl\/index.php?rest_route=%2Fwp%2Fv2%2Fcategories&post=13903"},{"taxonomy":"post_tag","embeddable":true,"href":"https:\/\/www.wroblewski.krakow.pl\/index.php?rest_route=%2Fwp%2Fv2%2Ftags&post=13903"}],"curies":[{"name":"wp","href":"https:\/\/api.w.org\/{rel}","templated":true}]}}