{"id":14365,"date":"2023-01-19T17:53:17","date_gmt":"2023-01-19T16:53:17","guid":{"rendered":"https:\/\/www.wroblewski.krakow.pl\/?p=14365"},"modified":"2023-01-19T17:53:17","modified_gmt":"2023-01-19T16:53:17","slug":"mecz-towarzyski-koszykarzy-wroblewskiego-ze-szkola-the-international-school-of-krakow","status":"publish","type":"post","link":"https:\/\/www.wroblewski.krakow.pl\/?p=14365","title":{"rendered":"Mecz towarzyski koszykarzy \u201eWr\u00f3blewskiego\u201d ze szko\u0142\u0105 The International School of Krak\u00f3w"},"content":{"rendered":"<p>W dniu 18 stycznia 2023 roku <b>reprezentacja koszykarzy naszej szko\u0142y w sk\u0142adzie: \u0141ukasz Niepsuj 3b, Szymon Olajossy 3e, Kamil Miazga 3b, Micha\u0142 Wr\u00f3bel 4b, Karol Dusza 4b, Piotr W\u00f3jtowicz 4e i Tadeusz Pieczarkowski 4e<\/b> rozegra\u0142a wyjazdowy mecz towarzyski z dru\u017cyn\u0105 szko\u0142y mi\u0119dzynarodowej z The International School of Krak\u00f3w.<\/p>\n<p>Mecz mia\u0142 bardzo wyr\u00f3wnany przebieg, dominowa\u0142a bardzo fizyczna, ale prowadzona w duchu fair play sportowa walka, po kt\u00f3rej to zawodnicy \u201eWr\u00f3blewskiego\u201d mogli cieszy\u0107 si\u0119 zwyci\u0119stwem 35:32.<\/p>\n<p>Wst\u0119pnie zaplanowany jest ju\u017c mecz rewan\u017cowy pomi\u0119dzy obiema szko\u0142ami, w kt\u00f3rym zmierz\u0105 si\u0119 reprezentacje siatkarek.<\/p>\n<p>Mecz zorganizowali: Pan Piotr Pasieczny (IX LO) i Pan Marcos Garcia-Page (ISK).<\/p>\n<p align=\"right\"><i>Krak\u00f3w, 19.01.2023 r. mgr Piotr Pasieczny<\/i><\/p>\n<p style=\"text-align: left;\" align=\"right\"><a href=\"https:\/\/www.wroblewski.krakow.pl\/wp-content\/uploads\/2023\/01\/koszyk\u00f3wka-18.01.2.jpg\"><img decoding=\"async\" loading=\"lazy\" width=\"300\" height=\"200\" class=\"alignleft size-medium wp-image-14366\" alt=\"koszyk\u00f3wka 18.01.2\" src=\"https:\/\/www.wroblewski.krakow.pl\/wp-content\/uploads\/2023\/01\/koszyk\u00f3wka-18.01.2-300x200.jpg\" srcset=\"https:\/\/www.wroblewski.krakow.pl\/wp-content\/uploads\/2023\/01\/koszyk\u00f3wka-18.01.2-300x200.jpg 300w, https:\/\/www.wroblewski.krakow.pl\/wp-content\/uploads\/2023\/01\/koszyk\u00f3wka-18.01.2.jpg 1024w\" sizes=\"(max-width: 300px) 100vw, 300px\" \/><\/a><a href=\"https:\/\/www.wroblewski.krakow.pl\/wp-content\/uploads\/2023\/01\/koszyk\u00f3wka-18.01.3.jpg\"><img decoding=\"async\" loading=\"lazy\" width=\"300\" height=\"200\" class=\"alignleft size-medium wp-image-14367\" alt=\"koszyk\u00f3wka 18.01.3\" src=\"https:\/\/www.wroblewski.krakow.pl\/wp-content\/uploads\/2023\/01\/koszyk\u00f3wka-18.01.3-300x200.jpg\" srcset=\"https:\/\/www.wroblewski.krakow.pl\/wp-content\/uploads\/2023\/01\/koszyk\u00f3wka-18.01.3-300x200.jpg 300w, https:\/\/www.wroblewski.krakow.pl\/wp-content\/uploads\/2023\/01\/koszyk\u00f3wka-18.01.3.jpg 1024w\" sizes=\"(max-width: 300px) 100vw, 300px\" \/><\/a><a href=\"https:\/\/www.wroblewski.krakow.pl\/wp-content\/uploads\/2023\/01\/koszyk\u00f3wka-18.01.4.jpg\"><img decoding=\"async\" loading=\"lazy\" width=\"300\" height=\"200\" class=\"alignleft size-medium wp-image-14368\" alt=\"koszyk\u00f3wka 18.01.4\" src=\"https:\/\/www.wroblewski.krakow.pl\/wp-content\/uploads\/2023\/01\/koszyk\u00f3wka-18.01.4-300x200.jpg\" srcset=\"https:\/\/www.wroblewski.krakow.pl\/wp-content\/uploads\/2023\/01\/koszyk\u00f3wka-18.01.4-300x200.jpg 300w, https:\/\/www.wroblewski.krakow.pl\/wp-content\/uploads\/2023\/01\/koszyk\u00f3wka-18.01.4.jpg 1024w\" sizes=\"(max-width: 300px) 100vw, 300px\" \/><\/a><a href=\"https:\/\/www.wroblewski.krakow.pl\/wp-content\/uploads\/2023\/01\/koszyk\u00f3wka-18.01.1.jpg\"><img decoding=\"async\" loading=\"lazy\" width=\"300\" height=\"200\" class=\"alignleft size-medium wp-image-14369\" alt=\"koszyk\u00f3wka 18.01.1\" src=\"https:\/\/www.wroblewski.krakow.pl\/wp-content\/uploads\/2023\/01\/koszyk\u00f3wka-18.01.1-300x200.jpg\" srcset=\"https:\/\/www.wroblewski.krakow.pl\/wp-content\/uploads\/2023\/01\/koszyk\u00f3wka-18.01.1-300x200.jpg 300w, https:\/\/www.wroblewski.krakow.pl\/wp-content\/uploads\/2023\/01\/koszyk\u00f3wka-18.01.1.jpg 1024w\" sizes=\"(max-width: 300px) 100vw, 300px\" \/><\/a><\/p>\n","protected":false},"excerpt":{"rendered":"<p>W dniu 18 stycznia 2023 roku reprezentacja koszykarzy naszej szko\u0142y w sk\u0142adzie: \u0141ukasz Niepsuj 3b, Szymon Olajossy 3e, Kamil Miazga 3b, Micha\u0142 Wr\u00f3bel 4b, Karol Dusza 4b, Piotr W\u00f3jtowicz 4e i Tadeusz Pieczarkowski 4e rozegra\u0142a wyjazdowy mecz towarzyski z dru\u017cyn\u0105 szko\u0142y mi\u0119dzynarodowej z The International School of Krak\u00f3w. Mecz mia\u0142 bardzo wyr\u00f3wnany przebieg, dominowa\u0142a bardzo fizyczna, ale prowadzona w duchu fair play sportowa walka, po kt\u00f3rej to zawodnicy \u201eWr\u00f3blewskiego\u201d mogli cieszy\u0107 si\u0119 zwyci\u0119stwem 35:32. Wst\u0119pnie zaplanowany jest ju\u017c mecz rewan\u017cowy pomi\u0119dzy obiema szko\u0142ami, w kt\u00f3rym zmierz\u0105 si\u0119 reprezentacje siatkarek. Mecz zorganizowali: Pan Piotr Pasieczny (IX LO) i Pan Marcos Garcia-Page [&hellip;]<\/p>\n","protected":false},"author":2,"featured_media":14370,"comment_status":"closed","ping_status":"closed","sticky":false,"template":"","format":"standard","meta":[],"categories":[1],"tags":[],"_links":{"self":[{"href":"https:\/\/www.wroblewski.krakow.pl\/index.php?rest_route=\/wp\/v2\/posts\/14365"}],"collection":[{"href":"https:\/\/www.wroblewski.krakow.pl\/index.php?rest_route=\/wp\/v2\/posts"}],"about":[{"href":"https:\/\/www.wroblewski.krakow.pl\/index.php?rest_route=\/wp\/v2\/types\/post"}],"author":[{"embeddable":true,"href":"https:\/\/www.wroblewski.krakow.pl\/index.php?rest_route=\/wp\/v2\/users\/2"}],"replies":[{"embeddable":true,"href":"https:\/\/www.wroblewski.krakow.pl\/index.php?rest_route=%2Fwp%2Fv2%2Fcomments&post=14365"}],"version-history":[{"count":2,"href":"https:\/\/www.wroblewski.krakow.pl\/index.php?rest_route=\/wp\/v2\/posts\/14365\/revisions"}],"predecessor-version":[{"id":14372,"href":"https:\/\/www.wroblewski.krakow.pl\/index.php?rest_route=\/wp\/v2\/posts\/14365\/revisions\/14372"}],"wp:featuredmedia":[{"embeddable":true,"href":"https:\/\/www.wroblewski.krakow.pl\/index.php?rest_route=\/wp\/v2\/media\/14370"}],"wp:attachment":[{"href":"https:\/\/www.wroblewski.krakow.pl\/index.php?rest_route=%2Fwp%2Fv2%2Fmedia&parent=14365"}],"wp:term":[{"taxonomy":"category","embeddable":true,"href":"https:\/\/www.wroblewski.krakow.pl\/index.php?rest_route=%2Fwp%2Fv2%2Fcategories&post=14365"},{"taxonomy":"post_tag","embeddable":true,"href":"https:\/\/www.wroblewski.krakow.pl\/index.php?rest_route=%2Fwp%2Fv2%2Ftags&post=14365"}],"curies":[{"name":"wp","href":"https:\/\/api.w.org\/{rel}","templated":true}]}}