{"id":14532,"date":"2023-02-28T11:42:45","date_gmt":"2023-02-28T10:42:45","guid":{"rendered":"https:\/\/www.wroblewski.krakow.pl\/?p=14532"},"modified":"2023-03-01T11:47:08","modified_gmt":"2023-03-01T10:47:08","slug":"udzial-siatkarzy-wroblewskiego-w-turnieju-szkol-srednich-na-uek-u","status":"publish","type":"post","link":"https:\/\/www.wroblewski.krakow.pl\/?p=14532","title":{"rendered":"Udzia\u0142 siatkarzy \u201eWr\u00f3blewskiego\u201d w turnieju szk\u00f3\u0142 \u015brednich na UEK-u"},"content":{"rendered":"<p>Dnia 28 lutego 2023 roku <b>m\u0119ska reprezentacja IX LO<\/b> wyst\u0105pi\u0142a w turnieju pi\u0142ki siatkowej<b> \u201eUEK w formie \u2013\u00a0zosta\u0144 sportowcem naukowcem 2\u201d<\/b>.<\/p>\n<p>Nasi siatkarze rozegrali trzy mecze. Pokonali XLIV LO 2:0 oraz ulegli XXIII LO i p\u00f3\u017aniejszym triumfatorom turnieju VIII LO 0:2. Osi\u0105gni\u0119te rezultaty pozwoli\u0142y naszej dru\u017cynie uplasowa\u0107 si\u0119 na miejscach 5-6. Podczas rywalizacji panowa\u0142a dobra atmosfera, a nasi ch\u0142opcy zaprezentowali ducha walki i zespo\u0142owo\u015b\u0107. Poza aspektami sportowymi uczestnicy mieli okazj\u0119 zapozna\u0107 si\u0119 z kampusem oraz ofert\u0105 Uniwersytetu Ekonomicznego w Krakowie.<\/p>\n<p>\u201eWr\u00f3blewskiego\u201d w zawodach reprezentowali: <b>Krzysztof Nowak 4a, Maciej Pohl 4a, Tadeusz Pieczarkowski 4e, Jakub Jania 4e, Jan Suberlak 3a, Oleksii Lyshchenko 3b, Grzegorz Rajpold 3c, Szymon Olajossy 3e, Franciszek \u0141uksza 2b<\/b>. Zawodnik\u00f3w wyselekcjonowa\u0142 i zg\u0142osi\u0142 do turnieju Pan\u00a0<b>mgr Filip Studzi\u0144ski<\/b>, a podczas zawod\u00f3w zesp\u00f3\u0142 prowadzi\u0142 Pan\u00a0<b>mgr Piotr Pasieczny<\/b>.<\/p>\n<p align=\"right\"><i>Krak\u00f3w, 28.02.2023 r., mgr Piotr Pasieczny, nauczyciel wychowania fizycznego<\/i><\/p>\n<p style=\"text-align: left;\" align=\"right\"><a href=\"https:\/\/www.wroblewski.krakow.pl\/wp-content\/uploads\/2023\/03\/uek-siatkowka-ch\u0142-luty-3.jpg\"><img decoding=\"async\" loading=\"lazy\" width=\"300\" height=\"200\" class=\"alignleft size-medium wp-image-14534\" alt=\"uek siatkowka ch\u0142 luty 3\" src=\"https:\/\/www.wroblewski.krakow.pl\/wp-content\/uploads\/2023\/03\/uek-siatkowka-ch\u0142-luty-3-300x200.jpg\" srcset=\"https:\/\/www.wroblewski.krakow.pl\/wp-content\/uploads\/2023\/03\/uek-siatkowka-ch\u0142-luty-3-300x200.jpg 300w, https:\/\/www.wroblewski.krakow.pl\/wp-content\/uploads\/2023\/03\/uek-siatkowka-ch\u0142-luty-3.jpg 1024w\" sizes=\"(max-width: 300px) 100vw, 300px\" \/><\/a><a href=\"https:\/\/www.wroblewski.krakow.pl\/wp-content\/uploads\/2023\/03\/uek-siatkowka-ch\u0142-luty-2.jpg\"><img decoding=\"async\" loading=\"lazy\" width=\"300\" height=\"200\" class=\"alignleft size-medium wp-image-14535\" alt=\"uek siatkowka ch\u0142 luty 2\" src=\"https:\/\/www.wroblewski.krakow.pl\/wp-content\/uploads\/2023\/03\/uek-siatkowka-ch\u0142-luty-2-300x200.jpg\" srcset=\"https:\/\/www.wroblewski.krakow.pl\/wp-content\/uploads\/2023\/03\/uek-siatkowka-ch\u0142-luty-2-300x200.jpg 300w, https:\/\/www.wroblewski.krakow.pl\/wp-content\/uploads\/2023\/03\/uek-siatkowka-ch\u0142-luty-2.jpg 1024w\" sizes=\"(max-width: 300px) 100vw, 300px\" \/><\/a><a href=\"https:\/\/www.wroblewski.krakow.pl\/wp-content\/uploads\/2023\/03\/uek-siatkowka-ch\u0142-luty-1.jpg\"><img decoding=\"async\" loading=\"lazy\" width=\"300\" height=\"199\" class=\"alignleft size-medium wp-image-14536\" alt=\"uek siatkowka ch\u0142 luty 1\" src=\"https:\/\/www.wroblewski.krakow.pl\/wp-content\/uploads\/2023\/03\/uek-siatkowka-ch\u0142-luty-1-300x199.jpg\" srcset=\"https:\/\/www.wroblewski.krakow.pl\/wp-content\/uploads\/2023\/03\/uek-siatkowka-ch\u0142-luty-1-300x199.jpg 300w, https:\/\/www.wroblewski.krakow.pl\/wp-content\/uploads\/2023\/03\/uek-siatkowka-ch\u0142-luty-1.jpg 1024w\" sizes=\"(max-width: 300px) 100vw, 300px\" \/><\/a><\/p>\n","protected":false},"excerpt":{"rendered":"<p>Dnia 28 lutego 2023 roku m\u0119ska reprezentacja IX LO wyst\u0105pi\u0142a w turnieju pi\u0142ki siatkowej \u201eUEK w formie \u2013\u00a0zosta\u0144 sportowcem naukowcem 2\u201d. Nasi siatkarze rozegrali trzy mecze. Pokonali XLIV LO 2:0 oraz ulegli XXIII LO i p\u00f3\u017aniejszym triumfatorom turnieju VIII LO 0:2. Osi\u0105gni\u0119te rezultaty pozwoli\u0142y naszej dru\u017cynie uplasowa\u0107 si\u0119 na miejscach 5-6. Podczas rywalizacji panowa\u0142a dobra atmosfera, a nasi ch\u0142opcy zaprezentowali ducha walki i zespo\u0142owo\u015b\u0107. Poza aspektami sportowymi uczestnicy mieli okazj\u0119 zapozna\u0107 si\u0119 z kampusem oraz ofert\u0105 Uniwersytetu Ekonomicznego w Krakowie. \u201eWr\u00f3blewskiego\u201d w zawodach reprezentowali: Krzysztof Nowak 4a, Maciej Pohl 4a, Tadeusz Pieczarkowski 4e, Jakub Jania 4e, Jan Suberlak 3a, Oleksii [&hellip;]<\/p>\n","protected":false},"author":2,"featured_media":14533,"comment_status":"closed","ping_status":"closed","sticky":false,"template":"","format":"standard","meta":[],"categories":[1],"tags":[],"_links":{"self":[{"href":"https:\/\/www.wroblewski.krakow.pl\/index.php?rest_route=\/wp\/v2\/posts\/14532"}],"collection":[{"href":"https:\/\/www.wroblewski.krakow.pl\/index.php?rest_route=\/wp\/v2\/posts"}],"about":[{"href":"https:\/\/www.wroblewski.krakow.pl\/index.php?rest_route=\/wp\/v2\/types\/post"}],"author":[{"embeddable":true,"href":"https:\/\/www.wroblewski.krakow.pl\/index.php?rest_route=\/wp\/v2\/users\/2"}],"replies":[{"embeddable":true,"href":"https:\/\/www.wroblewski.krakow.pl\/index.php?rest_route=%2Fwp%2Fv2%2Fcomments&post=14532"}],"version-history":[{"count":2,"href":"https:\/\/www.wroblewski.krakow.pl\/index.php?rest_route=\/wp\/v2\/posts\/14532\/revisions"}],"predecessor-version":[{"id":14538,"href":"https:\/\/www.wroblewski.krakow.pl\/index.php?rest_route=\/wp\/v2\/posts\/14532\/revisions\/14538"}],"wp:featuredmedia":[{"embeddable":true,"href":"https:\/\/www.wroblewski.krakow.pl\/index.php?rest_route=\/wp\/v2\/media\/14533"}],"wp:attachment":[{"href":"https:\/\/www.wroblewski.krakow.pl\/index.php?rest_route=%2Fwp%2Fv2%2Fmedia&parent=14532"}],"wp:term":[{"taxonomy":"category","embeddable":true,"href":"https:\/\/www.wroblewski.krakow.pl\/index.php?rest_route=%2Fwp%2Fv2%2Fcategories&post=14532"},{"taxonomy":"post_tag","embeddable":true,"href":"https:\/\/www.wroblewski.krakow.pl\/index.php?rest_route=%2Fwp%2Fv2%2Ftags&post=14532"}],"curies":[{"name":"wp","href":"https:\/\/api.w.org\/{rel}","templated":true}]}}