{"id":14805,"date":"2023-04-17T13:05:22","date_gmt":"2023-04-17T12:05:22","guid":{"rendered":"https:\/\/www.wroblewski.krakow.pl\/?p=14805"},"modified":"2023-04-18T13:10:37","modified_gmt":"2023-04-18T12:10:37","slug":"mecz-towarzyski-siatkarek-wroblewskiego-z-the-international-school-of-krakow","status":"publish","type":"post","link":"https:\/\/www.wroblewski.krakow.pl\/?p=14805","title":{"rendered":"Mecz towarzyski siatkarek \u201eWr\u00f3blewskiego\u201d z The International School of Krak\u00f3w"},"content":{"rendered":"<p>W dniu 17 kwietnia 2023 roku rozegrany zosta\u0142 mecz pi\u0142ki siatkowej dziewcz\u0105t pomi\u0119dzy reprezentacjami IX LO i Szko\u0142y Mi\u0119dzynarodowej w Lusinie. Spotkanie zako\u0144czy\u0142o si\u0119 zwyci\u0119stwem naszej dru\u017cyny 3:0.<\/p>\n<p>&nbsp;<\/p>\n<p>Mecz by\u0142 okazj\u0105 do sportowego po\u017cegnania kilku dziewcz\u0105t z klas maturalnych, kt\u00f3re przez ostatnie lata reprezentowa\u0142y szko\u0142\u0119. Jednocze\u015bnie szans\u0119 na debiut i wywalczenie miejsca w siatkarskiej reprezentacji szko\u0142y dosta\u0142y m\u0142odsze zawodniczki. Kolejny mecz, tym razem wyjazdowy zaplanowany jest w po\u0142owie maja.<\/p>\n<p>&nbsp;<\/p>\n<p>\u201eWr\u00f3blewskiego\u201d reprezentowa\u0142y: <strong>Oliwia Beer, Weronika Kostek, Julianna Serafin, Dominika Tekielak (4c), Olga W\u0142oczewska 3e, Sofiia Levytska, Karolina Grzyb, Marta Zawadzi\u0144ska (2a), Izabela Boche\u0144ska, Karolina Baster (2b), Julia Zag\u00f3rna (2e), Diana Fisun, Ma\u0142gorzata Lewandowska (1b).<\/strong><\/p>\n<p>&nbsp;<\/p>\n<p>Mecz zorganizowali: Piotr Pasieczny (IX LO), Marcos Garcia-Page (ISK).<\/p>\n<p style=\"text-align: right;\" align=\"right\"><i>Krak\u00f3w, 17.04.2023 r. mgr Piotr Pasieczny<\/i><\/p>\n<p style=\"text-align: left;\" align=\"right\"><a href=\"https:\/\/www.wroblewski.krakow.pl\/wp-content\/uploads\/2023\/04\/siatka-17.04.2023-3.jpg\"><img decoding=\"async\" loading=\"lazy\" width=\"300\" height=\"123\" class=\"alignleft size-medium wp-image-14808\" alt=\"siatka 17.04.2023 3\" src=\"https:\/\/www.wroblewski.krakow.pl\/wp-content\/uploads\/2023\/04\/siatka-17.04.2023-3-300x123.jpg\" srcset=\"https:\/\/www.wroblewski.krakow.pl\/wp-content\/uploads\/2023\/04\/siatka-17.04.2023-3-300x123.jpg 300w, https:\/\/www.wroblewski.krakow.pl\/wp-content\/uploads\/2023\/04\/siatka-17.04.2023-3.jpg 1024w\" sizes=\"(max-width: 300px) 100vw, 300px\" \/><\/a><\/p>\n<p style=\"text-align: left;\" align=\"right\"><a href=\"https:\/\/www.wroblewski.krakow.pl\/wp-content\/uploads\/2023\/04\/siatka-17.04.2023-5.jpg\"><img decoding=\"async\" loading=\"lazy\" width=\"300\" height=\"180\" class=\"alignleft size-medium wp-image-14806\" alt=\"siatka 17.04.2023 5\" src=\"https:\/\/www.wroblewski.krakow.pl\/wp-content\/uploads\/2023\/04\/siatka-17.04.2023-5-300x180.jpg\" srcset=\"https:\/\/www.wroblewski.krakow.pl\/wp-content\/uploads\/2023\/04\/siatka-17.04.2023-5-300x180.jpg 300w, https:\/\/www.wroblewski.krakow.pl\/wp-content\/uploads\/2023\/04\/siatka-17.04.2023-5.jpg 1024w\" sizes=\"(max-width: 300px) 100vw, 300px\" \/><\/a><a href=\"https:\/\/www.wroblewski.krakow.pl\/wp-content\/uploads\/2023\/04\/siatka-17.04.2023-2.jpg\"><img decoding=\"async\" loading=\"lazy\" width=\"300\" height=\"173\" class=\"alignleft size-medium wp-image-14807\" alt=\"siatka 17.04.2023 2\" src=\"https:\/\/www.wroblewski.krakow.pl\/wp-content\/uploads\/2023\/04\/siatka-17.04.2023-2-300x173.jpg\" srcset=\"https:\/\/www.wroblewski.krakow.pl\/wp-content\/uploads\/2023\/04\/siatka-17.04.2023-2-300x173.jpg 300w, https:\/\/www.wroblewski.krakow.pl\/wp-content\/uploads\/2023\/04\/siatka-17.04.2023-2.jpg 1024w\" sizes=\"(max-width: 300px) 100vw, 300px\" \/><\/a><\/p>\n","protected":false},"excerpt":{"rendered":"<p>W dniu 17 kwietnia 2023 roku rozegrany zosta\u0142 mecz pi\u0142ki siatkowej dziewcz\u0105t pomi\u0119dzy reprezentacjami IX LO i Szko\u0142y Mi\u0119dzynarodowej w Lusinie. Spotkanie zako\u0144czy\u0142o si\u0119 zwyci\u0119stwem naszej dru\u017cyny 3:0. &nbsp; Mecz by\u0142 okazj\u0105 do sportowego po\u017cegnania kilku dziewcz\u0105t z klas maturalnych, kt\u00f3re przez ostatnie lata reprezentowa\u0142y szko\u0142\u0119. Jednocze\u015bnie szans\u0119 na debiut i wywalczenie miejsca w siatkarskiej reprezentacji szko\u0142y dosta\u0142y m\u0142odsze zawodniczki. Kolejny mecz, tym razem wyjazdowy zaplanowany jest w po\u0142owie maja. &nbsp; \u201eWr\u00f3blewskiego\u201d reprezentowa\u0142y: Oliwia Beer, Weronika Kostek, Julianna Serafin, Dominika Tekielak (4c), Olga W\u0142oczewska 3e, Sofiia Levytska, Karolina Grzyb, Marta Zawadzi\u0144ska (2a), Izabela Boche\u0144ska, Karolina Baster (2b), Julia Zag\u00f3rna (2e), [&hellip;]<\/p>\n","protected":false},"author":2,"featured_media":14809,"comment_status":"closed","ping_status":"closed","sticky":false,"template":"","format":"standard","meta":[],"categories":[1],"tags":[],"_links":{"self":[{"href":"https:\/\/www.wroblewski.krakow.pl\/index.php?rest_route=\/wp\/v2\/posts\/14805"}],"collection":[{"href":"https:\/\/www.wroblewski.krakow.pl\/index.php?rest_route=\/wp\/v2\/posts"}],"about":[{"href":"https:\/\/www.wroblewski.krakow.pl\/index.php?rest_route=\/wp\/v2\/types\/post"}],"author":[{"embeddable":true,"href":"https:\/\/www.wroblewski.krakow.pl\/index.php?rest_route=\/wp\/v2\/users\/2"}],"replies":[{"embeddable":true,"href":"https:\/\/www.wroblewski.krakow.pl\/index.php?rest_route=%2Fwp%2Fv2%2Fcomments&post=14805"}],"version-history":[{"count":2,"href":"https:\/\/www.wroblewski.krakow.pl\/index.php?rest_route=\/wp\/v2\/posts\/14805\/revisions"}],"predecessor-version":[{"id":14811,"href":"https:\/\/www.wroblewski.krakow.pl\/index.php?rest_route=\/wp\/v2\/posts\/14805\/revisions\/14811"}],"wp:featuredmedia":[{"embeddable":true,"href":"https:\/\/www.wroblewski.krakow.pl\/index.php?rest_route=\/wp\/v2\/media\/14809"}],"wp:attachment":[{"href":"https:\/\/www.wroblewski.krakow.pl\/index.php?rest_route=%2Fwp%2Fv2%2Fmedia&parent=14805"}],"wp:term":[{"taxonomy":"category","embeddable":true,"href":"https:\/\/www.wroblewski.krakow.pl\/index.php?rest_route=%2Fwp%2Fv2%2Fcategories&post=14805"},{"taxonomy":"post_tag","embeddable":true,"href":"https:\/\/www.wroblewski.krakow.pl\/index.php?rest_route=%2Fwp%2Fv2%2Ftags&post=14805"}],"curies":[{"name":"wp","href":"https:\/\/api.w.org\/{rel}","templated":true}]}}