{"id":15322,"date":"2023-06-10T12:10:18","date_gmt":"2023-06-10T11:10:18","guid":{"rendered":"https:\/\/www.wroblewski.krakow.pl\/?p=15322"},"modified":"2023-06-12T12:16:19","modified_gmt":"2023-06-12T11:16:19","slug":"jeszcze-slow-kilka-o-i-igrzyskach-miedzyszkolne-ix-l-vs-xvii-lo","status":"publish","type":"post","link":"https:\/\/www.wroblewski.krakow.pl\/?p=15322","title":{"rendered":"Jeszcze s\u0142\u00f3w kilka o I Igrzyskach Mi\u0119dzyszkolnych IX LO vs. XVII LO"},"content":{"rendered":"<p>W dniu 1 czerwca 2023 roku \u2013 w Dniu Dziecka \u2013 zamiast siedzie\u0107 w szkolnych \u0142awkach, zasiedli\u015bmy na trybunach Hali 100-lecia Cracovii, aby uczestniczy\u0107 w I Igrzyskach Mi\u0119dzyszkolnych IX LO vs. XVII LO. Dzi\u0119ki wparciu Dyrekcji i porozumieniu Samorz\u0105d\u00f3w Uczniowskich obu szk\u00f3\u0142 mogli\u015bmy ogl\u0105da\u0107 zawody sportowe z nieuniknion\u0105 dawk\u0105 rywalizacji, ale i \u015bwietnej zabawy! Na zawody zostali zaproszeni r\u00f3wnie\u017c przedstawiciele niekt\u00f3rych krakowskich lice\u00f3w z uwagi na wsp\u00f3\u0142prac\u0119 organizator\u00f3w w M\u0142odzie\u017cowej Radzie Krakowa, kt\u00f3ra patronowa\u0142a temu wydarzeniu!<\/p>\n<p>Emocje towarzyszy\u0142y nam od samego pocz\u0105tku, a zadbali o to ch\u0142opcy zmierzaj\u0105c si\u0119 w futsalu. Obie dru\u017cyny walczy\u0142y bardzo zaci\u0119cie. Nast\u0119pnie odby\u0142 si\u0119 mecz koszyk\u00f3wki dziewcz\u0105t i ch\u0142opc\u00f3w. Oczywi\u015bcie nie zabrak\u0142o meczu siatk\u00f3wki damskiej i m\u0119skiej. A na sam koniec mogli\u015bmy ogl\u0105da\u0107 mix uczniowie-nauczyciele! Tu doping chyba by\u0142 najg\u0142o\u015bniejszy<\/p>\n<p>Atmosfera by\u0142a wspania\u0142a, ju\u017c od samego pocz\u0105tku a\u017c do ko\u0144ca g\u0142o\u015bne okrzyki, werbel, przebrania i transparenty wpiera\u0142y zawodnik\u00f3w z obu szk\u00f3\u0142.<\/p>\n<p>Serdecznie gratulujemy zwyci\u0119stwa uczniom naszego liceum, a uczniom XVII liceum za wspania\u0142\u0105 rywalizacj\u0119!<\/p>\n<p>Mi\u0119dzy meczami o cz\u0119\u015b\u0107 artystyczn\u0105 zadbali sami uczniowie, a by\u0142y to wyst\u0119py cheerleaderek z XVII LO oraz pi\u0119kne g\u0142osy Viktorii Barko i Weroniki Basiagi z klasy 3e z IX LO. Ale to nie wszystko! By\u0142o du\u017co muzyki, kt\u00f3ra na koniec porwa\u0142a wszystkich uczni\u00f3w i nauczycieli do wsp\u00f3lnego ta\u0144ca \u201ebelgijki\u201d.<\/p>\n<p>Dzi\u0119ki wypiekom uczni\u00f3w zorganizowali\u015bmy kiermasz, z kt\u00f3rego wi\u0119ksz\u0105 cz\u0119\u015b\u0107 dochodu oba samorz\u0105dy wsp\u00f3ln\u0105 decyzj\u0105 przeznacz\u0105 na leczenie i rehabilitacj\u0119 Barta Karczewskiego. <a href=\"https:\/\/www.siepomaga.pl\/bartek-karczewski\">https:\/\/www.siepomaga.pl\/bartek-karczewski<\/a>.<\/p>\n<p>&nbsp;<\/p>\n<p>BARDZO DZI\u0118KUJEMY wszystkim, kt\u00f3rzy przyczynili si\u0119 do organizacji tego mi\u0142ego wydarzenia! Dyrekcji obu szk\u00f3\u0142, wychowawcom i nauczycielom przede wszystkim \u2013 nauczycielom WF, dyrekcji Hali 100-lecia za udost\u0119pnienie hali, uczniom dzia\u0142aj\u0105cym w Samorz\u0105dzie Uczniowskim i ich opiekunom, wszystkim wolontariuszom, kt\u00f3rych wsparcie by\u0142o bezcenne tego dnia, a tak\u017ce M\u0142odzie\u017cowej Radzie Krakowa za obj\u0119cie patronatem tego wydarzenia i WAM DRODZY UCZNIOWIE za obecno\u015b\u0107 i wsparcie w kibicowaniu!<\/p>\n<p>Mamy nadzieje, \u017ce wszyscy dobrze si\u0119 bawili!<\/p>\n<p align=\"right\"><i>Krak\u00f3w, 10.06.2023 r., mgr Ma\u0142gorzata B\u0119tkowska, opiekun SU, wsp\u00f3\u0142organizatorka igrzysk<\/i><\/p>\n","protected":false},"excerpt":{"rendered":"<p>W dniu 1 czerwca 2023 roku \u2013 w Dniu Dziecka \u2013 zamiast siedzie\u0107 w szkolnych \u0142awkach, zasiedli\u015bmy na trybunach Hali 100-lecia Cracovii, aby uczestniczy\u0107 w I Igrzyskach Mi\u0119dzyszkolnych IX LO vs. XVII LO. Dzi\u0119ki wparciu Dyrekcji i porozumieniu Samorz\u0105d\u00f3w Uczniowskich obu szk\u00f3\u0142 mogli\u015bmy ogl\u0105da\u0107 zawody sportowe z nieuniknion\u0105 dawk\u0105 rywalizacji, ale i \u015bwietnej zabawy! Na zawody zostali zaproszeni r\u00f3wnie\u017c przedstawiciele niekt\u00f3rych krakowskich lice\u00f3w z uwagi na wsp\u00f3\u0142prac\u0119 organizator\u00f3w w M\u0142odzie\u017cowej Radzie Krakowa, kt\u00f3ra patronowa\u0142a temu wydarzeniu! Emocje towarzyszy\u0142y nam od samego pocz\u0105tku, a zadbali o to ch\u0142opcy zmierzaj\u0105c si\u0119 w futsalu. Obie dru\u017cyny walczy\u0142y bardzo zaci\u0119cie. Nast\u0119pnie odby\u0142 si\u0119 mecz [&hellip;]<\/p>\n","protected":false},"author":2,"featured_media":15323,"comment_status":"closed","ping_status":"closed","sticky":false,"template":"","format":"standard","meta":[],"categories":[1],"tags":[],"_links":{"self":[{"href":"https:\/\/www.wroblewski.krakow.pl\/index.php?rest_route=\/wp\/v2\/posts\/15322"}],"collection":[{"href":"https:\/\/www.wroblewski.krakow.pl\/index.php?rest_route=\/wp\/v2\/posts"}],"about":[{"href":"https:\/\/www.wroblewski.krakow.pl\/index.php?rest_route=\/wp\/v2\/types\/post"}],"author":[{"embeddable":true,"href":"https:\/\/www.wroblewski.krakow.pl\/index.php?rest_route=\/wp\/v2\/users\/2"}],"replies":[{"embeddable":true,"href":"https:\/\/www.wroblewski.krakow.pl\/index.php?rest_route=%2Fwp%2Fv2%2Fcomments&post=15322"}],"version-history":[{"count":3,"href":"https:\/\/www.wroblewski.krakow.pl\/index.php?rest_route=\/wp\/v2\/posts\/15322\/revisions"}],"predecessor-version":[{"id":15326,"href":"https:\/\/www.wroblewski.krakow.pl\/index.php?rest_route=\/wp\/v2\/posts\/15322\/revisions\/15326"}],"wp:featuredmedia":[{"embeddable":true,"href":"https:\/\/www.wroblewski.krakow.pl\/index.php?rest_route=\/wp\/v2\/media\/15323"}],"wp:attachment":[{"href":"https:\/\/www.wroblewski.krakow.pl\/index.php?rest_route=%2Fwp%2Fv2%2Fmedia&parent=15322"}],"wp:term":[{"taxonomy":"category","embeddable":true,"href":"https:\/\/www.wroblewski.krakow.pl\/index.php?rest_route=%2Fwp%2Fv2%2Fcategories&post=15322"},{"taxonomy":"post_tag","embeddable":true,"href":"https:\/\/www.wroblewski.krakow.pl\/index.php?rest_route=%2Fwp%2Fv2%2Ftags&post=15322"}],"curies":[{"name":"wp","href":"https:\/\/api.w.org\/{rel}","templated":true}]}}