{"id":15562,"date":"2023-09-08T16:43:38","date_gmt":"2023-09-08T15:43:38","guid":{"rendered":"https:\/\/www.wroblewski.krakow.pl\/?p=15562"},"modified":"2023-09-11T16:47:23","modified_gmt":"2023-09-11T15:47:23","slug":"wroblewski-na-obchodach-dni-pamieci-ofiar-gestapo-2023","status":"publish","type":"post","link":"https:\/\/www.wroblewski.krakow.pl\/?p=15562","title":{"rendered":",,Wr\u00f3blewski\u201d na obchodach Dni Pami\u0119ci Ofiar Gestapo 2023"},"content":{"rendered":"<p><b>Muzeum <\/b><b>Historyczne Miasta <\/b><b>Krakowa przy ul. Pomorskiej<\/b> zorganizowa\u0142o po raz 17-ty obchody <b>Dni Pami\u0119ci Ofiar Gestapo<\/b>. Tegoroczna edycja obchod\u00f3w odby\u0142a si\u0119 w 80. rocznic\u0119 krwawej niemieckiej pacyfikacji Woli Justowskiej, kt\u00f3ra przeprowadzona zosta\u0142a przez policj\u0119 niemieck\u0105 w celu wykrycia tajnych drukarni na tym terenie. W jej efekcie rozstrzelano 21 os\u00f3b, a 80 wywieziono do KL Auschwitz.<\/p>\n<p>Program obchod\u00f3w jest po\u015bwi\u0119cony konspiracyjnym drukom, drukarniom oraz osobom zaanga\u017cowanym w wytwarzanie i dystrybuowanie prasy konspiracyjnej w Krakowie.<\/p>\n<p>Wydawane w podziemiu gazety i druki ulotne w okresie okupacji niemieckiej sta\u0142y si\u0119 wa\u017cnym or\u0119\u017cem walki o podtrzymanie wiary w odzyskanie niepodleg\u0142o\u015bci, a przede wszystkim jednym z istotniejszych \u017ar\u00f3de\u0142 informacji, kszta\u0142towania postaw obywatelskich i edukacji.\u00a0 Okupant w naszym mie\u015bcie bardzo si\u0119 tego obawia\u0142. Za konspiracyjn\u0105 prac\u0119 wydawnicz\u0105 grozi\u0142a kara \u015bmierci. Wielu krakowian z tego powodu zosta\u0142o rozstrzelanych lub wywiezionych do oboz\u00f3w koncentracyjnych.<\/p>\n<p>W obchodach wzi\u0119li udzia\u0142 przedstawiciele w\u0142adz pa\u0144stwowych i lokalnych, kombatanci, przedstawiciele konsulat\u00f3w S\u0142owenii i Republiki Federalnej Niemiec, kompania honorowa Wojska Polskiego, poczty sztandarowe Policji, Stra\u017cy Miejskiej oraz szk\u00f3\u0142 krakowskich.<\/p>\n<p>Nasze Liceum reprezentowali uczniowie z pocztu sztandarowego w sk\u0142adzie: <b>Szymon Zelek<\/b><b> (klasa 4<\/b><b>e<\/b><b>), <\/b><b>Wanesa<\/b><b> P<\/b><b>apie\u017c<\/b><b> i <\/b><b>Wiktoria<\/b><b> <\/b><b>Sobelga <\/b><b>(klasa<\/b><b> <\/b><b>4d)<\/b><b> oraz uczniowie klasy 1c<\/b><b> <\/b>pod opiek\u0105 nauczycieli historii,<b> <\/b><b>Pani mgr Ma\u0142gorzaty Nowakowskiej-Murzyn<\/b> oraz <strong>P<\/strong><b>ani mgr Jolanty Gurtat<\/b>.<\/p>\n<p>Warto podkre\u015bli\u0107, \u017ce patronami tegorocznych Dni Pami\u0119ci Ofiar Gestapo s\u0105:<\/p>\n<p><b>Tadeusz Ja\u0142ocha ps. ,,Kacper\u201d (1920 &#8211; 1944)<\/b> by\u0142 \u017co\u0142nierzem Armii Krajowej, pracownikiem Tajnych Wojskowych Zak\u0142ad\u00f3w Wydawniczych w Kosocicach oraz ich \u0142\u0105cznikiem i go\u0144cem. Bra\u0142 udzia\u0142 w przygotowaniu \u201elewego\u201d numeru gazety \u201eGoniec Krakowski\u201d w 1943 roku. Zosta\u0142 aresztowany 3 sierpnia 1944 roku, gdy wi\u00f3z\u0142 do drukarni w Kosocicach furmank\u0119 wype\u0142niona papierem. Wkr\u00f3tce zosta\u0142 za to przez Niemc\u00f3w zamordowany.<\/p>\n<p><b>Bronis\u0142aw Hiksz (1907 &#8211; 1977)<\/b> mieszka\u0142 przy ul. Kr\u00f3lowej Jadwigi w Krakowie, gdzie sp\u0119dzi\u0142 wi\u0119ksz\u0105 cz\u0119\u015b\u0107 swojego \u017cycia. W latach trzydziestych ubieg\u0142ego wieku jako murarz bra\u0142 udzia\u0142 m.in. w budowie Domu \u015al\u0105skiego. Walczy\u0142 jako \u017co\u0142nierz w wojnie obronnej z Niemcami we wrze\u015bniu 1939. Dosta\u0142 si\u0119 do niewoli, ale uda\u0142o mu si\u0119 z niej uciec. Podczas okupacji by\u0142 aresztowany przez Niemc\u00f3w i wi\u0119ziony m.in. w wi\u0119zieniu Montelupich i w KL Plaszow oraz w obozie pracy w miejscowo\u015bci Kobyle. Po wojnie by\u0142 zaanga\u017cowanym dzia\u0142aczem harcerskim.<\/p>\n<p align=\"right\"><i>Krak\u00f3w, 8 wrze\u015bnia 2023 r., mgr Jolanta Gurtat<\/i><\/p>\n<p style=\"text-align: left;\" align=\"right\"><a href=\"https:\/\/www.wroblewski.krakow.pl\/wp-content\/uploads\/2023\/09\/ofiary_gestapo_2023_2.jpg\"><img decoding=\"async\" loading=\"lazy\" width=\"300\" height=\"200\" class=\"alignleft size-medium wp-image-15564\" alt=\"ofiary_gestapo_2023_2\" src=\"https:\/\/www.wroblewski.krakow.pl\/wp-content\/uploads\/2023\/09\/ofiary_gestapo_2023_2-300x200.jpg\" srcset=\"https:\/\/www.wroblewski.krakow.pl\/wp-content\/uploads\/2023\/09\/ofiary_gestapo_2023_2-300x200.jpg 300w, https:\/\/www.wroblewski.krakow.pl\/wp-content\/uploads\/2023\/09\/ofiary_gestapo_2023_2.jpg 1024w\" sizes=\"(max-width: 300px) 100vw, 300px\" \/><\/a> <a href=\"https:\/\/www.wroblewski.krakow.pl\/wp-content\/uploads\/2023\/09\/ofiary_gestapo_2023_3.jpg\"><img decoding=\"async\" loading=\"lazy\" width=\"300\" height=\"200\" class=\"alignleft size-medium wp-image-15565\" alt=\"ofiary_gestapo_2023_3\" src=\"https:\/\/www.wroblewski.krakow.pl\/wp-content\/uploads\/2023\/09\/ofiary_gestapo_2023_3-300x200.jpg\" srcset=\"https:\/\/www.wroblewski.krakow.pl\/wp-content\/uploads\/2023\/09\/ofiary_gestapo_2023_3-300x200.jpg 300w, https:\/\/www.wroblewski.krakow.pl\/wp-content\/uploads\/2023\/09\/ofiary_gestapo_2023_3.jpg 1024w\" sizes=\"(max-width: 300px) 100vw, 300px\" \/><\/a> <a href=\"https:\/\/www.wroblewski.krakow.pl\/wp-content\/uploads\/2023\/09\/ofiary_gestapo_2023_4.jpg\"><img decoding=\"async\" loading=\"lazy\" width=\"300\" height=\"200\" class=\"alignleft size-medium wp-image-15566\" alt=\"ofiary_gestapo_2023_4\" src=\"https:\/\/www.wroblewski.krakow.pl\/wp-content\/uploads\/2023\/09\/ofiary_gestapo_2023_4-300x200.jpg\" srcset=\"https:\/\/www.wroblewski.krakow.pl\/wp-content\/uploads\/2023\/09\/ofiary_gestapo_2023_4-300x200.jpg 300w, https:\/\/www.wroblewski.krakow.pl\/wp-content\/uploads\/2023\/09\/ofiary_gestapo_2023_4.jpg 1024w\" sizes=\"(max-width: 300px) 100vw, 300px\" \/><\/a><\/p>\n","protected":false},"excerpt":{"rendered":"<p>Muzeum Historyczne Miasta Krakowa przy ul. Pomorskiej zorganizowa\u0142o po raz 17-ty obchody Dni Pami\u0119ci Ofiar Gestapo. Tegoroczna edycja obchod\u00f3w odby\u0142a si\u0119 w 80. rocznic\u0119 krwawej niemieckiej pacyfikacji Woli Justowskiej, kt\u00f3ra przeprowadzona zosta\u0142a przez policj\u0119 niemieck\u0105 w celu wykrycia tajnych drukarni na tym terenie. W jej efekcie rozstrzelano 21 os\u00f3b, a 80 wywieziono do KL Auschwitz. Program obchod\u00f3w jest po\u015bwi\u0119cony konspiracyjnym drukom, drukarniom oraz osobom zaanga\u017cowanym w wytwarzanie i dystrybuowanie prasy konspiracyjnej w Krakowie. Wydawane w podziemiu gazety i druki ulotne w okresie okupacji niemieckiej sta\u0142y si\u0119 wa\u017cnym or\u0119\u017cem walki o podtrzymanie wiary w odzyskanie niepodleg\u0142o\u015bci, a przede wszystkim jednym z [&hellip;]<\/p>\n","protected":false},"author":2,"featured_media":15563,"comment_status":"closed","ping_status":"closed","sticky":false,"template":"","format":"standard","meta":[],"categories":[1],"tags":[],"_links":{"self":[{"href":"https:\/\/www.wroblewski.krakow.pl\/index.php?rest_route=\/wp\/v2\/posts\/15562"}],"collection":[{"href":"https:\/\/www.wroblewski.krakow.pl\/index.php?rest_route=\/wp\/v2\/posts"}],"about":[{"href":"https:\/\/www.wroblewski.krakow.pl\/index.php?rest_route=\/wp\/v2\/types\/post"}],"author":[{"embeddable":true,"href":"https:\/\/www.wroblewski.krakow.pl\/index.php?rest_route=\/wp\/v2\/users\/2"}],"replies":[{"embeddable":true,"href":"https:\/\/www.wroblewski.krakow.pl\/index.php?rest_route=%2Fwp%2Fv2%2Fcomments&post=15562"}],"version-history":[{"count":3,"href":"https:\/\/www.wroblewski.krakow.pl\/index.php?rest_route=\/wp\/v2\/posts\/15562\/revisions"}],"predecessor-version":[{"id":15569,"href":"https:\/\/www.wroblewski.krakow.pl\/index.php?rest_route=\/wp\/v2\/posts\/15562\/revisions\/15569"}],"wp:featuredmedia":[{"embeddable":true,"href":"https:\/\/www.wroblewski.krakow.pl\/index.php?rest_route=\/wp\/v2\/media\/15563"}],"wp:attachment":[{"href":"https:\/\/www.wroblewski.krakow.pl\/index.php?rest_route=%2Fwp%2Fv2%2Fmedia&parent=15562"}],"wp:term":[{"taxonomy":"category","embeddable":true,"href":"https:\/\/www.wroblewski.krakow.pl\/index.php?rest_route=%2Fwp%2Fv2%2Fcategories&post=15562"},{"taxonomy":"post_tag","embeddable":true,"href":"https:\/\/www.wroblewski.krakow.pl\/index.php?rest_route=%2Fwp%2Fv2%2Ftags&post=15562"}],"curies":[{"name":"wp","href":"https:\/\/api.w.org\/{rel}","templated":true}]}}