{"id":15602,"date":"2023-09-23T15:50:47","date_gmt":"2023-09-23T14:50:47","guid":{"rendered":"https:\/\/www.wroblewski.krakow.pl\/?p=15602"},"modified":"2023-09-24T15:55:13","modified_gmt":"2023-09-24T14:55:13","slug":"nauk-przemoznych-perla-klasa-2e-po-hist-wos-w-collegium-maius","status":"publish","type":"post","link":"https:\/\/www.wroblewski.krakow.pl\/?p=15602","title":{"rendered":"\u201eNauk przemo\u017cnych per\u0142a\u201d \u2013 klasa 2e (pol-hist-wos) w Collegium Maius"},"content":{"rendered":"<p>Dnia 22 wrze\u015bnia 2023 roku <b>klasa 2e <\/b>o profilu humanistycznym<b> zwiedzi\u0142a<\/b> najstarszy budynek Uniwersytetu Jagiello\u0144skiego i zarazem najstarszy budynek uniwersytecki w Polsce tj. <b>Collegium Maius<\/b>.<\/p>\n<p>Pocz\u0105tki Collegium Maius wi\u0105\u017c\u0105 si\u0119 z rokiem 1400, kiedy nast\u0105pi\u0142a odnowa Akademii Krakowskiej z inicjatywy kr\u00f3la W\u0142adys\u0142awa Jagie\u0142\u0142y i kr\u00f3lowej Jadwigi.<\/p>\n<p>Uniwersytet Krakowski ufundowany zosta\u0142 przez kr\u00f3la Kazimierza Wielkiego w 1364 roku. Jest najstarsz\u0105 uczelni\u0105 w Polsce i drug\u0105 w Europie \u015arodkowej po uniwersytecie w Pradze (1348).<\/p>\n<p>Tzw. Studium Generale sk\u0142ada\u0142o si\u0119 z trzech wydzia\u0142\u00f3w: sztuk wyzwolonych (filozofia), medycyny i prawa. W 1400 roku uda\u0142o si\u0119 uzyska\u0107 zgod\u0119 papie\u017ca na utworzenie wydzia\u0142u teologii. Dzi\u0119ki wybitnej kadrze profesorskiej uczelnia szybko zdoby\u0142a mi\u0119dzynarodow\u0105 renom\u0119, przyci\u0105gaj\u0105c student\u00f3w z ca\u0142ej Europy.<\/p>\n<p>W Collegium Maius zachwyci\u0142 nas przede wszystkim dziedziniec otoczony kru\u017cgankami i pomieszczenia na I pi\u0119trze tj. Biblioteka (Libraria), Izba Wsp\u00f3lna i jadalnia profesor\u00f3w (Stuba Communis), Skarbiec, Pokoje Profesorskie, Sala Miko\u0142aja Kopernika oraz Aula Jagiello\u0144ska, pe\u0142ni\u0105ca do dzisiaj funkcje reprezentacyjne. Ciekawym elementem Auli jest galeria ponad stu portret\u00f3w najwa\u017cniejszych postaci zwi\u0105zanych z Uniwersytetem. Natomiast w Skarbcu nasz\u0105 uwag\u0119 zwr\u00f3ci\u0142y insygnia w\u0142adzy rektorskiej oraz Z\u0142oty Globus.<\/p>\n<p>Niezwyk\u0142e muzeum i niezwyk\u0142a podr\u00f3\u017c w przesz\u0142o\u015b\u0107 \u2026. !<\/p>\n<p>Wyj\u015bcie zorganizowa\u0142a Pani mgr Marta Kokoszka, kt\u00f3ra pe\u0142ni\u0142a opiek\u0119 nad m\u0142odzie\u017c\u0105 we wsp\u00f3\u0142pracy z Pani\u0105 mgr Iwon\u0105 Majersk\u0105-Dyba\u0142.<\/p>\n<p align=\"right\"><i>Krak\u00f3w, dnia 23.09.2023 r., mgr Marta Kokoszka, nauczyciel historii<\/i><\/p>\n<p style=\"text-align: left;\" align=\"right\"><a href=\"https:\/\/www.wroblewski.krakow.pl\/wp-content\/uploads\/2023\/09\/2e-collegium-maius-22.09.2023-2.jpg\"><img decoding=\"async\" loading=\"lazy\" width=\"300\" height=\"200\" class=\"alignleft size-medium wp-image-15604\" alt=\"2e collegium maius 22.09.2023 2\" src=\"https:\/\/www.wroblewski.krakow.pl\/wp-content\/uploads\/2023\/09\/2e-collegium-maius-22.09.2023-2-300x200.jpg\" srcset=\"https:\/\/www.wroblewski.krakow.pl\/wp-content\/uploads\/2023\/09\/2e-collegium-maius-22.09.2023-2-300x200.jpg 300w, https:\/\/www.wroblewski.krakow.pl\/wp-content\/uploads\/2023\/09\/2e-collegium-maius-22.09.2023-2.jpg 1024w\" sizes=\"(max-width: 300px) 100vw, 300px\" \/><\/a><a href=\"https:\/\/www.wroblewski.krakow.pl\/wp-content\/uploads\/2023\/09\/2e-collegium-maius-22.09.2023-1.jpg\"><img decoding=\"async\" loading=\"lazy\" width=\"300\" height=\"200\" class=\"alignleft size-medium wp-image-15605\" alt=\"2e collegium maius 22.09.2023 1\" src=\"https:\/\/www.wroblewski.krakow.pl\/wp-content\/uploads\/2023\/09\/2e-collegium-maius-22.09.2023-1-300x200.jpg\" srcset=\"https:\/\/www.wroblewski.krakow.pl\/wp-content\/uploads\/2023\/09\/2e-collegium-maius-22.09.2023-1-300x200.jpg 300w, https:\/\/www.wroblewski.krakow.pl\/wp-content\/uploads\/2023\/09\/2e-collegium-maius-22.09.2023-1.jpg 1024w\" sizes=\"(max-width: 300px) 100vw, 300px\" \/><\/a><a href=\"https:\/\/www.wroblewski.krakow.pl\/wp-content\/uploads\/2023\/09\/2e-collegium-maius-22.09.2023-4.jpg\"><img decoding=\"async\" loading=\"lazy\" width=\"300\" height=\"200\" class=\"alignleft size-medium wp-image-15606\" alt=\"2e collegium maius 22.09.2023 4\" src=\"https:\/\/www.wroblewski.krakow.pl\/wp-content\/uploads\/2023\/09\/2e-collegium-maius-22.09.2023-4-300x200.jpg\" srcset=\"https:\/\/www.wroblewski.krakow.pl\/wp-content\/uploads\/2023\/09\/2e-collegium-maius-22.09.2023-4-300x200.jpg 300w, https:\/\/www.wroblewski.krakow.pl\/wp-content\/uploads\/2023\/09\/2e-collegium-maius-22.09.2023-4.jpg 1024w\" sizes=\"(max-width: 300px) 100vw, 300px\" \/><\/a><\/p>\n","protected":false},"excerpt":{"rendered":"<p>Dnia 22 wrze\u015bnia 2023 roku klasa 2e o profilu humanistycznym zwiedzi\u0142a najstarszy budynek Uniwersytetu Jagiello\u0144skiego i zarazem najstarszy budynek uniwersytecki w Polsce tj. Collegium Maius. Pocz\u0105tki Collegium Maius wi\u0105\u017c\u0105 si\u0119 z rokiem 1400, kiedy nast\u0105pi\u0142a odnowa Akademii Krakowskiej z inicjatywy kr\u00f3la W\u0142adys\u0142awa Jagie\u0142\u0142y i kr\u00f3lowej Jadwigi. Uniwersytet Krakowski ufundowany zosta\u0142 przez kr\u00f3la Kazimierza Wielkiego w 1364 roku. Jest najstarsz\u0105 uczelni\u0105 w Polsce i drug\u0105 w Europie \u015arodkowej po uniwersytecie w Pradze (1348). Tzw. Studium Generale sk\u0142ada\u0142o si\u0119 z trzech wydzia\u0142\u00f3w: sztuk wyzwolonych (filozofia), medycyny i prawa. W 1400 roku uda\u0142o si\u0119 uzyska\u0107 zgod\u0119 papie\u017ca na utworzenie wydzia\u0142u teologii. Dzi\u0119ki wybitnej [&hellip;]<\/p>\n","protected":false},"author":2,"featured_media":15603,"comment_status":"closed","ping_status":"closed","sticky":false,"template":"","format":"standard","meta":[],"categories":[1],"tags":[],"_links":{"self":[{"href":"https:\/\/www.wroblewski.krakow.pl\/index.php?rest_route=\/wp\/v2\/posts\/15602"}],"collection":[{"href":"https:\/\/www.wroblewski.krakow.pl\/index.php?rest_route=\/wp\/v2\/posts"}],"about":[{"href":"https:\/\/www.wroblewski.krakow.pl\/index.php?rest_route=\/wp\/v2\/types\/post"}],"author":[{"embeddable":true,"href":"https:\/\/www.wroblewski.krakow.pl\/index.php?rest_route=\/wp\/v2\/users\/2"}],"replies":[{"embeddable":true,"href":"https:\/\/www.wroblewski.krakow.pl\/index.php?rest_route=%2Fwp%2Fv2%2Fcomments&post=15602"}],"version-history":[{"count":4,"href":"https:\/\/www.wroblewski.krakow.pl\/index.php?rest_route=\/wp\/v2\/posts\/15602\/revisions"}],"predecessor-version":[{"id":15611,"href":"https:\/\/www.wroblewski.krakow.pl\/index.php?rest_route=\/wp\/v2\/posts\/15602\/revisions\/15611"}],"wp:featuredmedia":[{"embeddable":true,"href":"https:\/\/www.wroblewski.krakow.pl\/index.php?rest_route=\/wp\/v2\/media\/15603"}],"wp:attachment":[{"href":"https:\/\/www.wroblewski.krakow.pl\/index.php?rest_route=%2Fwp%2Fv2%2Fmedia&parent=15602"}],"wp:term":[{"taxonomy":"category","embeddable":true,"href":"https:\/\/www.wroblewski.krakow.pl\/index.php?rest_route=%2Fwp%2Fv2%2Fcategories&post=15602"},{"taxonomy":"post_tag","embeddable":true,"href":"https:\/\/www.wroblewski.krakow.pl\/index.php?rest_route=%2Fwp%2Fv2%2Ftags&post=15602"}],"curies":[{"name":"wp","href":"https:\/\/api.w.org\/{rel}","templated":true}]}}