{"id":15612,"date":"2023-09-29T15:24:16","date_gmt":"2023-09-29T14:24:16","guid":{"rendered":"https:\/\/www.wroblewski.krakow.pl\/?p=15612"},"modified":"2023-10-02T15:33:50","modified_gmt":"2023-10-02T14:33:50","slug":"klasa-3b-na-pokazie-filmu-raport-pileckiego-w-rezyserii-krzysztofa-lukasiewicza","status":"publish","type":"post","link":"https:\/\/www.wroblewski.krakow.pl\/?p=15612","title":{"rendered":"Klasa 3b na pokazie filmu \u201eRaport Pileckiego\u201d w re\u017cyserii Krzysztofa \u0141ukasiewicza"},"content":{"rendered":"<p><i>\u201eKochajcie ojczyst\u0105 ziemi\u0119. Kochajcie swoj\u0105 \u015bwi\u0119t\u0105 wiar\u0119 i tradycj\u0119 w\u0142asnego Narodu. Wyro\u015bnijcie na ludzi honoru, zawsze wierni uznanym przez siebie najwy\u017cszym warto\u015bciom, kt\u00f3rym trzeba s\u0142u\u017cy\u0107 ca\u0142ym \u017cyciem\u201d <\/i>\u2013 <i>napisa\u0142 do dzieci przed \u015bmierci\u0105 rotmistrz Witold Pilecki.<\/i><\/p>\n<p>&nbsp;<\/p>\n<p>W dniu 29 wrze\u015bnia 2023 roku <b>uczennice i uczniowie klasy 3b<\/b>\u00a0(mat-fiz) mieli mo\u017cliwo\u015b\u0107 zobaczy\u0107 <b>film o<\/b> jednym z najwi\u0119kszych polskich bohater\u00f3w narodowych \u2013\u00a0 <b>Witoldzie Pileckim<\/b>.<\/p>\n<p><b>\u201eRaport Pileckiego\u201d<\/b> to opowie\u015b\u0107 o niezwyk\u0142ej postaci, kt\u00f3ra w czasach rz\u0105d\u00f3w komunistycznych w Polsce zosta\u0142a skazana na zapomnienie. Rotmistrz Pilecki swoim \u017cyciem zapisa\u0142 pi\u0119kn\u0105 kart\u0119 w dziejach ojczyzny. Film opowiada histori\u0119 \u017co\u0142nierza <strong>AK<\/strong>, kt\u00f3ry z nara\u017ceniem \u017cycia dobrowolnie podda\u0142 si\u0119 aresztowaniu, by trafi\u0107 do obozu koncentracyjnego <strong>Auschwitz<\/strong>. Tam, mimo ogromnego ryzyka, zorganizowa\u0142 konspiracyjny ruch oporu <strong>Armii Krajowej<\/strong>, a po 947 dniach w obozowej niewoli oraz dzi\u0119ki brawurowej ucieczce, napisa\u0142 raport, pr\u00f3buj\u0105c przekaza\u0107 \u015bwiatu prawd\u0119 o zbrodniach nazistowskich.<\/p>\n<p>Nast\u0119pnie walczy\u0142 w Powstaniu Warszawskim oraz s\u0142u\u017cy\u0142 w II Korpusie Polskim genera\u0142a Andersa we W\u0142oszech. Po powrocie do Polski zosta\u0142 bestialsko przes\u0142uchiwany i <strong>skazany na \u015bmier\u0107<\/strong> przez w\u0142adze komunistyczne.<\/p>\n<p>Ten niezwyk\u0142y Polak zas\u0142yn\u0105\u0142 na \u015bwiecie dzi\u0119ki olbrzymiej odwadze, kt\u00f3r\u0105 wybitny historyk Michael Foot doceni\u0142 w ksi\u0105\u017cce \u201dSix Faces of Courage\u201d. Nazwa\u0142 on rotmistrza jednym z najdzielniejszych \u017co\u0142nierzy, kt\u00f3rzy dzia\u0142ali i walczyli podczas II wojny \u015bwiatowej.<\/p>\n<p>Odwaga, honor, wolno\u015b\u0107, patriotyzm i solidarno\u015b\u0107 wobec s\u0142abszych \u2013 uniwersalne warto\u015bci, kt\u00f3rymi Pilecki kierowa\u0142 si\u0119 w \u017cyciu powinny by\u0107 kompasem moralnym dla wsp\u00f3\u0142czesnej m\u0142odzie\u017cy.<\/p>\n<p>Wyj\u015bcie na film zorganizowa\u0142a Julia Ksi\u0119\u017cyc, uczennica klasy 3b a opiek\u0119 nad m\u0142odzie\u017c\u0105 podczas seansu sprawowa\u0142a Pani mgr Ma\u0142gorzata Nowakowska-Murzyn, wychowawczyni klasy 3b, nauczyciel historii i wiedzy o spo\u0142ecze\u0144stwie.<\/p>\n<p align=\"right\"><i>Krak\u00f3w, 29.09.2023 r., mgr Ma\u0142gorzata Nowakowska-Murzyn<\/i><\/p>\n","protected":false},"excerpt":{"rendered":"<p>\u201eKochajcie ojczyst\u0105 ziemi\u0119. Kochajcie swoj\u0105 \u015bwi\u0119t\u0105 wiar\u0119 i tradycj\u0119 w\u0142asnego Narodu. Wyro\u015bnijcie na ludzi honoru, zawsze wierni uznanym przez siebie najwy\u017cszym warto\u015bciom, kt\u00f3rym trzeba s\u0142u\u017cy\u0107 ca\u0142ym \u017cyciem\u201d \u2013 napisa\u0142 do dzieci przed \u015bmierci\u0105 rotmistrz Witold Pilecki. &nbsp; W dniu 29 wrze\u015bnia 2023 roku uczennice i uczniowie klasy 3b\u00a0(mat-fiz) mieli mo\u017cliwo\u015b\u0107 zobaczy\u0107 film o jednym z najwi\u0119kszych polskich bohater\u00f3w narodowych \u2013\u00a0 Witoldzie Pileckim. \u201eRaport Pileckiego\u201d to opowie\u015b\u0107 o niezwyk\u0142ej postaci, kt\u00f3ra w czasach rz\u0105d\u00f3w komunistycznych w Polsce zosta\u0142a skazana na zapomnienie. Rotmistrz Pilecki swoim \u017cyciem zapisa\u0142 pi\u0119kn\u0105 kart\u0119 w dziejach ojczyzny. Film opowiada histori\u0119 \u017co\u0142nierza AK, kt\u00f3ry z nara\u017ceniem \u017cycia dobrowolnie [&hellip;]<\/p>\n","protected":false},"author":2,"featured_media":15613,"comment_status":"closed","ping_status":"closed","sticky":false,"template":"","format":"standard","meta":[],"categories":[1],"tags":[],"_links":{"self":[{"href":"https:\/\/www.wroblewski.krakow.pl\/index.php?rest_route=\/wp\/v2\/posts\/15612"}],"collection":[{"href":"https:\/\/www.wroblewski.krakow.pl\/index.php?rest_route=\/wp\/v2\/posts"}],"about":[{"href":"https:\/\/www.wroblewski.krakow.pl\/index.php?rest_route=\/wp\/v2\/types\/post"}],"author":[{"embeddable":true,"href":"https:\/\/www.wroblewski.krakow.pl\/index.php?rest_route=\/wp\/v2\/users\/2"}],"replies":[{"embeddable":true,"href":"https:\/\/www.wroblewski.krakow.pl\/index.php?rest_route=%2Fwp%2Fv2%2Fcomments&post=15612"}],"version-history":[{"count":3,"href":"https:\/\/www.wroblewski.krakow.pl\/index.php?rest_route=\/wp\/v2\/posts\/15612\/revisions"}],"predecessor-version":[{"id":15616,"href":"https:\/\/www.wroblewski.krakow.pl\/index.php?rest_route=\/wp\/v2\/posts\/15612\/revisions\/15616"}],"wp:featuredmedia":[{"embeddable":true,"href":"https:\/\/www.wroblewski.krakow.pl\/index.php?rest_route=\/wp\/v2\/media\/15613"}],"wp:attachment":[{"href":"https:\/\/www.wroblewski.krakow.pl\/index.php?rest_route=%2Fwp%2Fv2%2Fmedia&parent=15612"}],"wp:term":[{"taxonomy":"category","embeddable":true,"href":"https:\/\/www.wroblewski.krakow.pl\/index.php?rest_route=%2Fwp%2Fv2%2Fcategories&post=15612"},{"taxonomy":"post_tag","embeddable":true,"href":"https:\/\/www.wroblewski.krakow.pl\/index.php?rest_route=%2Fwp%2Fv2%2Ftags&post=15612"}],"curies":[{"name":"wp","href":"https:\/\/api.w.org\/{rel}","templated":true}]}}