{"id":15755,"date":"2023-10-19T20:04:37","date_gmt":"2023-10-19T19:04:37","guid":{"rendered":"https:\/\/www.wroblewski.krakow.pl\/?p=15755"},"modified":"2023-10-23T17:43:47","modified_gmt":"2023-10-23T16:43:47","slug":"projekt-kola-debat-oxdyseja-w-poroninie","status":"publish","type":"post","link":"https:\/\/www.wroblewski.krakow.pl\/?p=15755","title":{"rendered":"Projekt Ko\u0142a Debat \u201eOXDYSEJA\u201d w Poroninie"},"content":{"rendered":"<p style=\"text-align: left;\">\n<p>W dniach 11-13 pa\u017adziernika 2023 roku odby\u0142 si\u0119 edukacyjny\u00a0<b>projekt szkoleniowy \u201eOXDYSEJA\u201d dla uczni\u00f3w z Ko\u0142a Debat<\/b>\u00a0dzia\u0142aj\u0105cego we &#8222;Wr\u00f3blewskim&#8221;.<\/p>\n<p style=\"text-align: left;\">\n<p>Cz\u0142onkowie Ko\u0142a Debat wyjechali do Poronina, gdzie mieli okazj\u0119 wypr\u00f3bowa\u0107 swoich si\u0142 w debatach oksfordzkich, wyst\u0105pieniach publicznych oraz naby\u0107 wiedz\u0119 dotycz\u0105c\u0105 autoprezentacji, argumentacji, kontrargumentacji, retoryki czy dzia\u0142alno\u015bci Samorz\u0105du Uczniowskiego.<\/p>\n<p style=\"text-align: left;\">\n<p>Uda\u0142o si\u0119 zrealizowa\u0107 du\u017co ciekawych warsztat\u00f3w, przyk\u0142adowo tworzenie w\u0142asnej inicjatywy szkolnej lub prezentacji na wybrany temat. G\u0142\u00f3wnym jednak punktem wyjazdu by\u0142a seria pe\u0142nowymiarowych debat na r\u00f3\u017cnorodne tematy oraz analiza w\u0142asnych wyst\u0105pie\u0144.<\/p>\n<p style=\"text-align: left;\">\n<p><b>Zaj\u0119cia prowadzone by\u0142y przez<\/b>\u00a0przedstawicielki Samorz\u0105du Uczniowskiego i autorki projektu \u2013\u00a0<b>Matyld\u0119 Marcych i Olg\u0119 Brzuchacz z kl. 4e<\/b>\u00a0oraz\u00a0<b>Maj\u0119 Wierzbick\u0105 z kl. 3a<\/b>, a tak\u017ce przez ekspert\u00f3w z Krakowskiego Stowarzyszenia M\u00f3wc\u00f3w \u2013 Pani\u0105\u00a0<b>Teres\u0119 Kozaczewsk\u0105<\/b>\u00a0i Pana\u00a0<b>Szymona Turcz\u0119<\/b>.\u00a0W projekcie wzi\u0119li udzia\u0142\u00a0<b>uczniowie z klas 1a, 1b, 1c, 1e, 2c, 2e<\/b>, w sumie 19 os\u00f3b. Opiek\u0119 nad m\u0142odzie\u017c\u0105 podczas wyjazdu sprawowa\u0142a Pani\u00a0<b>Marta Kokoszka<\/b>, nauczyciel historii.<\/p>\n<p style=\"text-align: left;\">\n<p>M\u0142odzie\u017c sp\u0119dzi\u0142a te trzy dni bardzo aktywnie i pracowicie. Nie ulega w\u0105tpliwo\u015bci, \u017ce debatowanie uczni\u00f3w zafascynowa\u0142o i zamierzaj\u0105 t\u0119 dzia\u0142alno\u015b\u0107 kontynuowa\u0107. W rol\u0119 m\u00f3wc\u00f3w (pierwszego, drugiego, trzeciego i czwartego) wchodzili tak mocno, \u017ce nie przestawali dyskutowa\u0107 nawet \u2026 podczas posi\u0142k\u00f3w. Wszyscy te\u017c zgodnie podkre\u015blali, \u017ce nabyte umiej\u0119tno\u015bci przydadz\u0105 im si\u0119 w doros\u0142ym \u017cyciu.<\/p>\n<p style=\"text-align: left;\">\n<p>\u015arodki przeznaczone na realizacj\u0119 wyjazdu pochodzi\u0142y z grantu \u201eAktywizacja M\u0142odzie\u017cy w Samorz\u0105dach\u201d w wysoko\u015bci 11 000,00 z\u0142otych, o kt\u00f3ry wniosek z\u0142o\u017cy\u0142y i uzyska\u0142y akceptacj\u0119 Olga Brzuchacz i Matylda Marcych.<\/p>\n<p style=\"text-align: left;\">\n<p align=\"right\"><i>Krak\u00f3w, dnia 18.10.2023 r., Matylda Marcych z kl. 4e, mgr Marta Kokoszka<\/i><\/p>\n<p align=\"right\">\n<p style=\"text-align: left;\" align=\"right\"><a href=\"https:\/\/www.wroblewski.krakow.pl\/wp-content\/uploads\/2023\/10\/Oxdyseja-2023-1.jpg\"><img decoding=\"async\" loading=\"lazy\" width=\"300\" height=\"200\" class=\"alignleft size-medium wp-image-15766\" alt=\"Oxdyseja 2023 1\" src=\"https:\/\/www.wroblewski.krakow.pl\/wp-content\/uploads\/2023\/10\/Oxdyseja-2023-1-300x200.jpg\" srcset=\"https:\/\/www.wroblewski.krakow.pl\/wp-content\/uploads\/2023\/10\/Oxdyseja-2023-1-300x200.jpg 300w, https:\/\/www.wroblewski.krakow.pl\/wp-content\/uploads\/2023\/10\/Oxdyseja-2023-1.jpg 1024w\" sizes=\"(max-width: 300px) 100vw, 300px\" \/><\/a><a href=\"https:\/\/www.wroblewski.krakow.pl\/wp-content\/uploads\/2023\/10\/Oxdyseja-2023-3.jpg\"><img decoding=\"async\" loading=\"lazy\" width=\"300\" height=\"200\" class=\"alignleft size-medium wp-image-15768\" alt=\"Oxdyseja 2023 3\" src=\"https:\/\/www.wroblewski.krakow.pl\/wp-content\/uploads\/2023\/10\/Oxdyseja-2023-3-300x200.jpg\" srcset=\"https:\/\/www.wroblewski.krakow.pl\/wp-content\/uploads\/2023\/10\/Oxdyseja-2023-3-300x200.jpg 300w, https:\/\/www.wroblewski.krakow.pl\/wp-content\/uploads\/2023\/10\/Oxdyseja-2023-3.jpg 1024w\" sizes=\"(max-width: 300px) 100vw, 300px\" \/><\/a><a href=\"https:\/\/www.wroblewski.krakow.pl\/wp-content\/uploads\/2023\/10\/Oxdyseja-2023-2.jpg\"><img decoding=\"async\" loading=\"lazy\" width=\"300\" height=\"200\" class=\"alignleft size-medium wp-image-15767\" alt=\"Oxdyseja 2023 2\" src=\"https:\/\/www.wroblewski.krakow.pl\/wp-content\/uploads\/2023\/10\/Oxdyseja-2023-2-300x200.jpg\" srcset=\"https:\/\/www.wroblewski.krakow.pl\/wp-content\/uploads\/2023\/10\/Oxdyseja-2023-2-300x200.jpg 300w, https:\/\/www.wroblewski.krakow.pl\/wp-content\/uploads\/2023\/10\/Oxdyseja-2023-2.jpg 1024w\" sizes=\"(max-width: 300px) 100vw, 300px\" \/><\/a><a href=\"https:\/\/www.wroblewski.krakow.pl\/wp-content\/uploads\/2023\/10\/Oxdyseja-2023-4.jpg\"><img decoding=\"async\" loading=\"lazy\" width=\"300\" height=\"200\" class=\"alignleft size-medium wp-image-15769\" alt=\"Oxdyseja 2023 4\" src=\"https:\/\/www.wroblewski.krakow.pl\/wp-content\/uploads\/2023\/10\/Oxdyseja-2023-4-300x200.jpg\" srcset=\"https:\/\/www.wroblewski.krakow.pl\/wp-content\/uploads\/2023\/10\/Oxdyseja-2023-4-300x200.jpg 300w, https:\/\/www.wroblewski.krakow.pl\/wp-content\/uploads\/2023\/10\/Oxdyseja-2023-4.jpg 1024w\" sizes=\"(max-width: 300px) 100vw, 300px\" \/><\/a><a href=\"https:\/\/www.wroblewski.krakow.pl\/wp-content\/uploads\/2023\/10\/Oxdyseja-2023-5.jpg\"><img decoding=\"async\" loading=\"lazy\" width=\"300\" height=\"200\" class=\"alignleft size-medium wp-image-15770\" alt=\"Oxdyseja 2023 5\" src=\"https:\/\/www.wroblewski.krakow.pl\/wp-content\/uploads\/2023\/10\/Oxdyseja-2023-5-300x200.jpg\" srcset=\"https:\/\/www.wroblewski.krakow.pl\/wp-content\/uploads\/2023\/10\/Oxdyseja-2023-5-300x200.jpg 300w, https:\/\/www.wroblewski.krakow.pl\/wp-content\/uploads\/2023\/10\/Oxdyseja-2023-5.jpg 1024w\" sizes=\"(max-width: 300px) 100vw, 300px\" \/><\/a><a href=\"https:\/\/www.wroblewski.krakow.pl\/wp-content\/uploads\/2023\/10\/Oxdyseja-2023-6.jpg\"><img decoding=\"async\" loading=\"lazy\" width=\"300\" height=\"200\" class=\"alignleft size-medium wp-image-15771\" alt=\"Oxdyseja 2023 6\" src=\"https:\/\/www.wroblewski.krakow.pl\/wp-content\/uploads\/2023\/10\/Oxdyseja-2023-6-300x200.jpg\" srcset=\"https:\/\/www.wroblewski.krakow.pl\/wp-content\/uploads\/2023\/10\/Oxdyseja-2023-6-300x200.jpg 300w, https:\/\/www.wroblewski.krakow.pl\/wp-content\/uploads\/2023\/10\/Oxdyseja-2023-6.jpg 1024w\" sizes=\"(max-width: 300px) 100vw, 300px\" \/><\/a><a href=\"https:\/\/www.wroblewski.krakow.pl\/wp-content\/uploads\/2023\/10\/stopka.jpg\"><img decoding=\"async\" loading=\"lazy\" width=\"300\" height=\"49\" class=\"alignleft size-medium wp-image-15756\" alt=\"stopka\" src=\"https:\/\/www.wroblewski.krakow.pl\/wp-content\/uploads\/2023\/10\/stopka-300x49.jpg\" srcset=\"https:\/\/www.wroblewski.krakow.pl\/wp-content\/uploads\/2023\/10\/stopka-300x49.jpg 300w, https:\/\/www.wroblewski.krakow.pl\/wp-content\/uploads\/2023\/10\/stopka.jpg 1024w\" sizes=\"(max-width: 300px) 100vw, 300px\" \/><\/a><\/p>\n<p style=\"text-align: left;\"><a href=\"https:\/\/www.wroblewski.krakow.pl\/wp-content\/uploads\/2023\/10\/stopka.jpg\">\u00a0<\/a><\/p>\n","protected":false},"excerpt":{"rendered":"<p>W dniach 11-13 pa\u017adziernika 2023 roku odby\u0142 si\u0119 edukacyjny\u00a0projekt szkoleniowy \u201eOXDYSEJA\u201d dla uczni\u00f3w z Ko\u0142a Debat\u00a0dzia\u0142aj\u0105cego we &#8222;Wr\u00f3blewskim&#8221;. Cz\u0142onkowie Ko\u0142a Debat wyjechali do Poronina, gdzie mieli okazj\u0119 wypr\u00f3bowa\u0107 swoich si\u0142 w debatach oksfordzkich, wyst\u0105pieniach publicznych oraz naby\u0107 wiedz\u0119 dotycz\u0105c\u0105 autoprezentacji, argumentacji, kontrargumentacji, retoryki czy dzia\u0142alno\u015bci Samorz\u0105du Uczniowskiego. Uda\u0142o si\u0119 zrealizowa\u0107 du\u017co ciekawych warsztat\u00f3w, przyk\u0142adowo tworzenie w\u0142asnej inicjatywy szkolnej lub prezentacji na wybrany temat. G\u0142\u00f3wnym jednak punktem wyjazdu by\u0142a seria pe\u0142nowymiarowych debat na r\u00f3\u017cnorodne tematy oraz analiza w\u0142asnych wyst\u0105pie\u0144. Zaj\u0119cia prowadzone by\u0142y przez\u00a0przedstawicielki Samorz\u0105du Uczniowskiego i autorki projektu \u2013\u00a0Matyld\u0119 Marcych i Olg\u0119 Brzuchacz z kl. 4e\u00a0oraz\u00a0Maj\u0119 Wierzbick\u0105 z kl. 3a, a [&hellip;]<\/p>\n","protected":false},"author":2,"featured_media":15757,"comment_status":"closed","ping_status":"closed","sticky":false,"template":"","format":"standard","meta":[],"categories":[1],"tags":[],"_links":{"self":[{"href":"https:\/\/www.wroblewski.krakow.pl\/index.php?rest_route=\/wp\/v2\/posts\/15755"}],"collection":[{"href":"https:\/\/www.wroblewski.krakow.pl\/index.php?rest_route=\/wp\/v2\/posts"}],"about":[{"href":"https:\/\/www.wroblewski.krakow.pl\/index.php?rest_route=\/wp\/v2\/types\/post"}],"author":[{"embeddable":true,"href":"https:\/\/www.wroblewski.krakow.pl\/index.php?rest_route=\/wp\/v2\/users\/2"}],"replies":[{"embeddable":true,"href":"https:\/\/www.wroblewski.krakow.pl\/index.php?rest_route=%2Fwp%2Fv2%2Fcomments&post=15755"}],"version-history":[{"count":6,"href":"https:\/\/www.wroblewski.krakow.pl\/index.php?rest_route=\/wp\/v2\/posts\/15755\/revisions"}],"predecessor-version":[{"id":15774,"href":"https:\/\/www.wroblewski.krakow.pl\/index.php?rest_route=\/wp\/v2\/posts\/15755\/revisions\/15774"}],"wp:featuredmedia":[{"embeddable":true,"href":"https:\/\/www.wroblewski.krakow.pl\/index.php?rest_route=\/wp\/v2\/media\/15757"}],"wp:attachment":[{"href":"https:\/\/www.wroblewski.krakow.pl\/index.php?rest_route=%2Fwp%2Fv2%2Fmedia&parent=15755"}],"wp:term":[{"taxonomy":"category","embeddable":true,"href":"https:\/\/www.wroblewski.krakow.pl\/index.php?rest_route=%2Fwp%2Fv2%2Fcategories&post=15755"},{"taxonomy":"post_tag","embeddable":true,"href":"https:\/\/www.wroblewski.krakow.pl\/index.php?rest_route=%2Fwp%2Fv2%2Ftags&post=15755"}],"curies":[{"name":"wp","href":"https:\/\/api.w.org\/{rel}","templated":true}]}}