{"id":16242,"date":"2023-11-09T20:05:49","date_gmt":"2023-11-09T19:05:49","guid":{"rendered":"https:\/\/www.wroblewski.krakow.pl\/?p=16242"},"modified":"2023-11-10T18:32:28","modified_gmt":"2023-11-10T17:32:28","slug":"narodowe-swieto-niepodleglosci-w-ix-liceum-ogolnoksztalcacym-im-zygmunta-wroblewskiego","status":"publish","type":"post","link":"https:\/\/www.wroblewski.krakow.pl\/?p=16242","title":{"rendered":"Narodowe \u015awi\u0119to Niepodleg\u0142o\u015bci w IX Liceum Og\u00f3lnokszta\u0142c\u0105cym im. Zygmunta Wr\u00f3blewskiego"},"content":{"rendered":"<p><i>\u201eZ pokole\u0144 trudu, z ofiarnej krwi, zwyci\u0119skiej chwa\u0142y nadchodz\u0105 dni\u2026\u201d<\/i><\/p>\n<p>&nbsp;<\/p>\n<p>W dniu 9 listopada 2023 roku spo\u0142eczno\u015b\u0107 \u201eWr\u00f3blewskiego\u201d \u015bwi\u0119towa\u0142a 105 rocznic\u0119 odzyskania przez Polsk\u0119 niepodleg\u0142o\u015bci. Na wst\u0119pie uroczysto\u015bci zabrzmia\u0142y historyczne s\u0142owa noty dyplomatycznej, przes\u0142anej w dniu 16 listopada 1918 roku do przyw\u00f3dc\u00f3w i rz\u0105d\u00f3w wszystkich pa\u0144stw informuj\u0105cej o powstaniu niepodleg\u0142ego, demokratycznego pa\u0144stwa polskiego. Jej autorem by\u0142 J\u00f3zef Pi\u0142sudski jako w\u00f3dz naczelny.<\/p>\n<p>&nbsp;<\/p>\n<p>Tre\u015b\u0107 noty odczyta\u0142 <b>Benedykt Dardzi\u0144ski<\/b> (2e), wprowadzaj\u0105c tym samym zgromadzonych w uroczysty nastr\u00f3j. Nast\u0119pnym punktem by\u0142o wprowadzenie pocztu sztandarowego IX Liceum Og\u00f3lnokszta\u0142c\u0105cego im. Zygmunta Wr\u00f3blewskiego, po czym\u00a0 ch\u00f3r szkolny od\u015bpiewa\u0142 Hymn pa\u0144stwowy.<\/p>\n<p>&nbsp;<\/p>\n<p>W dalszej kolejno\u015bci g\u0142os zabra\u0142a Pani Dyrektor <b>Aleksandra Pagacz-Pociask<\/b>, tematem jej wyst\u0105pienia by\u0142a refleksja na temat wsp\u00f3\u0142czesnych postaw patriotycznych i obowi\u0105zk\u00f3w wobec wolnej ojczyzny. Mocno podkre\u015bli\u0142a, \u017ce z patriotyzmem wsp\u00f3\u0142cze\u015bnie trzeba \u0142\u0105czy\u0107 trosk\u0119 o w\u0142asny rozw\u00f3j i kszta\u0142towanie osobowo\u015bci, piel\u0119gnowanie dziedzictwa narodowego, kultywowanie tradycji, poznawanie literatury, historii, sztuki i kultury oraz szacunek do j\u0119zyka polskiego i symboli narodowych. Pani Dyrektor zach\u0119ci\u0142a r\u00f3wnie\u017c uczni\u00f3w do uczestnictwa w obchodach Narodowego \u015awi\u0119ta Niepodleg\u0142o\u015bci organizowanych w Krakowie oraz w tradycyjnej Krakowskiej Lekcji \u015apiewania Pie\u015bni Patriotycznych prowadzonej przez aktor\u00f3w teatru Loch Camelot na Rynku G\u0142\u00f3wnym w Krakowie.<\/p>\n<p>&nbsp;<\/p>\n<p>Kolejnym punktem uroczysto\u015bci, zgodnie ze szkoln\u0105 tradycj\u0105 obchod\u00f3w \u015awi\u0119ta Niepodleg\u0142o\u015bci, by\u0142o uroczyste przekazanie pocztu sztandarowego uczniom klas m\u0142odszych. Cz\u0142onkowie ust\u0119puj\u0105cego pocztu: <b>Szymon Zelek<\/b> (4e, chor\u0105\u017cy), <b>Zuzanna Ciebie\u0144<\/b> (4a), <b>Dominika Sarga<\/b> (4c), <b>Pawe\u0142 Jezioro<\/b> (4a, chor\u0105\u017cy), <b>Wanesa Papie\u017c<\/b> (4d) i <b>Wiktoria Sobelga<\/b> (4d) przekazali opiek\u0119 nad sztandarem szko\u0142y uczniom klasy 3a, kt\u00f3rzy w minionym roku szkolnym uzyskali najwy\u017csze oceny.<\/p>\n<p>&nbsp;<\/p>\n<p>W sk\u0142ad pocztu sztandarowego IX Liceum Og\u00f3lnokszta\u0142c\u0105cym im. Zygmunta Wr\u00f3blewskiego na rok szkolny 2023\/2024 wchodz\u0105: <b>Mateusz Deso\u0144<\/b> (chor\u0105\u017cy), <b>Ma\u0142gorzata Kusa<\/b>, <b>Katarzyna \u015al\u0119czka<\/b>, <b>Jakub \u015alusarek<\/b> (chor\u0105\u017cy), <b>Julia Bigaj<\/b>, <b>Sofia Levytska<\/b>.<\/p>\n<p>&nbsp;<\/p>\n<p>Pani Dyrektor Aleksandra Pagacz-Pociask podzi\u0119kowa\u0142a odchodz\u0105cym cz\u0142onkom pocztu sztandarowego oraz opiekunce, Pani profesor <b>Jolancie Gurtat<\/b>. Ko\u0144cz\u0105cy wsp\u00f3\u0142prac\u0119 uczniowie otrzymali podzi\u0119kowania w formie listu gratulacyjnego oraz pami\u0105tkowe ksi\u0105\u017cki. Na zako\u0144czenie podzi\u0119kowali Pani profesor <b>Jolancie Gurtat<\/b> za ca\u0142oroczn\u0105 opiek\u0119 ciep\u0142ymi s\u0142owami i pi\u0119knym bukietem kwiat\u00f3w.<\/p>\n<p>&nbsp;<\/p>\n<p>Po\u017cegnanie ust\u0119puj\u0105cego samorz\u0105du szkolnego i prezentacja nowo wybranego by\u0142y nast\u0119pnym punktem oficjalnej cz\u0119\u015bci szkolnej uroczysto\u015bci. Pani Dyrektor <b>Aleksandra Pagacz-Pociask<\/b> wraz z opiekunami samorz\u0105du, Pani\u0105 profesor <b>Agnieszk\u0105 Homoncik<\/b> oraz Panem profesorem <b>Filipem Studzi\u0144skim<\/b> podzi\u0119kowali ko\u0144cz\u0105cemu prac\u0119 samorz\u0105dowi w sk\u0142adzie: <b>Olga Brzuchacz<\/b> (4e), <b>Matylda Marcych<\/b> (4e), <b>Ambre Gailliard<\/b> (4d), <b>Aleksandra Jach<\/b> (4e), <b>Maja Wierzbicka<\/b> (3a), <b>Marcin Filip<\/b> (4b).<\/p>\n<p>&nbsp;<\/p>\n<p>Podkre\u015blono zas\u0142ugi i aktywno\u015b\u0107 cz\u0142onk\u00f3w samorz\u0105du, kt\u00f3rzy przygotowali m.in. warto\u015bciowy projekt dla szkolnego ko\u0142a debat oksfordzkich \u201eOxdyseja\u201d. Przewodnicz\u0105ca samorz\u0105du Olga Brzuchacz podzi\u0119kowa\u0142a ca\u0142ej spo\u0142eczno\u015bci uczniowskiej za zaufanie i wsp\u00f3\u0142prac\u0119, opiekunom za wsparcie i pomoc oraz \u017cyczy\u0142a sukces\u00f3w nowo wybranemu samorz\u0105dowi. Ko\u0144cz\u0105cy wsp\u00f3\u0142prac\u0119 cz\u0142onkowie samorz\u0105du otrzymali podzi\u0119kowania w formie listu gratulacyjnego oraz pami\u0105tkowe ksi\u0105\u017cki.<\/p>\n<p>&nbsp;<\/p>\n<p>Nast\u0119pnie Pani profesor <b>Agnieszka Homoncik<\/b> zaprosi\u0142a na \u015brodek <b>Emili\u0119 W\u0142udarz<\/b> (3e), nowo wybran\u0105 przewodnicz\u0105c\u0105 samorz\u0105du szkolnego i <b>Maj\u0119 Wierzbick\u0105<\/b> (3a), kt\u00f3ra jest zast\u0119pczyni\u0105 przewodnicz\u0105cej. Emilia W\u0142udarz zabra\u0142a g\u0142os w imieniu nowego samorz\u0105du, podzi\u0119kowa\u0142a uczniom za obdarzenie jej zaufaniem i wyb\u00f3r do pe\u0142nienia tej funkcji oraz za udzia\u0142 w pierwszej akcji nowego samorz\u0105du, jak\u0105 by\u0142y literackie \u201eDziady\u201d w IX LO.<\/p>\n<p>&nbsp;<\/p>\n<p>Oficjalna cz\u0119\u015b\u0107 akademii zako\u0144czy\u0142a si\u0119 uroczystym odprowadzeniem Sztandaru szko\u0142y przez poczet sztandarowy IX Liceum Og\u00f3lnokszta\u0142c\u0105cego im. Zygmunta Wr\u00f3blewskiego.<\/p>\n<p>&nbsp;<\/p>\n<p>Prowadz\u0105cy szkoln\u0105 uroczysto\u015b\u0107 uczniowie z klasy 2e, <b>Natalia Bolig\u0142owa<\/b> i <b>Benedykt Dardzi\u0144ski<\/b> zaprosili wszystkich do obejrzenia programu artystycznego po\u015bwi\u0119conego \u015awi\u0119tu Niepodleg\u0142o\u015bci, przygotowanego przez uczennice i uczni\u00f3w klasy 2e pod opiek\u0105 artystyczn\u0105 Pani profesor <b>Barbary Bier\u00f3wki<\/b> oraz przez ch\u00f3r szkolny pod kierownictwem Pani profesor <b>Anny Augustyn<\/b>.<\/p>\n<p>&nbsp;<\/p>\n<p>Program by\u0142 kr\u00f3tk\u0105 lekcj\u0105 historii w formie historyczno-literackiej narracji przypominaj\u0105cej polskie drogi do wolno\u015bci w latach 1795 \u2013 1918, wzbogaconej pie\u015bniami wykonywanymi solo i przez ch\u00f3r szkolny oraz recytacjami poezji.<\/p>\n<p>&nbsp;<\/p>\n<p>Solowe wyst\u0119py przygotowa\u0142y uczennice <b>Martyna Nowak<\/b> (2e) i <b>Magdalena Huppert<\/b> (2e). <b>Martyna Nowak<\/b> wykona\u0142a pie\u015b\u0144 <b>\u201eTaki kraj\u201d<\/b> do s\u0142\u00f3w Jana Pietrzaka, akompaniament do pie\u015bni przygotowa\u0142a <b>Dariia Okhrimenko<\/b> (2e). <b>Magdalena Huppert<\/b> za\u015bpiewa\u0142a pie\u015b\u0144 \u201eMiejcie nadziej\u0119\u201d do s\u0142\u00f3w Adama Asnyka z w\u0142asnym akompaniamentem.<\/p>\n<p>&nbsp;<\/p>\n<p><b>Natalia Bolig\u0142owa<\/b> (2e) wyrecytowa\u0142a fragmenty \u201eLitanii Pielgrzymskiej\u201d autorstwa Adama Mickiewicza, <b>Zuzanna Pier\u00f3g<\/b> (2e) przygotowa\u0142a recytacj\u0119 wiersza Tadeusza R\u00f3\u017cewicza \u201eOblicza ojczyzny\u201d, <b>Iwo Jarzyna<\/b> (2e) wyrecytowa\u0142 wiersz romantycznego poety Mieczys\u0142awa Romanowskiego \u201eKiedy\u017c\u201d.<\/p>\n<p>&nbsp;<\/p>\n<p><b>Ch\u00f3r szkolny<\/b> opr\u00f3cz \u201eMazurka D\u0105browskiego\u201d wykona\u0142 pie\u015b\u0144 \u201eRozkwita\u0142y p\u0105ki bia\u0142ych r\u00f3\u017c\u201d, \u201eMarsz pierwszej brygady\u201d \u2013 pie\u015b\u0144 reprezentacyjn\u0105 Wojska Polskiego, a sw\u00f3j wyst\u0119p oraz program artystyczny zako\u0144czy\u0142 pie\u015bni\u0105 pt.: \u201eOjczyzna\u201d, napisan\u0105 przez Marka Grechut\u0119.\u00a0\u00a0W czasie jej wykonania <b>Gabriela Rzepecka<\/b> (3a),\u00a0<b>Paulina Pater<\/b> (1c) oraz Pani profesor <b>Anna Augustyn<\/b> za\u015bpiewa\u0142y partie solowe.<\/p>\n<p>&nbsp;<\/p>\n<p>Opraw\u0119 d\u017awi\u0119kow\u0105 przygotowali oraz nad nag\u0142o\u015bnieniem czuwali uczniowie klasy 3a, <b>Jan Sie\u0144ko<\/b>, <b>Miko\u0142aj Sioma<\/b> oraz uczniowie klasy 2e <b>Szymon Sobesto<\/b> i <b>Franciszek Wrona<\/b>.<\/p>\n<p>&nbsp;<\/p>\n<p>Scenografia do uroczysto\u015bci zosta\u0142a przygotowana przez uczennice klasy 2e pod artystycznym kierownictwem <b>Jagody Koso\u0144<\/b> (2e). Warto jeszcze doda\u0107, \u017ce uczniowie klasy 2e wykonali kotyliony dla wszystkich uczni\u00f3w oraz profesor\u00f3w IX Liceum Og\u00f3lnokszta\u0142c\u0105cego im. Zygmunta Wr\u00f3blewskiego.<\/p>\n<p>&nbsp;<\/p>\n<p>Na zako\u0144czenie spotkania g\u0142os zabra\u0142a Pani Dyrektor <b>Aleksandra Pagacz-Pociask <\/b>i podzi\u0119kowa\u0142a klasie 2e za przygotowanie uroczysto\u015bci, na kt\u00f3re z\u0142o\u017cy\u0142o si\u0119 przygotowanie hali przed uroczysto\u015bci\u0105, w czasie jej trwania i po jej zako\u0144czeniu (przenoszenie krzese\u0142, obs\u0142uga techniczna w trakcie uroczysto\u015bci umo\u017cliwiaj\u0105ca prezentacj\u0119 wyst\u0119p\u00f3w solowych, pomoc przy obs\u0142udze nag\u0142o\u015bnienia, przygotowanie oprawy plastycznej, kotylion\u00f3w, prowadzenie uroczysto\u015bci, prezentacja programu artystycznego). Pani Dyrektor podzi\u0119kowa\u0142a r\u00f3wnie\u017c Pani profesor <b>Barbarze Bier\u00f3wce<\/b> za przygotowanie scenariusza oraz opiek\u0119 artystyczn\u0105 i koordynacj\u0119 ca\u0142o\u015bci i Pani profesor <b>Annie Augustyn<\/b> za przygotowanie wyst\u0119p\u00f3w ch\u00f3ru szkolnego.<\/p>\n<p>&nbsp;<\/p>\n<p><a href=\"https:\/\/www.wroblewski.krakow.pl\/?gallery=szkolne-swieto-105-rocznicy-odzyskania-przez-polske-niepodleglosci-09-11-2023\">FOTOGALERIA &gt;&gt;&gt;&gt;<\/a><\/p>\n<p>&nbsp;<\/p>\n<p align=\"right\"><i>Krak\u00f3w, 09.11.2023 r., mgr Barbara Bier\u00f3wka, wychowawczyni klasy 2e<\/i><\/p>\n","protected":false},"excerpt":{"rendered":"<p>\u201eZ pokole\u0144 trudu, z ofiarnej krwi, zwyci\u0119skiej chwa\u0142y nadchodz\u0105 dni\u2026\u201d &nbsp; W dniu 9 listopada 2023 roku spo\u0142eczno\u015b\u0107 \u201eWr\u00f3blewskiego\u201d \u015bwi\u0119towa\u0142a 105 rocznic\u0119 odzyskania przez Polsk\u0119 niepodleg\u0142o\u015bci. Na wst\u0119pie uroczysto\u015bci zabrzmia\u0142y historyczne s\u0142owa noty dyplomatycznej, przes\u0142anej w dniu 16 listopada 1918 roku do przyw\u00f3dc\u00f3w i rz\u0105d\u00f3w wszystkich pa\u0144stw informuj\u0105cej o powstaniu niepodleg\u0142ego, demokratycznego pa\u0144stwa polskiego. Jej autorem by\u0142 J\u00f3zef Pi\u0142sudski jako w\u00f3dz naczelny. &nbsp; Tre\u015b\u0107 noty odczyta\u0142 Benedykt Dardzi\u0144ski (2e), wprowadzaj\u0105c tym samym zgromadzonych w uroczysty nastr\u00f3j. Nast\u0119pnym punktem by\u0142o wprowadzenie pocztu sztandarowego IX Liceum Og\u00f3lnokszta\u0142c\u0105cego im. Zygmunta Wr\u00f3blewskiego, po czym\u00a0 ch\u00f3r szkolny od\u015bpiewa\u0142 Hymn pa\u0144stwowy. &nbsp; W dalszej kolejno\u015bci g\u0142os [&hellip;]<\/p>\n","protected":false},"author":2,"featured_media":16243,"comment_status":"closed","ping_status":"closed","sticky":false,"template":"","format":"standard","meta":[],"categories":[1],"tags":[],"_links":{"self":[{"href":"https:\/\/www.wroblewski.krakow.pl\/index.php?rest_route=\/wp\/v2\/posts\/16242"}],"collection":[{"href":"https:\/\/www.wroblewski.krakow.pl\/index.php?rest_route=\/wp\/v2\/posts"}],"about":[{"href":"https:\/\/www.wroblewski.krakow.pl\/index.php?rest_route=\/wp\/v2\/types\/post"}],"author":[{"embeddable":true,"href":"https:\/\/www.wroblewski.krakow.pl\/index.php?rest_route=\/wp\/v2\/users\/2"}],"replies":[{"embeddable":true,"href":"https:\/\/www.wroblewski.krakow.pl\/index.php?rest_route=%2Fwp%2Fv2%2Fcomments&post=16242"}],"version-history":[{"count":4,"href":"https:\/\/www.wroblewski.krakow.pl\/index.php?rest_route=\/wp\/v2\/posts\/16242\/revisions"}],"predecessor-version":[{"id":16247,"href":"https:\/\/www.wroblewski.krakow.pl\/index.php?rest_route=\/wp\/v2\/posts\/16242\/revisions\/16247"}],"wp:featuredmedia":[{"embeddable":true,"href":"https:\/\/www.wroblewski.krakow.pl\/index.php?rest_route=\/wp\/v2\/media\/16243"}],"wp:attachment":[{"href":"https:\/\/www.wroblewski.krakow.pl\/index.php?rest_route=%2Fwp%2Fv2%2Fmedia&parent=16242"}],"wp:term":[{"taxonomy":"category","embeddable":true,"href":"https:\/\/www.wroblewski.krakow.pl\/index.php?rest_route=%2Fwp%2Fv2%2Fcategories&post=16242"},{"taxonomy":"post_tag","embeddable":true,"href":"https:\/\/www.wroblewski.krakow.pl\/index.php?rest_route=%2Fwp%2Fv2%2Ftags&post=16242"}],"curies":[{"name":"wp","href":"https:\/\/api.w.org\/{rel}","templated":true}]}}