{"id":16298,"date":"2023-11-25T21:38:37","date_gmt":"2023-11-25T20:38:37","guid":{"rendered":"https:\/\/www.wroblewski.krakow.pl\/?p=16298"},"modified":"2023-11-27T21:44:30","modified_gmt":"2023-11-27T20:44:30","slug":"dzien-studyjny-klas-maturalnych-w-muzeum-auschwitz-birkenau","status":"publish","type":"post","link":"https:\/\/www.wroblewski.krakow.pl\/?p=16298","title":{"rendered":"Dzie\u0144 studyjny klas maturalnych w Muzeum Auschwitz-Birkenau"},"content":{"rendered":"<p>W dniach 17 i 24 listopada 2023 roku uczennice i uczniowie klas maturalnych uczestniczyli w dniu studyjnym w Miejscu Pami\u0119ci i Muzeum Auschwitz-Birkenau, by\u0142ym niemieckim nazistowskim obozie koncentracyjnym i zag\u0142ady.<\/p>\n<p>&nbsp;<\/p>\n<p>Pocz\u0105tek dnia stanowi\u0142o symboliczne przej\u015bcie przez bram\u0119 obozu z ironicznym napisem \u201eArbeit macht frei\u201d. Nast\u0119pnie uczniowie \u2013 wraz z nauczycielami i przewodnikiem \u2013 poznawali histori\u0119 obozu oraz ekspozycje ukazuj\u0105ce warunki \u017cycia, rabowanie maj\u0105tku osobistego wi\u0119\u017ani\u00f3w i kierowanie ich do niewolniczej pracy. Dowiedzieli si\u0119 tak\u017ce o eksperymentach \u201emedycznych\u201d doktora medycyny i antropologa Josefa Mengele.<\/p>\n<p>&nbsp;<\/p>\n<p>Nast\u0119pnie \u2013 po przej\u015bciu przez Blok 11 \u2013 uczniowie i nauczyciele \u2013 przed \u015acian\u0105 \u015amierci z\u0142o\u017cyli kwiaty i zapalili znicze pami\u0119ci. Minut\u0105 ciszy uczcili ofiary terroru niemieckiego w czasie II wojny \u015bwiatowej.<\/p>\n<p>&nbsp;<\/p>\n<p>Wykorzystuj\u0105c TI uczniowie zapoznali si\u0119 z histori\u0105 deportacji \u017byd\u00f3w, w nagraniach naoczni \u015bwiadkowie \u017cyj\u0105cy wsp\u00f3\u0142cze\u015bnie w Izraelu lub w Stanach Zjednoczonych relacjonowali temat \u201eostatecznego rozwi\u0105zania kwestii \u017cydowskiej\u201d.<\/p>\n<p>&nbsp;<\/p>\n<p>Po po\u0142udniu uczniowie znale\u017ali si\u0119 w drugiej cz\u0119\u015bci obozu koncentracyjnego \u2013 Auschwitz- Birkenau II. Zobaczyli ramp\u0119 kolejow\u0105 oraz wagon towarowy do transportu ludzi, komory gazowe i krematoria. Przy Mi\u0119dzynarodowym Pomniku Ofiar Obozu zapalili znicze pami\u0119ci.<\/p>\n<p>&nbsp;<\/p>\n<p>Na podkre\u015blenie zas\u0142uguj\u0105 tak\u017ce fakty zwi\u0105zane z losami inteligencji polskiej, losy os\u00f3b duchownych (np. cela Ojca Maksymiliana Kolbego), ofiar s\u0105d\u00f3w dora\u017anych, ucieczek z miejsca ka\u017ani, losy dzieci i patriot\u00f3w powstania warszawskiego.<\/p>\n<p>&nbsp;<\/p>\n<p>Wyjazd studyjny do Miejsca Pami\u0119ci i Muzeum Auschwitz-Birkenau wpisuje si\u0119 w realizacj\u0119 podstawy programowej z j\u0119zyka polskiego, historii oraz Programu Wychowawczego IX Licem Og\u00f3lnokszta\u0142c\u0105cego.<\/p>\n<p>&nbsp;<\/p>\n<p>Wyjazd zorganizowa\u0142y Panie mgr Marta Kokoszka i mgr Ma\u0142gorzata Nowakowska-Murzyn, nauczycielki historii i wiedzy o spo\u0142ecze\u0144stwie.\u00a0Opiek\u0119 nad m\u0142odzie\u017c\u0105 pe\u0142nili wychowawcy klas czwartych.<\/p>\n<p>&nbsp;<\/p>\n<p align=\"right\"><i>Krak\u00f3w, 25.11.2023 r., mgr Anna Urba\u0144ska, nauczycielka j\u0119zyka polskiego i wychowawczyni klasy 4b<\/i><\/p>\n<p style=\"text-align: left;\" align=\"right\"><a href=\"https:\/\/www.wroblewski.krakow.pl\/wp-content\/uploads\/2023\/11\/Klasy-maturalne-w-muzeum-Auschwitz-2023-1.jpg\"><img decoding=\"async\" loading=\"lazy\" width=\"300\" height=\"200\" class=\"alignleft size-medium wp-image-16299\" alt=\"Klasy maturalne w muzeum Auschwitz 2023 1\" src=\"https:\/\/www.wroblewski.krakow.pl\/wp-content\/uploads\/2023\/11\/Klasy-maturalne-w-muzeum-Auschwitz-2023-1-300x200.jpg\" srcset=\"https:\/\/www.wroblewski.krakow.pl\/wp-content\/uploads\/2023\/11\/Klasy-maturalne-w-muzeum-Auschwitz-2023-1-300x200.jpg 300w, https:\/\/www.wroblewski.krakow.pl\/wp-content\/uploads\/2023\/11\/Klasy-maturalne-w-muzeum-Auschwitz-2023-1.jpg 1024w\" sizes=\"(max-width: 300px) 100vw, 300px\" \/><\/a> <a href=\"https:\/\/www.wroblewski.krakow.pl\/wp-content\/uploads\/2023\/11\/Klasy-maturalne-w-muzeum-Auschwitz-2023-2.jpg\"><img decoding=\"async\" loading=\"lazy\" width=\"300\" height=\"200\" class=\"alignleft size-medium wp-image-16300\" alt=\"Klasy maturalne w muzeum Auschwitz 2023 2\" src=\"https:\/\/www.wroblewski.krakow.pl\/wp-content\/uploads\/2023\/11\/Klasy-maturalne-w-muzeum-Auschwitz-2023-2-300x200.jpg\" srcset=\"https:\/\/www.wroblewski.krakow.pl\/wp-content\/uploads\/2023\/11\/Klasy-maturalne-w-muzeum-Auschwitz-2023-2-300x200.jpg 300w, https:\/\/www.wroblewski.krakow.pl\/wp-content\/uploads\/2023\/11\/Klasy-maturalne-w-muzeum-Auschwitz-2023-2.jpg 1024w\" sizes=\"(max-width: 300px) 100vw, 300px\" \/><\/a> <a href=\"https:\/\/www.wroblewski.krakow.pl\/wp-content\/uploads\/2023\/11\/Klasy-maturalne-w-muzeum-Auschwitz-2023-3.jpg\"><img decoding=\"async\" loading=\"lazy\" width=\"300\" height=\"199\" class=\"alignleft size-medium wp-image-16301\" alt=\"Klasy maturalne w muzeum Auschwitz 2023 3\" src=\"https:\/\/www.wroblewski.krakow.pl\/wp-content\/uploads\/2023\/11\/Klasy-maturalne-w-muzeum-Auschwitz-2023-3-300x199.jpg\" srcset=\"https:\/\/www.wroblewski.krakow.pl\/wp-content\/uploads\/2023\/11\/Klasy-maturalne-w-muzeum-Auschwitz-2023-3-300x199.jpg 300w, https:\/\/www.wroblewski.krakow.pl\/wp-content\/uploads\/2023\/11\/Klasy-maturalne-w-muzeum-Auschwitz-2023-3.jpg 1024w\" sizes=\"(max-width: 300px) 100vw, 300px\" \/><\/a> <a href=\"https:\/\/www.wroblewski.krakow.pl\/wp-content\/uploads\/2023\/11\/Klasy-maturalne-w-muzeum-Auschwitz-2023-4.jpg\"><img decoding=\"async\" loading=\"lazy\" width=\"300\" height=\"199\" class=\"alignleft size-medium wp-image-16302\" alt=\"Klasy maturalne w muzeum Auschwitz 2023 4\" src=\"https:\/\/www.wroblewski.krakow.pl\/wp-content\/uploads\/2023\/11\/Klasy-maturalne-w-muzeum-Auschwitz-2023-4-300x199.jpg\" srcset=\"https:\/\/www.wroblewski.krakow.pl\/wp-content\/uploads\/2023\/11\/Klasy-maturalne-w-muzeum-Auschwitz-2023-4-300x199.jpg 300w, https:\/\/www.wroblewski.krakow.pl\/wp-content\/uploads\/2023\/11\/Klasy-maturalne-w-muzeum-Auschwitz-2023-4.jpg 1024w\" sizes=\"(max-width: 300px) 100vw, 300px\" \/><\/a> <a href=\"https:\/\/www.wroblewski.krakow.pl\/wp-content\/uploads\/2023\/11\/Klasy-maturalne-w-muzeum-Auschwitz-2023-5.jpg\"><img decoding=\"async\" loading=\"lazy\" width=\"300\" height=\"200\" class=\"alignleft size-medium wp-image-16303\" alt=\"Klasy maturalne w muzeum Auschwitz 2023 5\" src=\"https:\/\/www.wroblewski.krakow.pl\/wp-content\/uploads\/2023\/11\/Klasy-maturalne-w-muzeum-Auschwitz-2023-5-300x200.jpg\" srcset=\"https:\/\/www.wroblewski.krakow.pl\/wp-content\/uploads\/2023\/11\/Klasy-maturalne-w-muzeum-Auschwitz-2023-5-300x200.jpg 300w, https:\/\/www.wroblewski.krakow.pl\/wp-content\/uploads\/2023\/11\/Klasy-maturalne-w-muzeum-Auschwitz-2023-5.jpg 1024w\" sizes=\"(max-width: 300px) 100vw, 300px\" \/><\/a> <a href=\"https:\/\/www.wroblewski.krakow.pl\/wp-content\/uploads\/2023\/11\/Klasy-maturalne-w-muzeum-Auschwitz-2023-6.jpg\"><img decoding=\"async\" loading=\"lazy\" width=\"300\" height=\"200\" class=\"alignleft size-medium wp-image-16304\" alt=\"Klasy maturalne w muzeum Auschwitz 2023 6\" src=\"https:\/\/www.wroblewski.krakow.pl\/wp-content\/uploads\/2023\/11\/Klasy-maturalne-w-muzeum-Auschwitz-2023-6-300x200.jpg\" srcset=\"https:\/\/www.wroblewski.krakow.pl\/wp-content\/uploads\/2023\/11\/Klasy-maturalne-w-muzeum-Auschwitz-2023-6-300x200.jpg 300w, https:\/\/www.wroblewski.krakow.pl\/wp-content\/uploads\/2023\/11\/Klasy-maturalne-w-muzeum-Auschwitz-2023-6.jpg 1024w\" sizes=\"(max-width: 300px) 100vw, 300px\" \/><\/a><\/p>\n","protected":false},"excerpt":{"rendered":"<p>W dniach 17 i 24 listopada 2023 roku uczennice i uczniowie klas maturalnych uczestniczyli w dniu studyjnym w Miejscu Pami\u0119ci i Muzeum Auschwitz-Birkenau, by\u0142ym niemieckim nazistowskim obozie koncentracyjnym i zag\u0142ady. &nbsp; Pocz\u0105tek dnia stanowi\u0142o symboliczne przej\u015bcie przez bram\u0119 obozu z ironicznym napisem \u201eArbeit macht frei\u201d. Nast\u0119pnie uczniowie \u2013 wraz z nauczycielami i przewodnikiem \u2013 poznawali histori\u0119 obozu oraz ekspozycje ukazuj\u0105ce warunki \u017cycia, rabowanie maj\u0105tku osobistego wi\u0119\u017ani\u00f3w i kierowanie ich do niewolniczej pracy. Dowiedzieli si\u0119 tak\u017ce o eksperymentach \u201emedycznych\u201d doktora medycyny i antropologa Josefa Mengele. &nbsp; Nast\u0119pnie \u2013 po przej\u015bciu przez Blok 11 \u2013 uczniowie i nauczyciele \u2013 przed \u015acian\u0105 \u015amierci [&hellip;]<\/p>\n","protected":false},"author":2,"featured_media":16305,"comment_status":"closed","ping_status":"closed","sticky":false,"template":"","format":"standard","meta":[],"categories":[1],"tags":[],"_links":{"self":[{"href":"https:\/\/www.wroblewski.krakow.pl\/index.php?rest_route=\/wp\/v2\/posts\/16298"}],"collection":[{"href":"https:\/\/www.wroblewski.krakow.pl\/index.php?rest_route=\/wp\/v2\/posts"}],"about":[{"href":"https:\/\/www.wroblewski.krakow.pl\/index.php?rest_route=\/wp\/v2\/types\/post"}],"author":[{"embeddable":true,"href":"https:\/\/www.wroblewski.krakow.pl\/index.php?rest_route=\/wp\/v2\/users\/2"}],"replies":[{"embeddable":true,"href":"https:\/\/www.wroblewski.krakow.pl\/index.php?rest_route=%2Fwp%2Fv2%2Fcomments&post=16298"}],"version-history":[{"count":3,"href":"https:\/\/www.wroblewski.krakow.pl\/index.php?rest_route=\/wp\/v2\/posts\/16298\/revisions"}],"predecessor-version":[{"id":16308,"href":"https:\/\/www.wroblewski.krakow.pl\/index.php?rest_route=\/wp\/v2\/posts\/16298\/revisions\/16308"}],"wp:featuredmedia":[{"embeddable":true,"href":"https:\/\/www.wroblewski.krakow.pl\/index.php?rest_route=\/wp\/v2\/media\/16305"}],"wp:attachment":[{"href":"https:\/\/www.wroblewski.krakow.pl\/index.php?rest_route=%2Fwp%2Fv2%2Fmedia&parent=16298"}],"wp:term":[{"taxonomy":"category","embeddable":true,"href":"https:\/\/www.wroblewski.krakow.pl\/index.php?rest_route=%2Fwp%2Fv2%2Fcategories&post=16298"},{"taxonomy":"post_tag","embeddable":true,"href":"https:\/\/www.wroblewski.krakow.pl\/index.php?rest_route=%2Fwp%2Fv2%2Ftags&post=16298"}],"curies":[{"name":"wp","href":"https:\/\/api.w.org\/{rel}","templated":true}]}}