{"id":16427,"date":"2023-12-08T14:29:30","date_gmt":"2023-12-08T13:29:30","guid":{"rendered":"https:\/\/www.wroblewski.krakow.pl\/?p=16427"},"modified":"2023-12-08T14:29:30","modified_gmt":"2023-12-08T13:29:30","slug":"klasa-4e-pol-hist-wos-na-lekcji-muzealnej-pt-matejko-malarz-i-historia","status":"publish","type":"post","link":"https:\/\/www.wroblewski.krakow.pl\/?p=16427","title":{"rendered":"Klasa 4e (pol-hist-wos) na lekcji muzealnej pt. \u201eMatejko. Malarz i historia.\u201d"},"content":{"rendered":"<p>Dnia 6 grudnia 2023 roku <strong>klasa 4e zwiedzi\u0142a wystaw\u0119 pt. \u201eMatejko. Malarz i historia.\u201d<\/strong> prezentowan\u0105 w Gmachu G\u0142\u00f3wnym Muzeum Narodowego w Krakowie. To w\u0142a\u015bnie z inicjatywy Muzeum Narodowego w Krakowie <b>rok 2023<\/b> zosta\u0142 ustanowiony przez Senat Rzeczypospolitej Polskiej Rokiem<b> Jana Matejki<\/b>, poniewa\u017c w tym roku przypada <b>185 rocznica urodzin artysty i 130 rocznica jego \u015bmierci<\/b>.<\/p>\n<p>Uczniowie mieli okazj\u0119 zobaczy\u0107 p<strong>onad 300 obiekt\u00f3w zwi\u0105zanych z \u017cyciem i prac\u0105 artysty, m.in. obraz\u00f3w, szkic\u00f3w, rysunk\u00f3w, fotografii, dokument\u00f3w, medali i \u00a0stroj\u00f3w. U<\/strong>k\u0142ad ekspozycji, podzielonej na tematy: \u201eC\u00f3\u017c po malarzu w czasie marnym?\u201d, \u00a0\u201eM\u0142ody Matejko\u201d, \u201eNarodziny artystycznego dziejopisa\u201d, \u201eObrazowanie historii\u201d, W Europie \u015arodkowo-Wschodniej, czyli gdzie?\u201d, \u201eRzeczpospolita, \u00a0ale czyja\u201d, \u201eCywilizacja, ale jaka?\u201d, sk\u0142ania do refleksji nad tw\u00f3rczo\u015bci\u0105 Jana Matejki, ale tak\u017ce nad losami naszej Ojczyzny. Przewodnik przybli\u017cy\u0142 uczniom posta\u0107 Jana Matejki; wspomnia\u0142 o jego niepowodzeniach szkolnych, trudnych relacjach z \u017con\u0105 Teodor\u0105, niezwyk\u0142ej pracowito\u015bci oraz zaanga\u017cowaniu w aktywno\u015b\u0107 patriotyczn\u0105.<\/p>\n<p>Uczniowie mieli tak\u017ce okazj\u0119 <b>dokona\u0107 por\u00f3wnania dw\u00f3ch obraz\u00f3w artysty<\/b> przedstawiaj\u0105cych ho\u0142d car\u00f3w Szujskich: pierwszy wykonany przez nastoletniego Jana Matejk\u0119 (<i>Carowie Szujscy wprowadzeni przez hetmana Stanis\u0142awa \u017b\u00f3\u0142kiewskiego na sejm warszawski przed kr\u00f3la Zygmunta III<\/i>, 1853) i drugi \u2013 wykonany przez malarza na rok przed \u015bmierci\u0105 (<i>Carowie Szujscy na Sejmie Warszawskim<\/i>, 1892).<\/p>\n<p>Wyj\u015bcie przygotowa\u0142a Pani <b>mgr Marta Kokoszka<\/b>, opiek\u0119 nad klas\u0105 pe\u0142ni\u0142a Pani <b>mgr Olga Seneta-Niemiec.<\/b><\/p>\n<p align=\"right\"><i>Krak\u00f3w, 08.12.2023 r., mgr M. Kokoszka, wychowawczyni klasy 4e, nauczyciel historii<b><\/b><\/i><\/p>\n","protected":false},"excerpt":{"rendered":"<p>Dnia 6 grudnia 2023 roku klasa 4e zwiedzi\u0142a wystaw\u0119 pt. \u201eMatejko. Malarz i historia.\u201d prezentowan\u0105 w Gmachu G\u0142\u00f3wnym Muzeum Narodowego w Krakowie. To w\u0142a\u015bnie z inicjatywy Muzeum Narodowego w Krakowie rok 2023 zosta\u0142 ustanowiony przez Senat Rzeczypospolitej Polskiej Rokiem Jana Matejki, poniewa\u017c w tym roku przypada 185 rocznica urodzin artysty i 130 rocznica jego \u015bmierci. Uczniowie mieli okazj\u0119 zobaczy\u0107 ponad 300 obiekt\u00f3w zwi\u0105zanych z \u017cyciem i prac\u0105 artysty, m.in. obraz\u00f3w, szkic\u00f3w, rysunk\u00f3w, fotografii, dokument\u00f3w, medali i \u00a0stroj\u00f3w. Uk\u0142ad ekspozycji, podzielonej na tematy: \u201eC\u00f3\u017c po malarzu w czasie marnym?\u201d, \u00a0\u201eM\u0142ody Matejko\u201d, \u201eNarodziny artystycznego dziejopisa\u201d, \u201eObrazowanie historii\u201d, W Europie \u015arodkowo-Wschodniej, czyli gdzie?\u201d, [&hellip;]<\/p>\n","protected":false},"author":2,"featured_media":16428,"comment_status":"closed","ping_status":"closed","sticky":false,"template":"","format":"standard","meta":[],"categories":[1],"tags":[],"_links":{"self":[{"href":"https:\/\/www.wroblewski.krakow.pl\/index.php?rest_route=\/wp\/v2\/posts\/16427"}],"collection":[{"href":"https:\/\/www.wroblewski.krakow.pl\/index.php?rest_route=\/wp\/v2\/posts"}],"about":[{"href":"https:\/\/www.wroblewski.krakow.pl\/index.php?rest_route=\/wp\/v2\/types\/post"}],"author":[{"embeddable":true,"href":"https:\/\/www.wroblewski.krakow.pl\/index.php?rest_route=\/wp\/v2\/users\/2"}],"replies":[{"embeddable":true,"href":"https:\/\/www.wroblewski.krakow.pl\/index.php?rest_route=%2Fwp%2Fv2%2Fcomments&post=16427"}],"version-history":[{"count":1,"href":"https:\/\/www.wroblewski.krakow.pl\/index.php?rest_route=\/wp\/v2\/posts\/16427\/revisions"}],"predecessor-version":[{"id":16429,"href":"https:\/\/www.wroblewski.krakow.pl\/index.php?rest_route=\/wp\/v2\/posts\/16427\/revisions\/16429"}],"wp:featuredmedia":[{"embeddable":true,"href":"https:\/\/www.wroblewski.krakow.pl\/index.php?rest_route=\/wp\/v2\/media\/16428"}],"wp:attachment":[{"href":"https:\/\/www.wroblewski.krakow.pl\/index.php?rest_route=%2Fwp%2Fv2%2Fmedia&parent=16427"}],"wp:term":[{"taxonomy":"category","embeddable":true,"href":"https:\/\/www.wroblewski.krakow.pl\/index.php?rest_route=%2Fwp%2Fv2%2Fcategories&post=16427"},{"taxonomy":"post_tag","embeddable":true,"href":"https:\/\/www.wroblewski.krakow.pl\/index.php?rest_route=%2Fwp%2Fv2%2Ftags&post=16427"}],"curies":[{"name":"wp","href":"https:\/\/api.w.org\/{rel}","templated":true}]}}