{"id":16486,"date":"2023-12-13T21:43:03","date_gmt":"2023-12-13T20:43:03","guid":{"rendered":"https:\/\/www.wroblewski.krakow.pl\/?p=16486"},"modified":"2023-12-13T21:44:54","modified_gmt":"2023-12-13T20:44:54","slug":"spotkanie-z-grzegorzem-kowalskim-swiadkiem-historii-stanu-wojennego","status":"publish","type":"post","link":"https:\/\/www.wroblewski.krakow.pl\/?p=16486","title":{"rendered":"Spotkanie z Grzegorzem Kowalskim, \u015bwiadkiem historii stanu wojennego"},"content":{"rendered":"<p>W dniu 13 grudnia 2023 roku \u2013 <b>w 4<\/b><b>2<\/b><b>. rocznic\u0119 wprowadzenia w Polsce stanu wojennego <\/b>\u2013 <strong>go\u015bcili\u015bmy w murach ,,Wr\u00f3blewskiego\u201d<\/strong> Pana <strong>Grzegorza Kowalskiego, uczestnika i \u015bwiadka wsp\u00f3\u0142czesnej historii.<\/strong><\/p>\n<p><b>Grzegorz Kowalski<\/b> by\u0142 zwi\u0105zany z NSZZ \u201eSolidarno\u015b\u0107\u201d od 1981 roku. Pracowa\u0142 wtedy w Stoczni Marynarki Wojennej im. D\u0105browszczak\u00f3w w Gdyni. W 1982 roku w zwi\u0105zku ze swoj\u0105 dzia\u0142ano\u015bci\u0105 w &#8222;Solidarno\u015bci&#8221; przeni\u00f3s\u0142 si\u0119 do Krakowa. Od 1983 roku dzia\u0142a\u0142 w Duszpasterstwie Ludzi Pracy przy ko\u015bciele \u015bw. Maksymiliana Marii Kolbego w Krakowie-Mistrzejowicach, gdzie by\u0142 wsp\u00f3\u0142tw\u00f3rc\u0105 oprawy muzycznej mszy \u015bwi\u0119tych w intencji ojczyzny i uczestnikiem niezale\u017cnych wydarze\u0144 artystycznych w ramach \u201eWieczor\u00f3w u Maksymiliana\u201d.<\/p>\n<p>Prowadzi\u0142 ulokowany w zabudowaniach ko\u015bcio\u0142a punkt wymiany i sprzeda\u017cy wydawnictw drugoobiegowych, pozyskuj\u0105c fundusze na dzia\u0142alno\u015b\u0107 duszpasterstwa. Wsp\u00f3\u0142organizowa\u0142 pomoc finansow\u0105 dla represjonowanych i ich rodzin.<\/p>\n<p>Za swoj\u0105 dzia\u0142alno\u015b\u0107 antykomunistyczn\u0105 i wolno\u015bciow\u0105 zosta\u0142 odznaczony m.in.: Krzy\u017cem Komandorskim Orderu Odrodzenia Polski nadanym przez Prezydenta RP w 2016 roku za wybitne zas\u0142ugi w dzia\u0142alno\u015bci na rzecz przemian demokratycznych w Polsce, Krzy\u017cem Wolno\u015bci i Solidarno\u015bci nadanym przez Prezydenta RP w 2018 roku za zas\u0142ugi w dzia\u0142alno\u015bci na rzecz niepodleg\u0142o\u015bci i suwerenno\u015bci Polski oraz reprezentowania praw cz\u0142owieka w PRL.<\/p>\n<p>Pan <b>Grzegorz Kowalski<\/b><b> spotka\u0142 si\u0119 z m\u0142odzie\u017c\u0105 klasy <\/b><b>2a <\/b><b>oraz klasy <\/b><b>1<\/b><b>e<\/b>. Podczas spotkania opowiedzia\u0142 o wydarzeniach, jakie mia\u0142y miejsce w latach 1970-1989 w Gdyni oraz w Krakowie w czasie strajk\u00f3w robotnik\u00f3w. W swoj\u0105 relacj\u0119 w\u0142\u0105czy\u0142 \u015bpiew utwor\u00f3w, kt\u00f3re powsta\u0142y w tamtym okresie, ,,Ballada o Janku Wi\u015bniewskim\u201d, ,,Mury\u201d Jacka Kaczmarskiego, ,,Piosenka z \u0141upkowa\u201d, ,,Id\u0105 pancry na Wujek\u201d, ,,Gryps\u2019, ,,Jest taki kraj\u201d Jana Pietrzaka. Do \u015bpiewu do\u0142\u0105czyli ch\u0119tnie uczniowie IX Liceum.<\/p>\n<p>Naszemu Go\u015bciowi bardzo dzi\u0119kujemy za z\u0142o\u017cenie \u015bwiadectwa przed m\u0142odzie\u017c\u0105 \u201eWr\u00f3blewskiego\u201d.<\/p>\n<p>Spotkanie zorganizowa\u0142a Pani <strong>Jolanta Gurtat, nauczyciel historii<\/strong> we wsp\u00f3\u0142pracy z Pani\u0105 Dyrektor <strong>Aleksandr\u0105 Pagacz-Pociask<\/strong>, Pani\u0105 <strong>Antonin\u0105 Bytomsk\u0105<\/strong> oraz Pani\u0105 <strong>Ann\u0105 Korna\u015b<\/strong> &#8211; pracownikami sekretariatu szko\u0142y.<\/p>\n<p>Spotkanie ze \u015bwiadkiem historii wpisuje si\u0119 w realizacj\u0119 podstawy programowej z historii, przedmiotu historia i tera\u017aniejszo\u015b\u0107 oraz Szkolnego Programu Wychowawczo-Profilaktycznego.<\/p>\n<p>&nbsp;<\/p>\n<p><a href=\"https:\/\/www.wroblewski.krakow.pl\/?gallery=spotkanie-z-grzegorzem-kowalskim-swiadkiem-historii-13-12-2023-r\">FOTOGALERIA &gt;&gt;&gt;&gt;<\/a><\/p>\n<p align=\"right\"><i>Krak\u00f3w, 13.12.202<\/i><i>3<\/i><i> r., mgr Jolanta Gurtat<\/i><\/p>\n","protected":false},"excerpt":{"rendered":"<p>W dniu 13 grudnia 2023 roku \u2013 w 42. rocznic\u0119 wprowadzenia w Polsce stanu wojennego \u2013 go\u015bcili\u015bmy w murach ,,Wr\u00f3blewskiego\u201d Pana Grzegorza Kowalskiego, uczestnika i \u015bwiadka wsp\u00f3\u0142czesnej historii. Grzegorz Kowalski by\u0142 zwi\u0105zany z NSZZ \u201eSolidarno\u015b\u0107\u201d od 1981 roku. Pracowa\u0142 wtedy w Stoczni Marynarki Wojennej im. D\u0105browszczak\u00f3w w Gdyni. W 1982 roku w zwi\u0105zku ze swoj\u0105 dzia\u0142ano\u015bci\u0105 w &#8222;Solidarno\u015bci&#8221; przeni\u00f3s\u0142 si\u0119 do Krakowa. Od 1983 roku dzia\u0142a\u0142 w Duszpasterstwie Ludzi Pracy przy ko\u015bciele \u015bw. Maksymiliana Marii Kolbego w Krakowie-Mistrzejowicach, gdzie by\u0142 wsp\u00f3\u0142tw\u00f3rc\u0105 oprawy muzycznej mszy \u015bwi\u0119tych w intencji ojczyzny i uczestnikiem niezale\u017cnych wydarze\u0144 artystycznych w ramach \u201eWieczor\u00f3w u Maksymiliana\u201d. Prowadzi\u0142 ulokowany [&hellip;]<\/p>\n","protected":false},"author":2,"featured_media":16487,"comment_status":"closed","ping_status":"closed","sticky":false,"template":"","format":"standard","meta":[],"categories":[1],"tags":[],"_links":{"self":[{"href":"https:\/\/www.wroblewski.krakow.pl\/index.php?rest_route=\/wp\/v2\/posts\/16486"}],"collection":[{"href":"https:\/\/www.wroblewski.krakow.pl\/index.php?rest_route=\/wp\/v2\/posts"}],"about":[{"href":"https:\/\/www.wroblewski.krakow.pl\/index.php?rest_route=\/wp\/v2\/types\/post"}],"author":[{"embeddable":true,"href":"https:\/\/www.wroblewski.krakow.pl\/index.php?rest_route=\/wp\/v2\/users\/2"}],"replies":[{"embeddable":true,"href":"https:\/\/www.wroblewski.krakow.pl\/index.php?rest_route=%2Fwp%2Fv2%2Fcomments&post=16486"}],"version-history":[{"count":3,"href":"https:\/\/www.wroblewski.krakow.pl\/index.php?rest_route=\/wp\/v2\/posts\/16486\/revisions"}],"predecessor-version":[{"id":16490,"href":"https:\/\/www.wroblewski.krakow.pl\/index.php?rest_route=\/wp\/v2\/posts\/16486\/revisions\/16490"}],"wp:featuredmedia":[{"embeddable":true,"href":"https:\/\/www.wroblewski.krakow.pl\/index.php?rest_route=\/wp\/v2\/media\/16487"}],"wp:attachment":[{"href":"https:\/\/www.wroblewski.krakow.pl\/index.php?rest_route=%2Fwp%2Fv2%2Fmedia&parent=16486"}],"wp:term":[{"taxonomy":"category","embeddable":true,"href":"https:\/\/www.wroblewski.krakow.pl\/index.php?rest_route=%2Fwp%2Fv2%2Fcategories&post=16486"},{"taxonomy":"post_tag","embeddable":true,"href":"https:\/\/www.wroblewski.krakow.pl\/index.php?rest_route=%2Fwp%2Fv2%2Ftags&post=16486"}],"curies":[{"name":"wp","href":"https:\/\/api.w.org\/{rel}","templated":true}]}}