{"id":16591,"date":"2023-12-20T10:17:16","date_gmt":"2023-12-20T09:17:16","guid":{"rendered":"https:\/\/www.wroblewski.krakow.pl\/?p=16591"},"modified":"2023-12-20T10:18:22","modified_gmt":"2023-12-20T09:18:22","slug":"koszykarki-wroblewskiego-w-polfinale-licealiady","status":"publish","type":"post","link":"https:\/\/www.wroblewski.krakow.pl\/?p=16591","title":{"rendered":"Koszykarki \u201eWr\u00f3blewskiego\u201d w p\u00f3\u0142finale Licealiady!"},"content":{"rendered":"<p>W dniu 19 grudnia 2023 roku w naszej hali sportowej odby\u0142y si\u0119 rozgrywki grupy trzeciej w ramach Licealiady Krakowskiej w koszyk\u00f3wce dziewcz\u0105t.<\/p>\n<p>&nbsp;<\/p>\n<p>W rywalizacji czterech zespo\u0142\u00f3w <b>najlepsze okaza\u0142y si\u0119 reprezentantki IX LO<\/b>, kt\u00f3re pewnie wygra\u0142y wszystkie trzy spotkania. Poza dobr\u0105 gr\u0105 najbardziej do\u015bwiadczonych zawodniczek tworz\u0105cych kolejny sezon trzon zespo\u0142u, rado\u015bci\u0105 napawa fakt udanego wyst\u0119pu pozosta\u0142ych dziewcz\u0105t, w tym debiutantek, kt\u00f3re podnosz\u0105 swoje umiej\u0119tno\u015bci na zaj\u0119ciach SKS. Wszystkie bior\u0105ce udzia\u0142 w zawodach koszykarki zdobywa\u0142y punkty i przyczyni\u0142y si\u0119 do awansu do fazy p\u00f3\u0142fina\u0142owej.<\/p>\n<p>&nbsp;<\/p>\n<p>\u201e<b>Wr\u00f3blewskiego\u201d<\/b> reprezentowa\u0142y: <b>Martyna Kwoka <\/b>4a, <b>Magdalena \u0141atak<\/b> 4a,<b> Natalia Orlicka <\/b>4c,<b> Gabriela Pabian <\/b>4c,<b> Olga W\u0142oczewska <\/b>4e,<b> Weronika Harkabuzik <\/b>3a,<b> Karolina Grzyb <\/b>3a,<b> Martyna \u0106wikli\u0144ska <\/b>3b<b>, Agata Berli\u0144ska <\/b>1a i<b> Anna Galus <\/b>1d<b>. <\/b>Zesp\u00f3\u0142 prowadzi\u0142 Pan mgr <b>Piotr Pasieczny, trener koszyk\u00f3wki <\/b>i nauczyciel wychowania fizycznego w X LO w Krakowie.<\/p>\n<p>&nbsp;<\/p>\n<p>Wyniki spotka\u0144:<\/p>\n<p>&nbsp;<\/p>\n<p>XII LO \u2013 LO Da Vinci 53:7<\/p>\n<p><b>IX LO \u2013 I LO 32:16<\/b><\/p>\n<p>&nbsp;<\/p>\n<p>LO Da Vinci \u2013 I LO 0:41<\/p>\n<p><b>IX LO \u2013 XII LO \u2013 35:7<\/b><\/p>\n<p>&nbsp;<\/p>\n<p>I LO \u2013 XII 19:31<\/p>\n<p><b>IX LO \u2013 LO Da Vinci 47:6<\/b><\/p>\n<p>&nbsp;<\/p>\n<p>Podzi\u0119kowania sk\u0142adamy m\u0142odzie\u017cy z Samorz\u0105du Uczniowskiego: <b>Jakubowi \u015alusarkowi<\/b>,\u00a0 <b>Weronice Matule, Martynie Dziurze, Mai Wierzbickiej, Marcie Zawadzi\u0144skiej i Janowi Lepakowi, <\/b>kt\u00f3rzy pod kierunkiem Pana Profesora<b> Grzegorza Obidowicza<\/b> pomogli w organizacji i sprawnej obs\u0142udze zegara oraz protoko\u0142owania mecz\u00f3w.<\/p>\n<p>&nbsp;<\/p>\n<p>Dzi\u0119kujemy r\u00f3wnie\u017c m\u0142odzie\u017cy \u201eWr\u00f3blewskiego\u201d za obecno\u015b\u0107 na trybunie i kibicowanie naszym koszykarkom.<\/p>\n<p>&nbsp;<\/p>\n<p>B\u0119dziemy czyni\u0107 starania, aby w pi\u0119knej, nowej hali IX LO odby\u0142 si\u0119 jeden z p\u00f3\u0142fina\u0142\u00f3w i ewentualnie turniej fina\u0142owy.<\/p>\n<p><a href=\"https:\/\/www.wroblewski.krakow.pl\/?gallery=rozgrywki-grupowe-krakowskiej-licealiady-w-koszykowce-dziewczat-w-hali-ix-lo-19-12-2023-r\">FOTOGALERIA &gt;&gt;&gt;&gt;<\/a><\/p>\n<p>&nbsp;<\/p>\n<p align=\"right\"><i>Krak\u00f3w, 19.12.2023 r., mgr Piotr Pasieczny<\/i><\/p>\n","protected":false},"excerpt":{"rendered":"<p>W dniu 19 grudnia 2023 roku w naszej hali sportowej odby\u0142y si\u0119 rozgrywki grupy trzeciej w ramach Licealiady Krakowskiej w koszyk\u00f3wce dziewcz\u0105t. &nbsp; W rywalizacji czterech zespo\u0142\u00f3w najlepsze okaza\u0142y si\u0119 reprezentantki IX LO, kt\u00f3re pewnie wygra\u0142y wszystkie trzy spotkania. Poza dobr\u0105 gr\u0105 najbardziej do\u015bwiadczonych zawodniczek tworz\u0105cych kolejny sezon trzon zespo\u0142u, rado\u015bci\u0105 napawa fakt udanego wyst\u0119pu pozosta\u0142ych dziewcz\u0105t, w tym debiutantek, kt\u00f3re podnosz\u0105 swoje umiej\u0119tno\u015bci na zaj\u0119ciach SKS. Wszystkie bior\u0105ce udzia\u0142 w zawodach koszykarki zdobywa\u0142y punkty i przyczyni\u0142y si\u0119 do awansu do fazy p\u00f3\u0142fina\u0142owej. &nbsp; \u201eWr\u00f3blewskiego\u201d reprezentowa\u0142y: Martyna Kwoka 4a, Magdalena \u0141atak 4a, Natalia Orlicka 4c, Gabriela Pabian 4c, Olga W\u0142oczewska [&hellip;]<\/p>\n","protected":false},"author":2,"featured_media":16597,"comment_status":"closed","ping_status":"closed","sticky":false,"template":"","format":"standard","meta":[],"categories":[1],"tags":[],"_links":{"self":[{"href":"https:\/\/www.wroblewski.krakow.pl\/index.php?rest_route=\/wp\/v2\/posts\/16591"}],"collection":[{"href":"https:\/\/www.wroblewski.krakow.pl\/index.php?rest_route=\/wp\/v2\/posts"}],"about":[{"href":"https:\/\/www.wroblewski.krakow.pl\/index.php?rest_route=\/wp\/v2\/types\/post"}],"author":[{"embeddable":true,"href":"https:\/\/www.wroblewski.krakow.pl\/index.php?rest_route=\/wp\/v2\/users\/2"}],"replies":[{"embeddable":true,"href":"https:\/\/www.wroblewski.krakow.pl\/index.php?rest_route=%2Fwp%2Fv2%2Fcomments&post=16591"}],"version-history":[{"count":1,"href":"https:\/\/www.wroblewski.krakow.pl\/index.php?rest_route=\/wp\/v2\/posts\/16591\/revisions"}],"predecessor-version":[{"id":16592,"href":"https:\/\/www.wroblewski.krakow.pl\/index.php?rest_route=\/wp\/v2\/posts\/16591\/revisions\/16592"}],"wp:featuredmedia":[{"embeddable":true,"href":"https:\/\/www.wroblewski.krakow.pl\/index.php?rest_route=\/wp\/v2\/media\/16597"}],"wp:attachment":[{"href":"https:\/\/www.wroblewski.krakow.pl\/index.php?rest_route=%2Fwp%2Fv2%2Fmedia&parent=16591"}],"wp:term":[{"taxonomy":"category","embeddable":true,"href":"https:\/\/www.wroblewski.krakow.pl\/index.php?rest_route=%2Fwp%2Fv2%2Fcategories&post=16591"},{"taxonomy":"post_tag","embeddable":true,"href":"https:\/\/www.wroblewski.krakow.pl\/index.php?rest_route=%2Fwp%2Fv2%2Ftags&post=16591"}],"curies":[{"name":"wp","href":"https:\/\/api.w.org\/{rel}","templated":true}]}}