{"id":16739,"date":"2024-01-26T07:34:04","date_gmt":"2024-01-26T06:34:04","guid":{"rendered":"https:\/\/www.wroblewski.krakow.pl\/?p=16739"},"modified":"2024-01-26T09:53:56","modified_gmt":"2024-01-26T08:53:56","slug":"klasa-2a-na-lekcji-muzealnej-pt-szabla-bulawa-sarmacka-zabawa","status":"publish","type":"post","link":"https:\/\/www.wroblewski.krakow.pl\/?p=16739","title":{"rendered":"Klasa 2a na lekcji muzealnej pt. ,,Szabla, bu\u0142awa, sarmacka zabawa\u201d"},"content":{"rendered":"<p>W dniu 24 stycznia 2024 roku <b>klasa 2a<\/b> wzi\u0119\u0142a udzia\u0142 w lekcji muzealnej pt. <b>,,Kontusz, bu\u0142awa, sarmacka zabawa\u201d<\/b>. Zaj\u0119cia odby\u0142y si\u0119 w murach <b>MNK Muzeum Czartoryskich<\/b>.<\/p>\n<p>&nbsp;<\/p>\n<p>Podziwiaj\u0105c wspania\u0142e zbiory najstarszego muzeum w Polsce uczniowie wys\u0142uchali opowie\u015bci o barwnej przesz\u0142o\u015bci naszych przodk\u00f3w &#8211; Sarmat\u00f3w. W\u015br\u00f3d informacji przekazanych na zaj\u0119ciach zaciekawi\u0142y ich nie tylko opowie\u015bci z codziennego \u017cycia Sarmat\u00f3w, ale r\u00f3wnie\u017c z ich dzia\u0142alno\u015bci politycznej i wojskowej. Du\u017ce zainteresowanie wzbudzi\u0142y unikatowe dzie\u0142a sztuki, min. ceramika, srebra, tkaniny, orientalne i polskie militaria.<\/p>\n<p>&nbsp;<\/p>\n<p>Na zako\u0144czenie m\u0142odzie\u017c obejrza\u0142a per\u0142y kolekcji Muzeum Czartoryskich: obraz Leonardo da Vinci ,,Dama z gronostajem\u201d oraz obraz Rembrandta van Rijn ,,Krajobraz z mi\u0142osiernym samarytaninem\u201d.<\/p>\n<p>&nbsp;<\/p>\n<p>Wyj\u015bcie zorganizowa\u0142a Pani mgr <b>Jolanta Gurtat<\/b>, wychowawczyni klasy 2a i nauczyciel historii, kt\u00f3ra pe\u0142ni\u0142a opiek\u0119 nad uczniami wraz z Pani\u0105 mgr <b>Ann\u0105 Cisowsk\u0105<\/b>.<\/p>\n<p>&nbsp;<\/p>\n<p align=\"right\"><i>Krak\u00f3w, 25.01.2024 r., mgr J. Gurtat<\/i><\/p>\n<p style=\"text-align: left;\" align=\"right\"><a href=\"https:\/\/www.wroblewski.krakow.pl\/wp-content\/uploads\/2024\/01\/2a-muz-czart-24.01.2024-2.jpg\"><img decoding=\"async\" loading=\"lazy\" width=\"300\" height=\"200\" class=\"alignleft size-medium wp-image-16741\" alt=\"2a muz czart 24.01.2024 2\" src=\"https:\/\/www.wroblewski.krakow.pl\/wp-content\/uploads\/2024\/01\/2a-muz-czart-24.01.2024-2-300x200.jpg\" srcset=\"https:\/\/www.wroblewski.krakow.pl\/wp-content\/uploads\/2024\/01\/2a-muz-czart-24.01.2024-2-300x200.jpg 300w, https:\/\/www.wroblewski.krakow.pl\/wp-content\/uploads\/2024\/01\/2a-muz-czart-24.01.2024-2.jpg 1024w\" sizes=\"(max-width: 300px) 100vw, 300px\" \/><\/a><a href=\"https:\/\/www.wroblewski.krakow.pl\/wp-content\/uploads\/2024\/01\/2a-muz-czart-24.01.2024-1.jpg\"><img decoding=\"async\" loading=\"lazy\" width=\"300\" height=\"200\" class=\"alignleft size-medium wp-image-16742\" alt=\"2a muz czart 24.01.2024 1\" src=\"https:\/\/www.wroblewski.krakow.pl\/wp-content\/uploads\/2024\/01\/2a-muz-czart-24.01.2024-1-300x200.jpg\" srcset=\"https:\/\/www.wroblewski.krakow.pl\/wp-content\/uploads\/2024\/01\/2a-muz-czart-24.01.2024-1-300x200.jpg 300w, https:\/\/www.wroblewski.krakow.pl\/wp-content\/uploads\/2024\/01\/2a-muz-czart-24.01.2024-1.jpg 1024w\" sizes=\"(max-width: 300px) 100vw, 300px\" \/><\/a><\/p>\n","protected":false},"excerpt":{"rendered":"<p>W dniu 24 stycznia 2024 roku klasa 2a wzi\u0119\u0142a udzia\u0142 w lekcji muzealnej pt. ,,Kontusz, bu\u0142awa, sarmacka zabawa\u201d. Zaj\u0119cia odby\u0142y si\u0119 w murach MNK Muzeum Czartoryskich. &nbsp; Podziwiaj\u0105c wspania\u0142e zbiory najstarszego muzeum w Polsce uczniowie wys\u0142uchali opowie\u015bci o barwnej przesz\u0142o\u015bci naszych przodk\u00f3w &#8211; Sarmat\u00f3w. W\u015br\u00f3d informacji przekazanych na zaj\u0119ciach zaciekawi\u0142y ich nie tylko opowie\u015bci z codziennego \u017cycia Sarmat\u00f3w, ale r\u00f3wnie\u017c z ich dzia\u0142alno\u015bci politycznej i wojskowej. Du\u017ce zainteresowanie wzbudzi\u0142y unikatowe dzie\u0142a sztuki, min. ceramika, srebra, tkaniny, orientalne i polskie militaria. &nbsp; Na zako\u0144czenie m\u0142odzie\u017c obejrza\u0142a per\u0142y kolekcji Muzeum Czartoryskich: obraz Leonardo da Vinci ,,Dama z gronostajem\u201d oraz obraz Rembrandta van [&hellip;]<\/p>\n","protected":false},"author":2,"featured_media":16740,"comment_status":"closed","ping_status":"closed","sticky":false,"template":"","format":"standard","meta":[],"categories":[1],"tags":[],"_links":{"self":[{"href":"https:\/\/www.wroblewski.krakow.pl\/index.php?rest_route=\/wp\/v2\/posts\/16739"}],"collection":[{"href":"https:\/\/www.wroblewski.krakow.pl\/index.php?rest_route=\/wp\/v2\/posts"}],"about":[{"href":"https:\/\/www.wroblewski.krakow.pl\/index.php?rest_route=\/wp\/v2\/types\/post"}],"author":[{"embeddable":true,"href":"https:\/\/www.wroblewski.krakow.pl\/index.php?rest_route=\/wp\/v2\/users\/2"}],"replies":[{"embeddable":true,"href":"https:\/\/www.wroblewski.krakow.pl\/index.php?rest_route=%2Fwp%2Fv2%2Fcomments&post=16739"}],"version-history":[{"count":2,"href":"https:\/\/www.wroblewski.krakow.pl\/index.php?rest_route=\/wp\/v2\/posts\/16739\/revisions"}],"predecessor-version":[{"id":16744,"href":"https:\/\/www.wroblewski.krakow.pl\/index.php?rest_route=\/wp\/v2\/posts\/16739\/revisions\/16744"}],"wp:featuredmedia":[{"embeddable":true,"href":"https:\/\/www.wroblewski.krakow.pl\/index.php?rest_route=\/wp\/v2\/media\/16740"}],"wp:attachment":[{"href":"https:\/\/www.wroblewski.krakow.pl\/index.php?rest_route=%2Fwp%2Fv2%2Fmedia&parent=16739"}],"wp:term":[{"taxonomy":"category","embeddable":true,"href":"https:\/\/www.wroblewski.krakow.pl\/index.php?rest_route=%2Fwp%2Fv2%2Fcategories&post=16739"},{"taxonomy":"post_tag","embeddable":true,"href":"https:\/\/www.wroblewski.krakow.pl\/index.php?rest_route=%2Fwp%2Fv2%2Ftags&post=16739"}],"curies":[{"name":"wp","href":"https:\/\/api.w.org\/{rel}","templated":true}]}}