{"id":1679,"date":"2015-01-11T21:04:58","date_gmt":"2015-01-11T20:04:58","guid":{"rendered":"https:\/\/www.wroblewski.krakow.pl\/?p=1679"},"modified":"2015-01-11T21:04:58","modified_gmt":"2015-01-11T20:04:58","slug":"olimpiada-wiedzy-ekologicznej","status":"publish","type":"post","link":"https:\/\/www.wroblewski.krakow.pl\/?p=1679","title":{"rendered":"Olimpiada Wiedzy Ekologicznej"},"content":{"rendered":"<p>W dniu 12 stycznia 2015 r. w naszym Liceum odb\u0119d\u0105 si\u0119 eliminacje szkolne XXX Olimpiady Wiedzy Ekologicznej. Do konkursu zg\u0142osili si\u0119 uczniowie szczeg\u00f3lnie zainteresowani biologi\u0105 oraz zagadnieniami ekologii i ochrony \u015brodowiska. Celem tej Olimpiady jest kszta\u0142towanie \u015bwiadomo\u015bci ekologicznej oraz w\u0142a\u015bciwych postaw m\u0142odzie\u017cy wobec \u015brodowiska przyrodniczego oraz inspiracja do podejmowania dzia\u0142a\u0144 na rzecz ochrony i poprawy stanu naszego \u015brodowiska. Merytorycznym organizatorem i patronem OWE jest Szko\u0142a G\u0142\u00f3wna Gospodarstwa Wiejskiego w Warszawie, przy wsparciu ministra \u015arodowiska oraz Ligii Ochrony Przyrody.<\/p>\n<p>Uczestnikom \u017cyczymy POWODZENIA!<\/p>\n<p>&nbsp;<\/p>\n<p align=\"right\"><i>Nauczyciele biologii<\/i><\/p>\n<p align=\"right\"><i>mgr Gra\u017cyna Kubic<\/i><\/p>\n<p>&nbsp;<\/p>\n<p>&nbsp;<\/p>\n<p>&nbsp;<\/p>\n","protected":false},"excerpt":{"rendered":"<p>W dniu 12 stycznia 2015 r. w naszym Liceum odb\u0119d\u0105 si\u0119 eliminacje szkolne XXX Olimpiady Wiedzy Ekologicznej. Do konkursu zg\u0142osili si\u0119 uczniowie szczeg\u00f3lnie zainteresowani biologi\u0105 oraz zagadnieniami ekologii i ochrony \u015brodowiska. Celem tej Olimpiady jest kszta\u0142towanie \u015bwiadomo\u015bci ekologicznej oraz w\u0142a\u015bciwych postaw m\u0142odzie\u017cy wobec \u015brodowiska przyrodniczego oraz inspiracja do podejmowania dzia\u0142a\u0144 na rzecz ochrony i poprawy stanu naszego \u015brodowiska. Merytorycznym organizatorem i patronem OWE jest Szko\u0142a G\u0142\u00f3wna Gospodarstwa Wiejskiego w Warszawie, przy wsparciu ministra \u015arodowiska oraz Ligii Ochrony Przyrody. Uczestnikom \u017cyczymy POWODZENIA! &nbsp; Nauczyciele biologii mgr Gra\u017cyna Kubic &nbsp; &nbsp; &nbsp;<\/p>\n","protected":false},"author":6,"featured_media":1680,"comment_status":"closed","ping_status":"closed","sticky":false,"template":"","format":"standard","meta":[],"categories":[1],"tags":[],"_links":{"self":[{"href":"https:\/\/www.wroblewski.krakow.pl\/index.php?rest_route=\/wp\/v2\/posts\/1679"}],"collection":[{"href":"https:\/\/www.wroblewski.krakow.pl\/index.php?rest_route=\/wp\/v2\/posts"}],"about":[{"href":"https:\/\/www.wroblewski.krakow.pl\/index.php?rest_route=\/wp\/v2\/types\/post"}],"author":[{"embeddable":true,"href":"https:\/\/www.wroblewski.krakow.pl\/index.php?rest_route=\/wp\/v2\/users\/6"}],"replies":[{"embeddable":true,"href":"https:\/\/www.wroblewski.krakow.pl\/index.php?rest_route=%2Fwp%2Fv2%2Fcomments&post=1679"}],"version-history":[{"count":1,"href":"https:\/\/www.wroblewski.krakow.pl\/index.php?rest_route=\/wp\/v2\/posts\/1679\/revisions"}],"predecessor-version":[{"id":1681,"href":"https:\/\/www.wroblewski.krakow.pl\/index.php?rest_route=\/wp\/v2\/posts\/1679\/revisions\/1681"}],"wp:featuredmedia":[{"embeddable":true,"href":"https:\/\/www.wroblewski.krakow.pl\/index.php?rest_route=\/wp\/v2\/media\/1680"}],"wp:attachment":[{"href":"https:\/\/www.wroblewski.krakow.pl\/index.php?rest_route=%2Fwp%2Fv2%2Fmedia&parent=1679"}],"wp:term":[{"taxonomy":"category","embeddable":true,"href":"https:\/\/www.wroblewski.krakow.pl\/index.php?rest_route=%2Fwp%2Fv2%2Fcategories&post=1679"},{"taxonomy":"post_tag","embeddable":true,"href":"https:\/\/www.wroblewski.krakow.pl\/index.php?rest_route=%2Fwp%2Fv2%2Ftags&post=1679"}],"curies":[{"name":"wp","href":"https:\/\/api.w.org\/{rel}","templated":true}]}}