{"id":16879,"date":"2023-10-24T16:20:13","date_gmt":"2023-10-24T15:20:13","guid":{"rendered":"https:\/\/www.wroblewski.krakow.pl\/?p=16879"},"modified":"2024-02-28T16:20:56","modified_gmt":"2024-02-28T15:20:56","slug":"wroblewski-w-programie-rok-zerowy-agh-3","status":"publish","type":"post","link":"https:\/\/www.wroblewski.krakow.pl\/?p=16879","title":{"rendered":"\u201eWr\u00f3blewski\u201d w programie \u201eRok Zerowy AGH\u201d"},"content":{"rendered":"<p>IX Liceum Og\u00f3lnokszta\u0142c\u0105ce przyst\u0105pi\u0142o po raz sz\u00f3sty do programu <b>\u201eRok Zerowy AGH\u201d <\/b>realizowanego we wsp\u00f3\u0142pracy z Akademi\u0105 G\u00f3rniczo-Hutnicz\u0105. W ramach tego projektu czterdziestu dw\u00f3ch uczni\u00f3w klas trzecich i czwartych b\u0119dzie uczestniczy\u0142o w dodatkowych zaj\u0119ciach z matematyki. Celem przedsi\u0119wzi\u0119cia jest pog\u0142\u0119bienie, doskonalenie i popularyzacja wiedzy z zakresu nauk \u015bcis\u0142ych oraz pomoc licealistom w przygotowaniu si\u0119 do matury z matematyki na poziomie rozszerzonym i olimpiady \u201eO Diamentowy Indeks AGH\u201d.<\/p>\n<p>Kurs potrwa od listopada 2023 roku do ko\u0144ca roku szkolnego. Zaj\u0119cia odbywaj\u0105 si\u0119 we wtorki od 13:15 do 14:55 (dla klas trzecich) oraz czwartki od 12:20 do 14.00 (dla klas czwartych). Koordynatork\u0105 projektu w Naszym Liceum jest <b>Pani mgr Ma\u0142gorzata Malinowska<\/b>, <b>nauczyciel matematyki<\/b>.<\/p>\n<p>Je\u017celi chcesz studiowa\u0107 na AGH lub po prostu planujesz zdawa\u0107 egzamin maturalny z matematyki na poziomie rozszerzonym, to zg\u0142o\u015b si\u0119 ju\u017c teraz, \u017ceby w przysz\u0142ym roku szkolnym mog\u0142y powsta\u0107 kolejne grupy \u201eRoku Zerowego AGH\u201d.<\/p>\n<p>Zg\u0142oszenia przyjmuj\u0105 Pani mgr Magdalena Goszty\u0142a i Pani mgr Ewa Skibi\u0144ska.<\/p>\n<p align=\"right\"><i>Krak\u00f3w, 24.10.2023 r., mgr Ma\u0142gorzata Malinowska, mgr Magdalena Goszty\u0142a, mgr Ewa Skibi\u0144ska<\/i><\/p>\n","protected":false},"excerpt":{"rendered":"<p>IX Liceum Og\u00f3lnokszta\u0142c\u0105ce przyst\u0105pi\u0142o po raz sz\u00f3sty do programu \u201eRok Zerowy AGH\u201d realizowanego we wsp\u00f3\u0142pracy z Akademi\u0105 G\u00f3rniczo-Hutnicz\u0105. W ramach tego projektu czterdziestu dw\u00f3ch uczni\u00f3w klas trzecich i czwartych b\u0119dzie uczestniczy\u0142o w dodatkowych zaj\u0119ciach z matematyki. Celem przedsi\u0119wzi\u0119cia jest pog\u0142\u0119bienie, doskonalenie i popularyzacja wiedzy z zakresu nauk \u015bcis\u0142ych oraz pomoc licealistom w przygotowaniu si\u0119 do matury z matematyki na poziomie rozszerzonym i olimpiady \u201eO Diamentowy Indeks AGH\u201d. Kurs potrwa od listopada 2023 roku do ko\u0144ca roku szkolnego. Zaj\u0119cia odbywaj\u0105 si\u0119 we wtorki od 13:15 do 14:55 (dla klas trzecich) oraz czwartki od 12:20 do 14.00 (dla klas czwartych). Koordynatork\u0105 projektu [&hellip;]<\/p>\n","protected":false},"author":2,"featured_media":0,"comment_status":"closed","ping_status":"closed","sticky":false,"template":"","format":"standard","meta":[],"categories":[1],"tags":[],"_links":{"self":[{"href":"https:\/\/www.wroblewski.krakow.pl\/index.php?rest_route=\/wp\/v2\/posts\/16879"}],"collection":[{"href":"https:\/\/www.wroblewski.krakow.pl\/index.php?rest_route=\/wp\/v2\/posts"}],"about":[{"href":"https:\/\/www.wroblewski.krakow.pl\/index.php?rest_route=\/wp\/v2\/types\/post"}],"author":[{"embeddable":true,"href":"https:\/\/www.wroblewski.krakow.pl\/index.php?rest_route=\/wp\/v2\/users\/2"}],"replies":[{"embeddable":true,"href":"https:\/\/www.wroblewski.krakow.pl\/index.php?rest_route=%2Fwp%2Fv2%2Fcomments&post=16879"}],"version-history":[{"count":1,"href":"https:\/\/www.wroblewski.krakow.pl\/index.php?rest_route=\/wp\/v2\/posts\/16879\/revisions"}],"predecessor-version":[{"id":16880,"href":"https:\/\/www.wroblewski.krakow.pl\/index.php?rest_route=\/wp\/v2\/posts\/16879\/revisions\/16880"}],"wp:attachment":[{"href":"https:\/\/www.wroblewski.krakow.pl\/index.php?rest_route=%2Fwp%2Fv2%2Fmedia&parent=16879"}],"wp:term":[{"taxonomy":"category","embeddable":true,"href":"https:\/\/www.wroblewski.krakow.pl\/index.php?rest_route=%2Fwp%2Fv2%2Fcategories&post=16879"},{"taxonomy":"post_tag","embeddable":true,"href":"https:\/\/www.wroblewski.krakow.pl\/index.php?rest_route=%2Fwp%2Fv2%2Ftags&post=16879"}],"curies":[{"name":"wp","href":"https:\/\/api.w.org\/{rel}","templated":true}]}}