{"id":16888,"date":"2024-03-01T15:49:04","date_gmt":"2024-03-01T14:49:04","guid":{"rendered":"https:\/\/www.wroblewski.krakow.pl\/?p=16888"},"modified":"2024-05-09T11:54:24","modified_gmt":"2024-05-09T10:54:24","slug":"zaproszenie-na-zjazd-absolwentow-z-okazji-jubileuszu-65-lecia-ix-lo-w-krakowie","status":"publish","type":"post","link":"https:\/\/www.wroblewski.krakow.pl\/?p=16888","title":{"rendered":"Zaproszenie na Zjazd Absolwent\u00f3w z okazji Jubileuszu 65-lecia IX LO w Krakowie"},"content":{"rendered":"<p style=\"text-align: center;\">Szanowni Pa\u0144stwo, Drodzy Absolwenci i Przyjaciele IX LO im. Zygmunta Wr\u00f3blewskiego w Krakowie!<\/p>\n<p>&nbsp;<\/p>\n<p align=\"center\">IX LO w Krakowie \u015bwi\u0119tuje w roku szkolnym 2023\/ 2024\u00a0<strong>jubileusz 65-lecia<\/strong> swojego istnienia.<\/p>\n<p align=\"center\">Z tej okazji szko\u0142a otrzyma\u0142a pi\u0119kne, nowoczesne centrum sportowe, w kt\u00f3rym<\/p>\n<p align=\"center\"><b>w dniu 25 maja 2024 roku (sobota)<\/b><\/p>\n<p align=\"center\">odb\u0119dzie si\u0119<\/p>\n<p align=\"center\"><b>Jubileuszowy Zjazd Absolwent\u00f3w, Profesor\u00f3w,<\/b><\/p>\n<p align=\"center\"><b>Pracownik\u00f3w i Przyjaci\u00f3\u0142<\/b><\/p>\n<p align=\"center\"><b>IX Liceum Og\u00f3lnokszta\u0142c\u0105cego<\/b><\/p>\n<p align=\"center\"><b>im. Zygmunta Wr\u00f3blewskiego w Krakowie<\/b><\/p>\n<p>&nbsp;<\/p>\n<p>&nbsp;<\/p>\n<p align=\"center\"><b>Program spotkania<\/b><\/p>\n<ul>\n<li>godz. <b>10.00<\/b> w ko\u015bciele parafialnym pw. \u015bw. Szczepana w Krakowie \u2013 msza \u015bw. w intencji zmar\u0142ych Profesor\u00f3w, Absolwent\u00f3w\/ Uczni\u00f3w i Pracownik\u00f3w szko\u0142y<\/li>\n<li>godz.<b> 11.15<\/b> w nowej hali sportowej \u2013 uroczyste otwarcie Zjazdu, program artystyczny przygotowany przez obecnych uczni\u00f3w<\/li>\n<li>godz. <b>12.30<\/b> w budynku szko\u0142y \u2013 spotkania kole\u017ce\u0144skie, pocz\u0119stunek, wystawa zdj\u0119\u0107 i szkolnych kronik<\/li>\n<\/ul>\n<p>&nbsp;<\/p>\n<p>Uwaga:\u00a0<strong>rejestracja<\/strong> uczestnik\u00f3w Zjazdu rozpocznie si\u0119 od godz. 10.15 i b\u0119dzie trwa\u0107 do godz. 11.10. Osoby wchodz\u0105ce na teren szko\u0142y obowi\u0105zuje zakup<strong> identyfikator<\/strong>a w cenie <strong>2 z\u0142<\/strong>. P\u0142atno\u015b\u0107 wy\u0142\u0105cznie got\u00f3wk\u0105. Identyfikator b\u0119dzie zawiera\u0107 imi\u0119 i nazwisko (panie\u0144skie) absolwenta oraz rok uko\u0144czenia szko\u0142y i s\u0142u\u017cy\u0107 b\u0119dzie rozpoznaniu si\u0119 po latach:). Uczestnicy, kt\u00f3rzy dokonali\/ dokonaj\u0105 wp\u0142aty &#8222;wpisowego&#8221; nie wnosz\u0105 op\u0142aty za identyfikator.<\/p>\n<p>&nbsp;<\/p>\n<p>&nbsp;<\/p>\n<p>Serdecznie Pa\u0144stwa zapraszamy do z\u0142o\u017cenia wizyty w szkole i wzi\u0119cia udzia\u0142u w uroczysto\u015bci, kt\u00f3r\u0105 przygotowuj\u0105 dla Pa\u0144stwa obecni uczniowie.\u00a0Po cz\u0119\u015bci oficjalnej b\u0119dzie mo\u017cna spotka\u0107 si\u0119 z kole\u017cankami i kolegami oraz nauczycielami, obejrze\u0107 szkolne kroniki, usi\u0105\u015b\u0107 na \u201eswoim\u201d miejscu w klasie i przywo\u0142a\u0107 wspomnienia lat minionych\u2026<\/p>\n<p>&nbsp;<\/p>\n<p><b>K\u0105cik kulinarny:<\/b><\/p>\n<p>Przy boisku b\u0119dzie czynny grill, a na parterze w sali nr 7 kawiarenka. Uczestnik\u00f3w Zjazdu obowi\u0105zuje <b>wpisowe w kwocie 70 z\u0142otych<\/b>, kt\u00f3re nale\u017cy wp\u0142aci\u0107 do 19 maja 2024 roku na konto nr <b>20 1020 2892 0000 5102 0015 6216<\/b> o tre\u015bci wed\u0142ug wzoru: \u201eUdzia\u0142 w jubileuszu IX LO, Anna Kowalska (Nowak), 1975, Klasa B\u201d <i>(Udzia\u0142 w jubileuszu IX LO, imi\u0119 i nazwisko (nazwisko rodowe), rocznik matury\/ uko\u0144czenia szko\u0142y, klasa)<\/i>.<\/p>\n<p>W tej kwocie gwarantujemy ciep\u0142y pocz\u0119stunek (grillowany karczek i kie\u0142bask\u0119, grillowane warzywa), pieczywo, butelk\u0119 wody lub soku, kawa\u0142ek ciasta i fili\u017cank\u0119 kawy lub herbaty. Informujemy, \u017ce nie b\u0119dzie mo\u017cliwo\u015bci dokonania zakupu tego zestawu na miejscu, poniewa\u017c ich ilo\u015b\u0107 zostanie przygotowana dla os\u00f3b, kt\u00f3re dokonaj\u0105 \u201ewpisowego\u201d.<\/p>\n<p>&nbsp;<\/p>\n<p>&nbsp;<\/p>\n<p>&nbsp;<\/p>\n<p align=\"center\"><b>Informacje dotycz\u0105ce Ksi\u0119gi Jubileuszowej:<\/b><\/p>\n<p><b>1. Tekst ze wspomnieniami i zdj\u0119cia do Ksi\u0119gi Jubileuszowej<\/b><\/p>\n<p>Swoje wspomnienia zwi\u0105zane z IX LO mo\u017cna zapisa\u0107 i przes\u0142a\u0107 do zamieszczenia w Ksi\u0119dze Jubileuszowej, kt\u00f3r\u0105 planujemy wyda\u0107 drukiem jesieni\u0105 po zako\u0144czeniu roku jubileuszowego. Zapraszamy Pa\u0144stwa do wsp\u00f3\u0142pracy i prosimy do 07 kwietnia 2024 roku o nades\u0142anie tekst\u00f3w i zdj\u0119\u0107 na adres: 65lecie.wroblewski@gmail.com<\/p>\n<p>Mo\u017ce to by\u0107 wspomnienie o osobach z klasy, jakiej\u015b wybranej osobie \u2013 \u017cyj\u0105cej lub nie\u017cyj\u0105cej \u2013 nauczycielu \u2013 kole\u017cance\/ koledze z klasy, zdarzeniu lub tekst obejmuj\u0105cy kilka w\u0105tk\u00f3w na tle np. historycznym, itp.<\/p>\n<p>Tekst wspomnieniowy mo\u017cna wzbogaci\u0107 o 3-4 zdj\u0119cia\/rysunki zwi\u0105zane z osobami\/szko\u0142\u0105. D\u0142ugo\u015b\u0107 tekstu nie powinna przekracza\u0107 3 stron A4, zapisanych czcionk\u0105 Times New Roman, rozmiar 12, odleg\u0142o\u015b\u0107 mi\u0119dzy linijkami 1.15, ok. 480 wyraz\u00f3w na stronie. Uprzejmie prosimy o do\u0142\u0105czenie w\u0142asnego zdj\u0119cia, zapisanego w formacie jpg.<\/p>\n<p>Z uwagi na obj\u0119to\u015b\u0107 Ksi\u0119gi zastrzegamy sobie prawo do wyboru tekst\u00f3w lub ich skr\u00f3cenia, po wcze\u015bniejszej konsultacji z autorami.<\/p>\n<p>&nbsp;<\/p>\n<p>&nbsp;<\/p>\n<p><b>2. Wsparcie finansowe wydania Ksi\u0119gi Jubileuszowej<\/b><\/p>\n<p>Prosimy te\u017c o wsparcie finansowe druku Ksi\u0119gi Jubileuszowej. Nazwiska os\u00f3b i nazwy firm, kt\u00f3re dokonaj\u0105 wp\u0142aty minimum 300,00 z\u0142, zostan\u0105 zamieszczone w ksi\u0105\u017cce w \u201eSpisie Przyjaci\u00f3\u0142 i Darczy\u0144c\u00f3w\u201d. Wp\u0142aty prosimy kierowa\u0107 na konto nr <b>20 1020 2892 0000 5102 0015 6216<\/b> o tre\u015bci wed\u0142ug wzoru: \u201eDruk monografii IX LO, Anna Kowalska (Nowak), 1975, Klasa B\u201d <i>(Druk monografii IX LO, imi\u0119 i nazwisko (nazwisko rodowe), rocznik matury\/ uko\u0144czenia szko\u0142y, klasa)<\/i>.<\/p>\n<p>&nbsp;<\/p>\n<p>&nbsp;<\/p>\n<p><b>3. Zakup Ksi\u0119gi Jubileuszowej<\/b><\/p>\n<p><strong><span style=\"color: #ff0000;\">Uwaga<\/span><\/strong>: informacja z dnia 09 maja 2024 roku: ilo\u015b\u0107 zebranego materia\u0142u do Ksi\u0119gi i zwi\u0105zany z tym wzrost koszt\u00f3w jej druku powoduje zmian\u0119 ceny jej zakupu. Prosimy o wstrzymanie si\u0119 z dokonywaniem wp\u0142at na zakup Ksi\u0119gi do czasu, a\u017c zostanie ustalona ostateczna cena. Dzi\u0119kujemy za zrozumienie!!! I prosimy o realizacj\u0119 wp\u0142at w zakresie &#8222;Wsparcie finansowe wydania Ksi\u0119gi Jubileuszowej&#8221;.<\/p>\n<p>&nbsp;<\/p>\n<p>Przewidywany koszt druku jednego egzemplarza Ksi\u0119gi Jubileuszowej wynosi ok. 50 z\u0142otych. W drukarni zostanie zam\u00f3wionych tyle egzemplarzy, ile os\u00f3b dokona jej zam\u00f3wienia. Zam\u00f3wienia na zakup Ksi\u0119gi Jubileuszowej nale\u017cy kierowa\u0107 adres 65lecie.wroblewski@gmail.com<\/p>\n<p>Wp\u0142at\u0119 nale\u017cy kierowa\u0107 na konto nr <b>20 1020 2892 0000 5102 0015 6216<\/b> \u00a0o tre\u015bci wed\u0142ug wzoru: \u201eZakup monografii IX LO, Anna Kowalska (Nowak), 1975, Klasa B\u201d <i>(Zakup monografii IX LO, imi\u0119 i nazwisko (nazwisko rodowe), rocznik matury\/ uko\u0144czenia szko\u0142y, klasa)<\/i>.<\/p>\n<p>Ksi\u0105\u017ck\u0119 b\u0119dzie mo\u017cna odebra\u0107 w sekretariacie szko\u0142y. O terminie odbioru zostan\u0105 Pa\u0144stwo poinformowani mailowo lub telefonicznie (przy sk\u0142adaniu zam\u00f3wienia nale\u017cy poda\u0107 numer telefonu).<\/p>\n<p>&nbsp;<\/p>\n<p>Zapraszamy Pa\u0144stwa do wsp\u00f3\u0142pracy, serdecznie pozdrawiamy i do zobaczenia w IX Liceum!<\/p>\n<p align=\"right\">W imieniu organizator\u00f3w<\/p>\n<p align=\"right\"><i>Aleksandra Pagacz-Pociask, dyrektor szko\u0142y<\/i><\/p>\n<p>&nbsp;<\/p>\n<p>&nbsp;<\/p>\n<p>&nbsp;<\/p>\n<p>Administratorem danych osobowych jest IX Liceum Og\u00f3lnokszta\u0142c\u0105ce im. Z. Wr\u00f3blewskiego w Krakowie, ul. K. Czapi\u0144skiego 5, 30-048 Krak\u00f3w. <b>Inspektor ochrony danych <\/b>&#8211; dane kontaktowe: tel. 12-616 84 09, e-mail:\u00a0inspektor4@mjo.krakow.pl.<\/p>\n<p>Przetwarzanie danych osobowych odbywa si\u0119 zgodnie z art. 5 ust. 1, pkt a-f oraz art. 6 ust. 1, pkt c-d RODO i wy\u0142\u0105cznie w celu organizacji Zjazdu Absolwent\u00f3w, Nauczycieli i Pracownik\u00f3w oraz publikacji Ksi\u0119gi Jubileuszowej.<\/p>\n","protected":false},"excerpt":{"rendered":"<p>Szanowni Pa\u0144stwo, Drodzy Absolwenci i Przyjaciele IX LO im. Zygmunta Wr\u00f3blewskiego w Krakowie! &nbsp; IX LO w Krakowie \u015bwi\u0119tuje w roku szkolnym 2023\/ 2024\u00a0jubileusz 65-lecia swojego istnienia. Z tej okazji szko\u0142a otrzyma\u0142a pi\u0119kne, nowoczesne centrum sportowe, w kt\u00f3rym w dniu 25 maja 2024 roku (sobota) odb\u0119dzie si\u0119 Jubileuszowy Zjazd Absolwent\u00f3w, Profesor\u00f3w, Pracownik\u00f3w i Przyjaci\u00f3\u0142 IX Liceum Og\u00f3lnokszta\u0142c\u0105cego im. Zygmunta Wr\u00f3blewskiego w Krakowie &nbsp; &nbsp; Program spotkania godz. 10.00 w ko\u015bciele parafialnym pw. \u015bw. Szczepana w Krakowie \u2013 msza \u015bw. w intencji zmar\u0142ych Profesor\u00f3w, Absolwent\u00f3w\/ Uczni\u00f3w i Pracownik\u00f3w szko\u0142y godz. 11.15 w nowej hali sportowej \u2013 uroczyste otwarcie Zjazdu, program artystyczny [&hellip;]<\/p>\n","protected":false},"author":2,"featured_media":16889,"comment_status":"closed","ping_status":"closed","sticky":false,"template":"","format":"standard","meta":[],"categories":[1],"tags":[],"_links":{"self":[{"href":"https:\/\/www.wroblewski.krakow.pl\/index.php?rest_route=\/wp\/v2\/posts\/16888"}],"collection":[{"href":"https:\/\/www.wroblewski.krakow.pl\/index.php?rest_route=\/wp\/v2\/posts"}],"about":[{"href":"https:\/\/www.wroblewski.krakow.pl\/index.php?rest_route=\/wp\/v2\/types\/post"}],"author":[{"embeddable":true,"href":"https:\/\/www.wroblewski.krakow.pl\/index.php?rest_route=\/wp\/v2\/users\/2"}],"replies":[{"embeddable":true,"href":"https:\/\/www.wroblewski.krakow.pl\/index.php?rest_route=%2Fwp%2Fv2%2Fcomments&post=16888"}],"version-history":[{"count":7,"href":"https:\/\/www.wroblewski.krakow.pl\/index.php?rest_route=\/wp\/v2\/posts\/16888\/revisions"}],"predecessor-version":[{"id":17389,"href":"https:\/\/www.wroblewski.krakow.pl\/index.php?rest_route=\/wp\/v2\/posts\/16888\/revisions\/17389"}],"wp:featuredmedia":[{"embeddable":true,"href":"https:\/\/www.wroblewski.krakow.pl\/index.php?rest_route=\/wp\/v2\/media\/16889"}],"wp:attachment":[{"href":"https:\/\/www.wroblewski.krakow.pl\/index.php?rest_route=%2Fwp%2Fv2%2Fmedia&parent=16888"}],"wp:term":[{"taxonomy":"category","embeddable":true,"href":"https:\/\/www.wroblewski.krakow.pl\/index.php?rest_route=%2Fwp%2Fv2%2Fcategories&post=16888"},{"taxonomy":"post_tag","embeddable":true,"href":"https:\/\/www.wroblewski.krakow.pl\/index.php?rest_route=%2Fwp%2Fv2%2Ftags&post=16888"}],"curies":[{"name":"wp","href":"https:\/\/api.w.org\/{rel}","templated":true}]}}