{"id":1712,"date":"2015-01-22T21:41:54","date_gmt":"2015-01-22T20:41:54","guid":{"rendered":"https:\/\/www.wroblewski.krakow.pl\/?p=1712"},"modified":"2015-01-22T21:41:54","modified_gmt":"2015-01-22T20:41:54","slug":"monika-piatek-z-kl-ii-c-wplynela-na-ii-miejsce-w-licealiadzie","status":"publish","type":"post","link":"https:\/\/www.wroblewski.krakow.pl\/?p=1712","title":{"rendered":"Monika Pi\u0105tek z kl. II c \u201ewp\u0142yn\u0119\u0142a\u201d na II miejsce w Licealiadzie"},"content":{"rendered":"<p>W dniu 15 stycznia 2015 r. na obiektach krakowskiego Com Com Zone w Nowej Hucie odby\u0142y si\u0119 zawody w p\u0142ywaniu w ramach Krakowskiej Licealiady. Reprezentacja IX Liceum Og\u00f3lnokszta\u0142c\u0105cego w skromnej liczbie stawi\u0142a si\u0119 na starcie zawod\u00f3w. Nasi zawodnicy pokazali si\u0119 z bardzo dobrej strony. Nasza zawodniczka <b>Monika Pi\u0105tek<\/b> stan\u0119\u0142a na II miejscu na podium w stylu motylkowym \u015bwi\u0119c\u0105c kolejny triumf, natomiast naszemu zawodnikowi <b>Kamil<\/b>owi <b>Mrugalski<\/b>emu nie wiele zabrak\u0142o, aby stan\u0105\u0107 na najni\u017cszym miejscu podium, r\u00f3wnie\u017c w stylu motylkowym. Oboje naszych zawodnik\u00f3w uzyska\u0142o mo\u017cliwo\u015b\u0107 reprezentowania naszej szko\u0142y w zawodach wojew\u00f3dzkich, kt\u00f3re odb\u0119d\u0105 si\u0119 w p\u00f3\u017aniejszym okresie. Gratulujemy naszym uczniom osi\u0105gni\u0119tych rezultat\u00f3w i \u017cyczy powodzenia w kolejnych zawodach w p\u0142ywaniu.<\/p>\n<p align=\"right\"><i>mgr Iwona Majerska \u2013 Dyba\u0142<\/i><\/p>\n<p align=\"right\">\n<p align=\"right\">\n<p align=\"right\">\n<p align=\"right\">.<\/p>\n","protected":false},"excerpt":{"rendered":"<p>W dniu 15 stycznia 2015 r. na obiektach krakowskiego Com Com Zone w Nowej Hucie odby\u0142y si\u0119 zawody w p\u0142ywaniu w ramach Krakowskiej Licealiady. Reprezentacja IX Liceum Og\u00f3lnokszta\u0142c\u0105cego w skromnej liczbie stawi\u0142a si\u0119 na starcie zawod\u00f3w. Nasi zawodnicy pokazali si\u0119 z bardzo dobrej strony. Nasza zawodniczka Monika Pi\u0105tek stan\u0119\u0142a na II miejscu na podium w stylu motylkowym \u015bwi\u0119c\u0105c kolejny triumf, natomiast naszemu zawodnikowi Kamilowi Mrugalskiemu nie wiele zabrak\u0142o, aby stan\u0105\u0107 na najni\u017cszym miejscu podium, r\u00f3wnie\u017c w stylu motylkowym. Oboje naszych zawodnik\u00f3w uzyska\u0142o mo\u017cliwo\u015b\u0107 reprezentowania naszej szko\u0142y w zawodach wojew\u00f3dzkich, kt\u00f3re odb\u0119d\u0105 si\u0119 w p\u00f3\u017aniejszym okresie. Gratulujemy naszym uczniom osi\u0105gni\u0119tych rezultat\u00f3w [&hellip;]<\/p>\n","protected":false},"author":6,"featured_media":1713,"comment_status":"closed","ping_status":"closed","sticky":false,"template":"","format":"standard","meta":[],"categories":[1],"tags":[],"_links":{"self":[{"href":"https:\/\/www.wroblewski.krakow.pl\/index.php?rest_route=\/wp\/v2\/posts\/1712"}],"collection":[{"href":"https:\/\/www.wroblewski.krakow.pl\/index.php?rest_route=\/wp\/v2\/posts"}],"about":[{"href":"https:\/\/www.wroblewski.krakow.pl\/index.php?rest_route=\/wp\/v2\/types\/post"}],"author":[{"embeddable":true,"href":"https:\/\/www.wroblewski.krakow.pl\/index.php?rest_route=\/wp\/v2\/users\/6"}],"replies":[{"embeddable":true,"href":"https:\/\/www.wroblewski.krakow.pl\/index.php?rest_route=%2Fwp%2Fv2%2Fcomments&post=1712"}],"version-history":[{"count":2,"href":"https:\/\/www.wroblewski.krakow.pl\/index.php?rest_route=\/wp\/v2\/posts\/1712\/revisions"}],"predecessor-version":[{"id":1715,"href":"https:\/\/www.wroblewski.krakow.pl\/index.php?rest_route=\/wp\/v2\/posts\/1712\/revisions\/1715"}],"wp:featuredmedia":[{"embeddable":true,"href":"https:\/\/www.wroblewski.krakow.pl\/index.php?rest_route=\/wp\/v2\/media\/1713"}],"wp:attachment":[{"href":"https:\/\/www.wroblewski.krakow.pl\/index.php?rest_route=%2Fwp%2Fv2%2Fmedia&parent=1712"}],"wp:term":[{"taxonomy":"category","embeddable":true,"href":"https:\/\/www.wroblewski.krakow.pl\/index.php?rest_route=%2Fwp%2Fv2%2Fcategories&post=1712"},{"taxonomy":"post_tag","embeddable":true,"href":"https:\/\/www.wroblewski.krakow.pl\/index.php?rest_route=%2Fwp%2Fv2%2Ftags&post=1712"}],"curies":[{"name":"wp","href":"https:\/\/api.w.org\/{rel}","templated":true}]}}