{"id":18371,"date":"2024-11-26T23:22:16","date_gmt":"2024-11-26T22:22:16","guid":{"rendered":"https:\/\/www.wroblewski.krakow.pl\/?p=18371"},"modified":"2024-11-28T11:19:15","modified_gmt":"2024-11-28T10:19:15","slug":"dzien-studyjny-klas-maturalnych-w-muzeum-auschwitz-birkenau-2","status":"publish","type":"post","link":"https:\/\/www.wroblewski.krakow.pl\/?p=18371","title":{"rendered":"Dzie\u0144 studyjny klas maturalnych w Muzeum Auschwitz-Birkenau"},"content":{"rendered":"<p>W dniach 15 grudnia i 22 grudnia 2024 roku <b>uczniowie z klas: 4a, 4b, 4c, 4d, 4e<\/b> zwiedzili <b>Muzeum i Miejsce Pami\u0119ci \u2013 by\u0142y niemiecki ob\u00f3z koncentracyjny i zag\u0142ady \u2013 Auschwitz-Birkenau<\/b>. Maturzy\u015bci zrealizowali pobyt studyjny po\u0142\u0105czony z warsztatami na temat \u201eZa\u0142oga SS w KL Auschwitz\u201d.<\/p>\n<p>Ob\u00f3z Auschwitz-Birkenau sta\u0142 si\u0119 dla \u015bwiata symbolem terroru, strasznego okrucie\u0144stwa wobec ludzi oraz symbolem Holokaustu. Historycy szacuj\u0105 og\u00f3ln\u0105 liczb\u0119 ofiar na ok. 1,5 mln ludzi, a jak jest naprawd\u0119?<\/p>\n<p>Uczniowie w skupieniu i milczeniu s\u0142uchali relacji przewodnik\u00f3w. Pod \u015acian\u0105 \u015amierci, przy Bloku 11, w Auschwitz oraz na terenie obozu w Birkenau, <b>ka\u017cda klasa zapali\u0142a znicze<\/b>, oddaj\u0105c w ten spos\u00f3b ho\u0142d pomordowanym ofiarom.<\/p>\n<p>Bardzo aktywnie m\u0142odzie\u017c wzi\u0119\u0142a te\u017c udzia\u0142 <strong>w warsztatach<\/strong>, kt\u00f3rych temat i forma tj. praca w grupach nad materia\u0142ami \u017ar\u00f3d\u0142owymi, wzbudzi\u0142y du\u017ce zainteresowanie. Jedn\u0105 z os\u00f3b prowadz\u0105cych warsztaty by\u0142a <b>Pani Justyna Korpak<\/b>, <b>absolwentka IX Liceum<\/b>, a obecnie: historyk, przewodnik i koordynator projekt\u00f3w edukacyjnych w Mi\u0119dzynarodowym Centrum Edukacji o Auschwitz i Holokau\u015bcie Pa\u0144stwowego Muzeum Auschwitz-Birkenau. To przede wszystkim jej wsparciu zawdzi\u0119czamy tegoroczny pobyt studyjny w Muzeum, za co bardzo dzi\u0119kujemy.<\/p>\n<p>Celem wyjazdu by\u0142o m.in. u\u015bwiadomienie uczniom, jak wa\u017cna jest pami\u0119\u0107 o tych tragicznych wydarzeniach i jak wielk\u0105 warto\u015bci\u0105 jest \u017cycie w pokoju. Dyrektor Muzeum dr Piotr M.A. Cywi\u0144ski wyrazi\u0142 t\u0119 my\u015bl w nast\u0119puj\u0105cych s\u0142owach:<\/p>\n<p><i>\u201eNasza powojenna to\u017csamo\u015b\u0107 jest budowana na pami\u0119ci o Zag\u0142adzie i losach ofiar III Rzeszy. Dlatego to w\u0142a\u015bnie pami\u0119\u0107 jest dzi\u015b niezb\u0119dnym spoiwem ochrony \u015bwiata przed gro\u017anymi wp\u0142ywami wszelkich ideologii nienawi\u015bci i odcz\u0142owieczenia\u201d.<\/i><\/p>\n<p>Wyjazd zorganizowa\u0142y Panie Profesor: Ma\u0142gorzata Nowakowska-Murzyn, Marta Kokoszka i Edyta Trzepa\u0142kowska. Opiek\u0119 nad uczniami sprawowali: wychowawcy klas 4-tych Panie Profesor: Katarzyna Rzepka (kl. 4a), Ma\u0142gorzata Nowakowska-Murzyn (kl. 4b), Edyta Trzepa\u0142kowska (kl. 4c), Agnieszka Homoncik (kl. 4d), Dominika Przepi\u00f3rka (kl. 4e) oraz Profesorowie: Filip Janicki i Marta Kokoszka.<\/p>\n<p align=\"right\"><i>Krak\u00f3w, 26.11.2024 r., mgr Marta Kokoszka, nauczyciel historii<br \/>\n<\/i><\/p>\n<p style=\"text-align: left;\" align=\"right\"><a href=\"https:\/\/www.wroblewski.krakow.pl\/wp-content\/uploads\/2024\/11\/kl.czwarte-w-auschwitz-2024-5.jpg\"><img decoding=\"async\" loading=\"lazy\" width=\"300\" height=\"200\" class=\"alignleft size-medium wp-image-18373\" alt=\"kl.czwarte w auschwitz 2024 5\" src=\"https:\/\/www.wroblewski.krakow.pl\/wp-content\/uploads\/2024\/11\/kl.czwarte-w-auschwitz-2024-5-300x200.jpg\" srcset=\"https:\/\/www.wroblewski.krakow.pl\/wp-content\/uploads\/2024\/11\/kl.czwarte-w-auschwitz-2024-5-300x200.jpg 300w, https:\/\/www.wroblewski.krakow.pl\/wp-content\/uploads\/2024\/11\/kl.czwarte-w-auschwitz-2024-5.jpg 1024w\" sizes=\"(max-width: 300px) 100vw, 300px\" \/><\/a><a href=\"https:\/\/www.wroblewski.krakow.pl\/wp-content\/uploads\/2024\/11\/kl.czwarte-w-auschwitz-2024-1.jpg\"><img decoding=\"async\" loading=\"lazy\" width=\"300\" height=\"199\" class=\"alignleft size-medium wp-image-18374\" alt=\"kl.czwarte w auschwitz 2024 1\" src=\"https:\/\/www.wroblewski.krakow.pl\/wp-content\/uploads\/2024\/11\/kl.czwarte-w-auschwitz-2024-1-300x199.jpg\" srcset=\"https:\/\/www.wroblewski.krakow.pl\/wp-content\/uploads\/2024\/11\/kl.czwarte-w-auschwitz-2024-1-300x199.jpg 300w, https:\/\/www.wroblewski.krakow.pl\/wp-content\/uploads\/2024\/11\/kl.czwarte-w-auschwitz-2024-1.jpg 1024w\" sizes=\"(max-width: 300px) 100vw, 300px\" \/><\/a><a href=\"https:\/\/www.wroblewski.krakow.pl\/wp-content\/uploads\/2024\/11\/kl.czwarte-w-auschwitz-2024-2.jpg\"><img decoding=\"async\" loading=\"lazy\" width=\"300\" height=\"200\" class=\"alignleft size-medium wp-image-18375\" alt=\"kl.czwarte w auschwitz 2024 2\" src=\"https:\/\/www.wroblewski.krakow.pl\/wp-content\/uploads\/2024\/11\/kl.czwarte-w-auschwitz-2024-2-300x200.jpg\" srcset=\"https:\/\/www.wroblewski.krakow.pl\/wp-content\/uploads\/2024\/11\/kl.czwarte-w-auschwitz-2024-2-300x200.jpg 300w, https:\/\/www.wroblewski.krakow.pl\/wp-content\/uploads\/2024\/11\/kl.czwarte-w-auschwitz-2024-2.jpg 1024w\" sizes=\"(max-width: 300px) 100vw, 300px\" \/><\/a><a href=\"https:\/\/www.wroblewski.krakow.pl\/wp-content\/uploads\/2024\/11\/kl.czwarte-w-auschwitz-2024-4.jpg\"><img decoding=\"async\" loading=\"lazy\" width=\"300\" height=\"199\" class=\"alignleft size-medium wp-image-18376\" alt=\"kl.czwarte w auschwitz 2024 4\" src=\"https:\/\/www.wroblewski.krakow.pl\/wp-content\/uploads\/2024\/11\/kl.czwarte-w-auschwitz-2024-4-300x199.jpg\" srcset=\"https:\/\/www.wroblewski.krakow.pl\/wp-content\/uploads\/2024\/11\/kl.czwarte-w-auschwitz-2024-4-300x199.jpg 300w, https:\/\/www.wroblewski.krakow.pl\/wp-content\/uploads\/2024\/11\/kl.czwarte-w-auschwitz-2024-4.jpg 1024w\" sizes=\"(max-width: 300px) 100vw, 300px\" \/><\/a><a href=\"https:\/\/www.wroblewski.krakow.pl\/wp-content\/uploads\/2024\/11\/kl.czwarte-w-auschwitz-2024-3.jpg\"><img decoding=\"async\" loading=\"lazy\" width=\"300\" height=\"200\" class=\"alignleft size-medium wp-image-18377\" alt=\"kl.czwarte w auschwitz 2024 3\" src=\"https:\/\/www.wroblewski.krakow.pl\/wp-content\/uploads\/2024\/11\/kl.czwarte-w-auschwitz-2024-3-300x200.jpg\" srcset=\"https:\/\/www.wroblewski.krakow.pl\/wp-content\/uploads\/2024\/11\/kl.czwarte-w-auschwitz-2024-3-300x200.jpg 300w, https:\/\/www.wroblewski.krakow.pl\/wp-content\/uploads\/2024\/11\/kl.czwarte-w-auschwitz-2024-3.jpg 1024w\" sizes=\"(max-width: 300px) 100vw, 300px\" \/><\/a><a href=\"https:\/\/www.wroblewski.krakow.pl\/wp-content\/uploads\/2024\/11\/kl.czwarte-w-auschwitz-2024-6.jpg\"><img decoding=\"async\" loading=\"lazy\" width=\"300\" height=\"200\" class=\"alignleft size-medium wp-image-18378\" alt=\"kl.czwarte w auschwitz 2024 6\" src=\"https:\/\/www.wroblewski.krakow.pl\/wp-content\/uploads\/2024\/11\/kl.czwarte-w-auschwitz-2024-6-300x200.jpg\" srcset=\"https:\/\/www.wroblewski.krakow.pl\/wp-content\/uploads\/2024\/11\/kl.czwarte-w-auschwitz-2024-6-300x200.jpg 300w, https:\/\/www.wroblewski.krakow.pl\/wp-content\/uploads\/2024\/11\/kl.czwarte-w-auschwitz-2024-6.jpg 1024w\" sizes=\"(max-width: 300px) 100vw, 300px\" \/><\/a><\/p>\n","protected":false},"excerpt":{"rendered":"<p>W dniach 15 grudnia i 22 grudnia 2024 roku uczniowie z klas: 4a, 4b, 4c, 4d, 4e zwiedzili Muzeum i Miejsce Pami\u0119ci \u2013 by\u0142y niemiecki ob\u00f3z koncentracyjny i zag\u0142ady \u2013 Auschwitz-Birkenau. Maturzy\u015bci zrealizowali pobyt studyjny po\u0142\u0105czony z warsztatami na temat \u201eZa\u0142oga SS w KL Auschwitz\u201d. Ob\u00f3z Auschwitz-Birkenau sta\u0142 si\u0119 dla \u015bwiata symbolem terroru, strasznego okrucie\u0144stwa wobec ludzi oraz symbolem Holokaustu. Historycy szacuj\u0105 og\u00f3ln\u0105 liczb\u0119 ofiar na ok. 1,5 mln ludzi, a jak jest naprawd\u0119? Uczniowie w skupieniu i milczeniu s\u0142uchali relacji przewodnik\u00f3w. Pod \u015acian\u0105 \u015amierci, przy Bloku 11, w Auschwitz oraz na terenie obozu w Birkenau, ka\u017cda klasa zapali\u0142a znicze, [&hellip;]<\/p>\n","protected":false},"author":2,"featured_media":18372,"comment_status":"closed","ping_status":"closed","sticky":false,"template":"","format":"standard","meta":[],"categories":[1],"tags":[],"_links":{"self":[{"href":"https:\/\/www.wroblewski.krakow.pl\/index.php?rest_route=\/wp\/v2\/posts\/18371"}],"collection":[{"href":"https:\/\/www.wroblewski.krakow.pl\/index.php?rest_route=\/wp\/v2\/posts"}],"about":[{"href":"https:\/\/www.wroblewski.krakow.pl\/index.php?rest_route=\/wp\/v2\/types\/post"}],"author":[{"embeddable":true,"href":"https:\/\/www.wroblewski.krakow.pl\/index.php?rest_route=\/wp\/v2\/users\/2"}],"replies":[{"embeddable":true,"href":"https:\/\/www.wroblewski.krakow.pl\/index.php?rest_route=%2Fwp%2Fv2%2Fcomments&post=18371"}],"version-history":[{"count":3,"href":"https:\/\/www.wroblewski.krakow.pl\/index.php?rest_route=\/wp\/v2\/posts\/18371\/revisions"}],"predecessor-version":[{"id":18385,"href":"https:\/\/www.wroblewski.krakow.pl\/index.php?rest_route=\/wp\/v2\/posts\/18371\/revisions\/18385"}],"wp:featuredmedia":[{"embeddable":true,"href":"https:\/\/www.wroblewski.krakow.pl\/index.php?rest_route=\/wp\/v2\/media\/18372"}],"wp:attachment":[{"href":"https:\/\/www.wroblewski.krakow.pl\/index.php?rest_route=%2Fwp%2Fv2%2Fmedia&parent=18371"}],"wp:term":[{"taxonomy":"category","embeddable":true,"href":"https:\/\/www.wroblewski.krakow.pl\/index.php?rest_route=%2Fwp%2Fv2%2Fcategories&post=18371"},{"taxonomy":"post_tag","embeddable":true,"href":"https:\/\/www.wroblewski.krakow.pl\/index.php?rest_route=%2Fwp%2Fv2%2Ftags&post=18371"}],"curies":[{"name":"wp","href":"https:\/\/api.w.org\/{rel}","templated":true}]}}