{"id":1842,"date":"2015-02-26T22:16:46","date_gmt":"2015-02-26T21:16:46","guid":{"rendered":"https:\/\/www.wroblewski.krakow.pl\/?p=1842"},"modified":"2015-02-26T22:16:46","modified_gmt":"2015-02-26T21:16:46","slug":"julia-strzelichowska-awansowala-do-wojewodzkich-zawodow-w-snowboardzie","status":"publish","type":"post","link":"https:\/\/www.wroblewski.krakow.pl\/?p=1842","title":{"rendered":"Julia Strzelichowska awansowa\u0142a do wojew\u00f3dzkich zawod\u00f3w w snowboardzie"},"content":{"rendered":"<p>W dniu 5 lutego 2015 roku odby\u0142y si\u0119 <b>zawody w snowboardzie Szk\u00f3\u0142 Ponadgimnazjalnych w ramach Krakowskiej Olimpiady M\u0142odzie\u017cy<\/b>. Nasz\u0105 Szko\u0142\u0119 reprezentowa\u0142a czw\u00f3rka reprezentant\u00f3w. Byli to <b>Julia Strzelichowska z klasy 1A, Karolina Bary\u0142a z klasy 1A, Micha\u0142 Dziadowiec z klasy 2E oraz Kajetan Kasprzyk z klasy 2E<\/b>. Uczestnicy zaprezentowali si\u0119 dobrze prezentuj\u0105c wysokie umiej\u0119tno\u015bci i walcz\u0105c ambitnie o ka\u017cd\u0105 sekund\u0119 ale najlepiej wypad\u0142a Julia Strzelichowska, kt\u00f3ra zaj\u0119\u0142a X miejsce w kategorii dziewcz\u0105t, co da\u0142o jej awans reprezentowania IX Liceum Og\u00f3lnokszta\u0142c\u0105cego w zawodach wojew\u00f3dzkich w Ma\u0142opolsce. Opiekunem naszych uczni\u00f3w podczas zawod\u00f3w snowboardowych by\u0142a Pani mgr Iwona Majerska Dyba\u0142.<\/p>\n","protected":false},"excerpt":{"rendered":"<p>W dniu 5 lutego 2015 roku odby\u0142y si\u0119 zawody w snowboardzie Szk\u00f3\u0142 Ponadgimnazjalnych w ramach Krakowskiej Olimpiady M\u0142odzie\u017cy. Nasz\u0105 Szko\u0142\u0119 reprezentowa\u0142a czw\u00f3rka reprezentant\u00f3w. Byli to Julia Strzelichowska z klasy 1A, Karolina Bary\u0142a z klasy 1A, Micha\u0142 Dziadowiec z klasy 2E oraz Kajetan Kasprzyk z klasy 2E. Uczestnicy zaprezentowali si\u0119 dobrze prezentuj\u0105c wysokie umiej\u0119tno\u015bci i walcz\u0105c ambitnie o ka\u017cd\u0105 sekund\u0119 ale najlepiej wypad\u0142a Julia Strzelichowska, kt\u00f3ra zaj\u0119\u0142a X miejsce w kategorii dziewcz\u0105t, co da\u0142o jej awans reprezentowania IX Liceum Og\u00f3lnokszta\u0142c\u0105cego w zawodach wojew\u00f3dzkich w Ma\u0142opolsce. Opiekunem naszych uczni\u00f3w podczas zawod\u00f3w snowboardowych by\u0142a Pani mgr Iwona Majerska Dyba\u0142.<\/p>\n","protected":false},"author":6,"featured_media":1843,"comment_status":"closed","ping_status":"closed","sticky":false,"template":"","format":"standard","meta":[],"categories":[],"tags":[],"_links":{"self":[{"href":"https:\/\/www.wroblewski.krakow.pl\/index.php?rest_route=\/wp\/v2\/posts\/1842"}],"collection":[{"href":"https:\/\/www.wroblewski.krakow.pl\/index.php?rest_route=\/wp\/v2\/posts"}],"about":[{"href":"https:\/\/www.wroblewski.krakow.pl\/index.php?rest_route=\/wp\/v2\/types\/post"}],"author":[{"embeddable":true,"href":"https:\/\/www.wroblewski.krakow.pl\/index.php?rest_route=\/wp\/v2\/users\/6"}],"replies":[{"embeddable":true,"href":"https:\/\/www.wroblewski.krakow.pl\/index.php?rest_route=%2Fwp%2Fv2%2Fcomments&post=1842"}],"version-history":[{"count":1,"href":"https:\/\/www.wroblewski.krakow.pl\/index.php?rest_route=\/wp\/v2\/posts\/1842\/revisions"}],"predecessor-version":[{"id":1844,"href":"https:\/\/www.wroblewski.krakow.pl\/index.php?rest_route=\/wp\/v2\/posts\/1842\/revisions\/1844"}],"wp:featuredmedia":[{"embeddable":true,"href":"https:\/\/www.wroblewski.krakow.pl\/index.php?rest_route=\/wp\/v2\/media\/1843"}],"wp:attachment":[{"href":"https:\/\/www.wroblewski.krakow.pl\/index.php?rest_route=%2Fwp%2Fv2%2Fmedia&parent=1842"}],"wp:term":[{"taxonomy":"category","embeddable":true,"href":"https:\/\/www.wroblewski.krakow.pl\/index.php?rest_route=%2Fwp%2Fv2%2Fcategories&post=1842"},{"taxonomy":"post_tag","embeddable":true,"href":"https:\/\/www.wroblewski.krakow.pl\/index.php?rest_route=%2Fwp%2Fv2%2Ftags&post=1842"}],"curies":[{"name":"wp","href":"https:\/\/api.w.org\/{rel}","templated":true}]}}