{"id":1866,"date":"2015-02-28T23:58:05","date_gmt":"2015-02-28T22:58:05","guid":{"rendered":"https:\/\/www.wroblewski.krakow.pl\/?p=1866"},"modified":"2015-02-28T23:58:05","modified_gmt":"2015-02-28T22:58:05","slug":"wykwintne-potrawy-w-dniu-kultury-francuskiej-i-wloskiej-2","status":"publish","type":"post","link":"https:\/\/www.wroblewski.krakow.pl\/?p=1866","title":{"rendered":"Wykwintne potrawy w \u201eDniu kultury francuskiej i w\u0142oskiej\u201d"},"content":{"rendered":"<p>W dniu 11 lutego 2015 roku odby\u0142 si\u0119 Dzie\u0144 kultury francuskiej i w\u0142oskiej. W tym dniu na przerwach rozbrzmiewa\u0142y przeboje francuskiej i w\u0142oskiej muzyki.<\/p>\n<p>Szkolne korytarze zosta\u0142y przyozdobione pracami, wykonanymi w ramach projektu \u201eS\u0142awne postacie Francji i W\u0142och\u201d przez uczni\u00f3w klas pierwszych.<\/p>\n<p>O godz. 9.30 rozpocz\u0105\u0142 si\u0119 fina\u0142 konkursu kulinarnego \u201eKuchnia francuska i w\u0142oska\u201d. Jury w sk\u0142adzie: prof. Jolanta \u017bmudka, prof. Renata Radwa\u0144ska-Rak, prof. Ma\u0142gorzata B\u0119tkowska i prof. Olga Seneta-Niemiec ocenia\u0142o potrawy przygotowane przez uczni\u00f3w klas drugich i trzecich. Oceniano nie tylko walory smakowe i spos\u00f3b podania, ale tak\u017ce wiedz\u0119 na temat przyrz\u0105dzonych da\u0144. Wszystkie dania wygl\u0105da\u0142y wspaniale i w ca\u0142ej szkole unosi\u0142 si\u0119 smakowity aromat.<\/p>\n<p>I miejsce w konkursie zdoby\u0142 Miko\u0142aj Pryga z kl. 2e, kt\u00f3ry przygotowa\u0142 wy\u015bmienite ratatouille, tradycyjne prowansalskie danie z duszonej cukini, bak\u0142a\u017cana i papryki.<\/p>\n<p>II miejsce zaj\u0119\u0142a grupa w\u0142oska z kl. 2c w sk\u0142adzie: Paulina Kmie\u0107, Monika Natkaniec i Beata Sowula. Dziewcz\u0119ta przygotowa\u0142y w\u0142oski deser \u015bmietanowy panna cotta, podany z truskawkami, granatem i sosem czekoladowym.<\/p>\n<p>III miejsce przyznano grupie francuskiej w sk\u0142adzie: Natalia Matulak, Alicja Kirpluk i Kamila Kie\u0142kowicz. Dziewcz\u0119ta zachwyci\u0142y jury tart\u0105 jab\u0142kow\u0105 oraz przygotowa\u0142y <i>quiche lorraine,<\/i> czyli placek lotary\u0144ski na bazie kruchego ciasta, pono\u0107 ulubiony przysmak ksi\u0119cia Lotaryngii Karola III.<\/p>\n<p>Jury przyzna\u0142o tak\u017ce dwa IV miejsca: dla Anny Radwan i Luizy Truchli\u0144skiej za tart\u0119 cebulow\u0105 oraz dla Weroniki Cach za pyszny tort pistacjowy.<\/p>\n<p>&nbsp;<\/p>\n<p align=\"right\"><i>Wszystkim zwyci\u0119zcom gratulujemy.<\/i><\/p>\n<p>&nbsp;<\/p>\n","protected":false},"excerpt":{"rendered":"<p>W dniu 11 lutego 2015 roku odby\u0142 si\u0119 Dzie\u0144 kultury francuskiej i w\u0142oskiej. W tym dniu na przerwach rozbrzmiewa\u0142y przeboje francuskiej i w\u0142oskiej muzyki. Szkolne korytarze zosta\u0142y przyozdobione pracami, wykonanymi w ramach projektu \u201eS\u0142awne postacie Francji i W\u0142och\u201d przez uczni\u00f3w klas pierwszych. O godz. 9.30 rozpocz\u0105\u0142 si\u0119 fina\u0142 konkursu kulinarnego \u201eKuchnia francuska i w\u0142oska\u201d. Jury w sk\u0142adzie: prof. Jolanta \u017bmudka, prof. Renata Radwa\u0144ska-Rak, prof. Ma\u0142gorzata B\u0119tkowska i prof. Olga Seneta-Niemiec ocenia\u0142o potrawy przygotowane przez uczni\u00f3w klas drugich i trzecich. Oceniano nie tylko walory smakowe i spos\u00f3b podania, ale tak\u017ce wiedz\u0119 na temat przyrz\u0105dzonych da\u0144. Wszystkie dania wygl\u0105da\u0142y wspaniale i w [&hellip;]<\/p>\n","protected":false},"author":6,"featured_media":1761,"comment_status":"closed","ping_status":"closed","sticky":false,"template":"","format":"standard","meta":[],"categories":[],"tags":[],"_links":{"self":[{"href":"https:\/\/www.wroblewski.krakow.pl\/index.php?rest_route=\/wp\/v2\/posts\/1866"}],"collection":[{"href":"https:\/\/www.wroblewski.krakow.pl\/index.php?rest_route=\/wp\/v2\/posts"}],"about":[{"href":"https:\/\/www.wroblewski.krakow.pl\/index.php?rest_route=\/wp\/v2\/types\/post"}],"author":[{"embeddable":true,"href":"https:\/\/www.wroblewski.krakow.pl\/index.php?rest_route=\/wp\/v2\/users\/6"}],"replies":[{"embeddable":true,"href":"https:\/\/www.wroblewski.krakow.pl\/index.php?rest_route=%2Fwp%2Fv2%2Fcomments&post=1866"}],"version-history":[{"count":1,"href":"https:\/\/www.wroblewski.krakow.pl\/index.php?rest_route=\/wp\/v2\/posts\/1866\/revisions"}],"predecessor-version":[{"id":1867,"href":"https:\/\/www.wroblewski.krakow.pl\/index.php?rest_route=\/wp\/v2\/posts\/1866\/revisions\/1867"}],"wp:featuredmedia":[{"embeddable":true,"href":"https:\/\/www.wroblewski.krakow.pl\/index.php?rest_route=\/wp\/v2\/media\/1761"}],"wp:attachment":[{"href":"https:\/\/www.wroblewski.krakow.pl\/index.php?rest_route=%2Fwp%2Fv2%2Fmedia&parent=1866"}],"wp:term":[{"taxonomy":"category","embeddable":true,"href":"https:\/\/www.wroblewski.krakow.pl\/index.php?rest_route=%2Fwp%2Fv2%2Fcategories&post=1866"},{"taxonomy":"post_tag","embeddable":true,"href":"https:\/\/www.wroblewski.krakow.pl\/index.php?rest_route=%2Fwp%2Fv2%2Ftags&post=1866"}],"curies":[{"name":"wp","href":"https:\/\/api.w.org\/{rel}","templated":true}]}}