{"id":19797,"date":"2025-10-01T21:41:44","date_gmt":"2025-10-01T20:41:44","guid":{"rendered":"https:\/\/www.wroblewski.krakow.pl\/?p=19797"},"modified":"2025-10-03T21:43:54","modified_gmt":"2025-10-03T20:43:54","slug":"zajecia-na-temat-czym-jest-budzet-obywatelski-i-jak-glosowac","status":"publish","type":"post","link":"https:\/\/www.wroblewski.krakow.pl\/?p=19797","title":{"rendered":"Zaj\u0119cia na temat \u201eCzym jest bud\u017cet obywatelski i jak g\u0142osowa\u0107\u201d"},"content":{"rendered":"\n<p>W dniu 30 wrze\u015bnia 2025 roku <strong>uczniowie<\/strong> <strong>z klas 1b, 1c, 2a, 2b, 2c, 2d,<\/strong> w ramach <strong>lekcji biznesu i zarz\u0105dzania,<\/strong> uczestniczyli w <strong>spotkaniu z M\u0142odzie\u017cowym Ambasadorem Bud\u017cetu Obywatelskiego w ramach Programu M\u0142ody Krak\u00f3w<\/strong>. Dzia\u0142anie to prowadzone jest w krakowskich szko\u0142ach ponadpodstawowych we wsp\u00f3\u0142pracy z <strong>Wydzia\u0142em Edukacji i Projekt\u00f3w Edukacyjnych.<\/strong><\/p>\n\n\n\n<p>Uczniowie dowiedzieli si\u0119, czym jest <strong>bud\u017cet obywatelski miasta Krakowa<\/strong>, ilu mieszka\u0144c\u00f3w miasta bierze udzia\u0142 w g\u0142osowaniu oraz poznali argumenty, dlaczego warto odda\u0107 sw\u00f3j g\u0142os <strong>na projekty realizowane z bud\u017cetu obywatelskiego<\/strong>.<\/p>\n\n\n\n<p>Prelegenci przedstawili <strong>projekty zrealizowane w ubieg\u0142ych latach, <\/strong>np. renowacja Zakrz\u00f3wka, kolorowe schody w Podg\u00f3rzu czy Park Wis\u0142awy Szymborskiej przy ul. Karmelickiej.<\/p>\n\n\n\n<p>Uczniowie zapoznali si\u0119 ztegorocznymi projektami oraz zalogowali si\u0119 na stronie internetowej, gdzie mo\u017cna odda\u0107 g\u0142os na wybrane inicjatywy. Najbardziej aktywni uczniowie otrzymali drobne nagrody z logo Krakowa.<\/p>\n\n\n\n<p>Dzi\u0119kujemy Panu<strong> Janowi Urbaniakowi<\/strong> z Referatu Projekt\u00f3w Edukacyjnych Miasta Krakowa za pomoc w organizacji prelekcji dla uczni\u00f3w \u201eWr\u00f3blewskiego\u201d.<\/p>\n\n\n\n<p>Zaj\u0119cia wpisuj\u0105 si\u0119 w realizacj\u0119 podstawy programowej przedmiotu Biznes i zarz\u0105dzanie, szkolnego programu wychowawczo-profilaktycznego oraz szkolnego programu doradztwa zawodowego, kt\u00f3re zawieraj\u0105 kierunki polityki o\u015bwiatowej pa\u0144stwa na rok szkolny 2025\/2026 (edukacja obywatelska).<\/p>\n\n\n\n<p>Opiek\u0119 nad m\u0142odzie\u017c\u0105 podczas zaj\u0119\u0107 pe\u0142ni\u0142a Pani mgr Agnieszka Homoncik, nauczyciel przedmiotu Biznes i zarz\u0105dzanie.<\/p>\n\n\n\n<p class=\"has-text-align-right\"><em>Krak\u00f3w, 01.10.2025 r., mgr A. Homoncik<\/em><\/p>\n\n\n\n<figure class=\"wp-block-gallery has-nested-images columns-default is-cropped wp-block-gallery-1 is-layout-flex\">\n<figure class=\"wp-block-image size-large\"><img decoding=\"async\" loading=\"lazy\" width=\"1024\" height=\"688\" data-id=\"19799\"  src=\"https:\/\/www.wroblewski.krakow.pl\/wp-content\/uploads\/2025\/10\/Budzet-1__.jpg\" alt=\"\" class=\"wp-image-19799\" srcset=\"https:\/\/www.wroblewski.krakow.pl\/wp-content\/uploads\/2025\/10\/Budzet-1__.jpg 1024w, https:\/\/www.wroblewski.krakow.pl\/wp-content\/uploads\/2025\/10\/Budzet-1__-300x202.jpg 300w, https:\/\/www.wroblewski.krakow.pl\/wp-content\/uploads\/2025\/10\/Budzet-1__-768x516.jpg 768w\" sizes=\"(max-width: 1024px) 100vw, 1024px\" \/><\/figure>\n\n\n\n<figure class=\"wp-block-image size-large\"><img decoding=\"async\" loading=\"lazy\" width=\"1024\" height=\"689\" data-id=\"19800\"  src=\"https:\/\/www.wroblewski.krakow.pl\/wp-content\/uploads\/2025\/10\/Budzet-2__.jpg\" alt=\"\" class=\"wp-image-19800\" srcset=\"https:\/\/www.wroblewski.krakow.pl\/wp-content\/uploads\/2025\/10\/Budzet-2__.jpg 1024w, https:\/\/www.wroblewski.krakow.pl\/wp-content\/uploads\/2025\/10\/Budzet-2__-300x202.jpg 300w, https:\/\/www.wroblewski.krakow.pl\/wp-content\/uploads\/2025\/10\/Budzet-2__-768x517.jpg 768w\" sizes=\"(max-width: 1024px) 100vw, 1024px\" \/><\/figure>\n<\/figure>\n","protected":false},"excerpt":{"rendered":"<p>W dniu 30 wrze\u015bnia 2025 roku uczniowie z klas 1b, 1c, 2a, 2b, 2c, 2d, w ramach lekcji biznesu i zarz\u0105dzania, uczestniczyli w spotkaniu z M\u0142odzie\u017cowym Ambasadorem Bud\u017cetu Obywatelskiego w ramach Programu M\u0142ody Krak\u00f3w. Dzia\u0142anie to prowadzone jest w krakowskich szko\u0142ach ponadpodstawowych we wsp\u00f3\u0142pracy z Wydzia\u0142em Edukacji i Projekt\u00f3w Edukacyjnych. Uczniowie dowiedzieli si\u0119, czym jest bud\u017cet obywatelski miasta Krakowa, ilu mieszka\u0144c\u00f3w miasta bierze udzia\u0142 w g\u0142osowaniu oraz poznali argumenty, dlaczego warto odda\u0107 sw\u00f3j g\u0142os na projekty realizowane z bud\u017cetu obywatelskiego. Prelegenci przedstawili projekty zrealizowane w ubieg\u0142ych latach, np. renowacja Zakrz\u00f3wka, kolorowe schody w Podg\u00f3rzu czy Park Wis\u0142awy Szymborskiej przy ul. [&hellip;]<\/p>\n","protected":false},"author":2,"featured_media":19798,"comment_status":"closed","ping_status":"closed","sticky":false,"template":"","format":"standard","meta":[],"categories":[1],"tags":[],"_links":{"self":[{"href":"https:\/\/www.wroblewski.krakow.pl\/index.php?rest_route=\/wp\/v2\/posts\/19797"}],"collection":[{"href":"https:\/\/www.wroblewski.krakow.pl\/index.php?rest_route=\/wp\/v2\/posts"}],"about":[{"href":"https:\/\/www.wroblewski.krakow.pl\/index.php?rest_route=\/wp\/v2\/types\/post"}],"author":[{"embeddable":true,"href":"https:\/\/www.wroblewski.krakow.pl\/index.php?rest_route=\/wp\/v2\/users\/2"}],"replies":[{"embeddable":true,"href":"https:\/\/www.wroblewski.krakow.pl\/index.php?rest_route=%2Fwp%2Fv2%2Fcomments&post=19797"}],"version-history":[{"count":1,"href":"https:\/\/www.wroblewski.krakow.pl\/index.php?rest_route=\/wp\/v2\/posts\/19797\/revisions"}],"predecessor-version":[{"id":19801,"href":"https:\/\/www.wroblewski.krakow.pl\/index.php?rest_route=\/wp\/v2\/posts\/19797\/revisions\/19801"}],"wp:featuredmedia":[{"embeddable":true,"href":"https:\/\/www.wroblewski.krakow.pl\/index.php?rest_route=\/wp\/v2\/media\/19798"}],"wp:attachment":[{"href":"https:\/\/www.wroblewski.krakow.pl\/index.php?rest_route=%2Fwp%2Fv2%2Fmedia&parent=19797"}],"wp:term":[{"taxonomy":"category","embeddable":true,"href":"https:\/\/www.wroblewski.krakow.pl\/index.php?rest_route=%2Fwp%2Fv2%2Fcategories&post=19797"},{"taxonomy":"post_tag","embeddable":true,"href":"https:\/\/www.wroblewski.krakow.pl\/index.php?rest_route=%2Fwp%2Fv2%2Ftags&post=19797"}],"curies":[{"name":"wp","href":"https:\/\/api.w.org\/{rel}","templated":true}]}}