{"id":1985,"date":"2015-03-16T21:10:57","date_gmt":"2015-03-16T20:10:57","guid":{"rendered":"https:\/\/www.wroblewski.krakow.pl\/?p=1985"},"modified":"2015-03-25T21:17:26","modified_gmt":"2015-03-25T20:17:26","slug":"lekcje-fizyki-na-akademii-gorniczo-hutniczej","status":"publish","type":"post","link":"https:\/\/www.wroblewski.krakow.pl\/?p=1985","title":{"rendered":"Lekcje fizyki na Akademii G\u00f3rniczo-Hutniczej"},"content":{"rendered":"<p>W dniach: 16.01., 30.01. i 13.03.2015 r. uczniowie klas 2b i 3b (matematyczno-fizycznych) pod opiek\u0105 Pana profesora Jacka Skoczylasa uczestniczyli w wyk\u0142adach na wydziale Fizyki i Informatyki Stosowanej w Akademii G\u00f3rniczo Hutniczej. Zaj\u0119cia prowadzi\u0142 Pan prof. Janusz Wolny. Dotyczy\u0142y one zakresu kinematyki, dynamiki, bry\u0142y sztywnej a tak\u017ce mechaniki p\u0142yn\u00f3w i elektromagnetyzmu oraz optyki. Wyk\u0142ady by\u0142y bogato ilustrowane do\u015bwiadczeniami oraz przyk\u0142adami zjawisk wzi\u0119tymi z codziennego \u017cycia, dzi\u0119ki czemu m\u0142odzie\u017c z zainteresowaniem bra\u0142a udzia\u0142 w zaj\u0119ciach. Pomimo, \u017ce wyk\u0142ady by\u0142y prowadzone w godzinach popo\u0142udniowych, niekt\u00f3rzy uczniowie uczestniczyli w nich do samego ko\u0144ca, tj. do godziny 19:30. Og\u00f3\u0142em, we wszystkich spotkaniach uczestniczy\u0142o oko\u0142o 40 uczni\u00f3w. Dzi\u0119kujemy Akademii za mo\u017cliwo\u015b\u0107 uzupe\u0142nienia realizacji podstawy programowej nauczania fizyki dla licem w takiej formie wsp\u00f3\u0142pracy.<\/p>\n<p>&nbsp;<\/p>\n<p align=\"right\"><i>14.03.2015 r., JS<br \/>\n<\/i><\/p>\n<p style=\"text-align: left;\" align=\"right\"><i>\u00a0<\/i><a href=\"https:\/\/www.wroblewski.krakow.pl\/wp-content\/uploads\/2015\/03\/fizyka-na-agh-3.jpg\"><img decoding=\"async\" loading=\"lazy\" class=\"alignnone  wp-image-1987\" alt=\"fizyka na agh 3\" src=\"https:\/\/www.wroblewski.krakow.pl\/wp-content\/uploads\/2015\/03\/fizyka-na-agh-3-300x225.jpg\" width=\"206\" height=\"154\" srcset=\"https:\/\/www.wroblewski.krakow.pl\/wp-content\/uploads\/2015\/03\/fizyka-na-agh-3-300x225.jpg 300w, https:\/\/www.wroblewski.krakow.pl\/wp-content\/uploads\/2015\/03\/fizyka-na-agh-3-160x120.jpg 160w, https:\/\/www.wroblewski.krakow.pl\/wp-content\/uploads\/2015\/03\/fizyka-na-agh-3.jpg 1024w\" sizes=\"(max-width: 206px) 100vw, 206px\" \/><\/a><a href=\"https:\/\/www.wroblewski.krakow.pl\/wp-content\/uploads\/2015\/03\/fizyka-na-agh-1.jpg\"><img decoding=\"async\" loading=\"lazy\" class=\"alignnone  wp-image-1988\" alt=\"fizyka na agh 1\" src=\"https:\/\/www.wroblewski.krakow.pl\/wp-content\/uploads\/2015\/03\/fizyka-na-agh-1-300x225.jpg\" width=\"203\" height=\"153\" srcset=\"https:\/\/www.wroblewski.krakow.pl\/wp-content\/uploads\/2015\/03\/fizyka-na-agh-1-300x225.jpg 300w, https:\/\/www.wroblewski.krakow.pl\/wp-content\/uploads\/2015\/03\/fizyka-na-agh-1-160x120.jpg 160w, https:\/\/www.wroblewski.krakow.pl\/wp-content\/uploads\/2015\/03\/fizyka-na-agh-1.jpg 1024w\" sizes=\"(max-width: 203px) 100vw, 203px\" \/><\/a><a href=\"https:\/\/www.wroblewski.krakow.pl\/wp-content\/uploads\/2015\/03\/fizyka-na-agh-2.jpg\"><img decoding=\"async\" loading=\"lazy\" class=\"alignnone  wp-image-1989\" alt=\"fizyka na agh 2\" src=\"https:\/\/www.wroblewski.krakow.pl\/wp-content\/uploads\/2015\/03\/fizyka-na-agh-2-300x225.jpg\" width=\"201\" height=\"151\" srcset=\"https:\/\/www.wroblewski.krakow.pl\/wp-content\/uploads\/2015\/03\/fizyka-na-agh-2-300x225.jpg 300w, https:\/\/www.wroblewski.krakow.pl\/wp-content\/uploads\/2015\/03\/fizyka-na-agh-2-160x120.jpg 160w, https:\/\/www.wroblewski.krakow.pl\/wp-content\/uploads\/2015\/03\/fizyka-na-agh-2.jpg 1024w\" sizes=\"(max-width: 201px) 100vw, 201px\" \/><\/a><\/p>\n<p style=\"text-align: left;\" align=\"right\">.<\/p>\n","protected":false},"excerpt":{"rendered":"<p>W dniach: 16.01., 30.01. i 13.03.2015 r. uczniowie klas 2b i 3b (matematyczno-fizycznych) pod opiek\u0105 Pana profesora Jacka Skoczylasa uczestniczyli w wyk\u0142adach na wydziale Fizyki i Informatyki Stosowanej w Akademii G\u00f3rniczo Hutniczej. Zaj\u0119cia prowadzi\u0142 Pan prof. Janusz Wolny. Dotyczy\u0142y one zakresu kinematyki, dynamiki, bry\u0142y sztywnej a tak\u017ce mechaniki p\u0142yn\u00f3w i elektromagnetyzmu oraz optyki. Wyk\u0142ady by\u0142y bogato ilustrowane do\u015bwiadczeniami oraz przyk\u0142adami zjawisk wzi\u0119tymi z codziennego \u017cycia, dzi\u0119ki czemu m\u0142odzie\u017c z zainteresowaniem bra\u0142a udzia\u0142 w zaj\u0119ciach. Pomimo, \u017ce wyk\u0142ady by\u0142y prowadzone w godzinach popo\u0142udniowych, niekt\u00f3rzy uczniowie uczestniczyli w nich do samego ko\u0144ca, tj. do godziny 19:30. Og\u00f3\u0142em, we wszystkich spotkaniach uczestniczy\u0142o oko\u0142o [&hellip;]<\/p>\n","protected":false},"author":6,"featured_media":1986,"comment_status":"closed","ping_status":"closed","sticky":false,"template":"","format":"standard","meta":[],"categories":[],"tags":[],"_links":{"self":[{"href":"https:\/\/www.wroblewski.krakow.pl\/index.php?rest_route=\/wp\/v2\/posts\/1985"}],"collection":[{"href":"https:\/\/www.wroblewski.krakow.pl\/index.php?rest_route=\/wp\/v2\/posts"}],"about":[{"href":"https:\/\/www.wroblewski.krakow.pl\/index.php?rest_route=\/wp\/v2\/types\/post"}],"author":[{"embeddable":true,"href":"https:\/\/www.wroblewski.krakow.pl\/index.php?rest_route=\/wp\/v2\/users\/6"}],"replies":[{"embeddable":true,"href":"https:\/\/www.wroblewski.krakow.pl\/index.php?rest_route=%2Fwp%2Fv2%2Fcomments&post=1985"}],"version-history":[{"count":6,"href":"https:\/\/www.wroblewski.krakow.pl\/index.php?rest_route=\/wp\/v2\/posts\/1985\/revisions"}],"predecessor-version":[{"id":1996,"href":"https:\/\/www.wroblewski.krakow.pl\/index.php?rest_route=\/wp\/v2\/posts\/1985\/revisions\/1996"}],"wp:featuredmedia":[{"embeddable":true,"href":"https:\/\/www.wroblewski.krakow.pl\/index.php?rest_route=\/wp\/v2\/media\/1986"}],"wp:attachment":[{"href":"https:\/\/www.wroblewski.krakow.pl\/index.php?rest_route=%2Fwp%2Fv2%2Fmedia&parent=1985"}],"wp:term":[{"taxonomy":"category","embeddable":true,"href":"https:\/\/www.wroblewski.krakow.pl\/index.php?rest_route=%2Fwp%2Fv2%2Fcategories&post=1985"},{"taxonomy":"post_tag","embeddable":true,"href":"https:\/\/www.wroblewski.krakow.pl\/index.php?rest_route=%2Fwp%2Fv2%2Ftags&post=1985"}],"curies":[{"name":"wp","href":"https:\/\/api.w.org\/{rel}","templated":true}]}}