{"id":19906,"date":"2025-10-24T15:10:35","date_gmt":"2025-10-24T14:10:35","guid":{"rendered":"https:\/\/www.wroblewski.krakow.pl\/?p=19906"},"modified":"2025-10-26T15:16:03","modified_gmt":"2025-10-26T14:16:03","slug":"witold-chendynski-z-klasy-1b-zwyciezca-konkursu-dla-licealistow-na-agh-pt-wielkie-pomysly-w-nanoskali","status":"publish","type":"post","link":"https:\/\/www.wroblewski.krakow.pl\/?p=19906","title":{"rendered":"Witold Chendy\u0144ski z klasy 1b zwyci\u0119zc\u0105 konkursu dla licealist\u00f3w na AGH pt. \u201eWielkie pomys\u0142y w nanoskali\u201d"},"content":{"rendered":"\n<p>W dniu 15 pa\u017adziernika 2025 roku, <strong>na Wydziale Fizyki i Informatyki Stosowanej Akademii G\u00f3rniczo-Hutniczej im. Stanis\u0142awa Staszica w Krakowie<\/strong> odby\u0142a si\u0119 <strong>konferencja naukowa po\u015bwi\u0119cona zastosowaniom nanotechnologii<\/strong> \u2013 od bada\u0144 podstawowych po aplikacyjne.<\/p>\n\n\n\n<p>Jej organizatorami byli cz\u0142onkowie Ko\u0142a Naukowego Nanotechnolog\u00f3w Hexa wraz z opiekunem ko\u0142a oraz opiekunami dw\u00f3ch \u201enano\u201dkierunk\u00f3w prowadzonych na wydziale: Mikro- i nanotechnologie w biofizyce oraz Nanoin\u017cynieria materia\u0142\u00f3w.<\/p>\n\n\n\n<p>Program konferencji stanowi\u0142y:<\/p>\n\n\n\n<ul>\n<li>inspiruj\u0105ce, interdyscyplinarne wyst\u0105pienia specjalist\u00f3w z zakresu nanotechnologii,<\/li>\n\n\n\n<li>sesja posterowa \u2013 prezentacje projekt\u00f3w studenckich,<\/li>\n\n\n\n<li>konkurs wyst\u0105pie\u0144 studenckich \u2013 prezentacja projekt\u00f3w in\u017cynierskich, magisterskich i tych rozwijanych w ramach ko\u0142a naukowego,<\/li>\n\n\n\n<li>konkurs dla licealist\u00f3w<\/li>\n<\/ul>\n\n\n\n<p>W trakcie konferencji zosta\u0142y og\u0142oszone wyniki konkursu dla uczni\u00f3w szk\u00f3\u0142 \u015brednich pod nazw\u0105 \u201eWielkie pomys\u0142y w nanoskali\u201d. Celem konkursu by\u0142o zach\u0119cenie m\u0142odzie\u017cy do eksploracji technologii w skali nanometrowej, tworzenia innowacyjnych pomys\u0142\u00f3w i ich prezentacji przed \u015brodowiskiem akademickim.<\/p>\n\n\n\n<p>W\u015br\u00f3d zg\u0142oszonych prac znalaz\u0142 si\u0119 <strong>projekt<\/strong> napisany przez ucznia IX LO im. Zygmunta Wr\u00f3blewskiego w Krakowie &#8211; <strong>Witolda Chendy\u0144skiego z klasy 1b (mat-fiz)<\/strong> pt.<strong> \u201ePodzieli\u0107 pizz\u0119 na nano-kawa\u0142ki\u201d<\/strong>. Z ogromn\u0105 rado\u015bci\u0105 og\u0142aszamy, \u017ce <strong>projekt Witolda zaj\u0105\u0142<\/strong> <strong>I miejsce<\/strong>!<\/p>\n\n\n\n<p>Pozostali uczniowie zaprezentowali r\u00f3wnie\u017c ciekawe i innowacyjne pomys\u0142y, kreatywne rozwi\u0105zania oraz imponuj\u0105c\u0105 wiedz\u0119 z zakresu nanotechnologii. Projekty dotyczy\u0142y m.in. inteligentnych materia\u0142\u00f3w, sensor\u00f3w nanoskalowych i zastosowa\u0144 nanotechnologii w medycynie lub ochronie \u015brodowiska. Poziom konkursu by\u0142 niezwykle wysoki.<\/p>\n\n\n\n<p><strong>Gratulacje dla Witolda!!!<\/strong><\/p>\n\n\n\n<p class=\"has-text-align-right\"><em>Krak\u00f3w, 24.10.2025 r., mgr Justyna Tokarz, nauczyciel fizyki<\/em><\/p>\n\n\n<div class=\"wp-block-image\">\n<figure class=\"aligncenter size-large\"><img decoding=\"async\" loading=\"lazy\" width=\"595\" height=\"790\" src=\"https:\/\/www.wroblewski.krakow.pl\/wp-content\/uploads\/2025\/10\/nanotech-_-595x790.jpg\" alt=\"\" class=\"wp-image-19908\" srcset=\"https:\/\/www.wroblewski.krakow.pl\/wp-content\/uploads\/2025\/10\/nanotech-_-595x790.jpg 595w, https:\/\/www.wroblewski.krakow.pl\/wp-content\/uploads\/2025\/10\/nanotech-_-226x300.jpg 226w, https:\/\/www.wroblewski.krakow.pl\/wp-content\/uploads\/2025\/10\/nanotech-_.jpg 603w\" sizes=\"(max-width: 595px) 100vw, 595px\" \/><\/figure><\/div>\n\n<div class=\"wp-block-image\">\n<figure class=\"aligncenter size-full\"><img decoding=\"async\" loading=\"lazy\" width=\"718\" height=\"419\" src=\"https:\/\/www.wroblewski.krakow.pl\/wp-content\/uploads\/2025\/10\/nanotech-3.jpg\" alt=\"\" class=\"wp-image-19909\" srcset=\"https:\/\/www.wroblewski.krakow.pl\/wp-content\/uploads\/2025\/10\/nanotech-3.jpg 718w, https:\/\/www.wroblewski.krakow.pl\/wp-content\/uploads\/2025\/10\/nanotech-3-300x175.jpg 300w\" sizes=\"(max-width: 718px) 100vw, 718px\" \/><\/figure><\/div>","protected":false},"excerpt":{"rendered":"<p>W dniu 15 pa\u017adziernika 2025 roku, na Wydziale Fizyki i Informatyki Stosowanej Akademii G\u00f3rniczo-Hutniczej im. Stanis\u0142awa Staszica w Krakowie odby\u0142a si\u0119 konferencja naukowa po\u015bwi\u0119cona zastosowaniom nanotechnologii \u2013 od bada\u0144 podstawowych po aplikacyjne. Jej organizatorami byli cz\u0142onkowie Ko\u0142a Naukowego Nanotechnolog\u00f3w Hexa wraz z opiekunem ko\u0142a oraz opiekunami dw\u00f3ch \u201enano\u201dkierunk\u00f3w prowadzonych na wydziale: Mikro- i nanotechnologie w biofizyce oraz Nanoin\u017cynieria materia\u0142\u00f3w. Program konferencji stanowi\u0142y: W trakcie konferencji zosta\u0142y og\u0142oszone wyniki konkursu dla uczni\u00f3w szk\u00f3\u0142 \u015brednich pod nazw\u0105 \u201eWielkie pomys\u0142y w nanoskali\u201d. Celem konkursu by\u0142o zach\u0119cenie m\u0142odzie\u017cy do eksploracji technologii w skali nanometrowej, tworzenia innowacyjnych pomys\u0142\u00f3w i ich prezentacji przed \u015brodowiskiem akademickim. W\u015br\u00f3d [&hellip;]<\/p>\n","protected":false},"author":2,"featured_media":19907,"comment_status":"closed","ping_status":"closed","sticky":false,"template":"","format":"standard","meta":[],"categories":[1],"tags":[],"_links":{"self":[{"href":"https:\/\/www.wroblewski.krakow.pl\/index.php?rest_route=\/wp\/v2\/posts\/19906"}],"collection":[{"href":"https:\/\/www.wroblewski.krakow.pl\/index.php?rest_route=\/wp\/v2\/posts"}],"about":[{"href":"https:\/\/www.wroblewski.krakow.pl\/index.php?rest_route=\/wp\/v2\/types\/post"}],"author":[{"embeddable":true,"href":"https:\/\/www.wroblewski.krakow.pl\/index.php?rest_route=\/wp\/v2\/users\/2"}],"replies":[{"embeddable":true,"href":"https:\/\/www.wroblewski.krakow.pl\/index.php?rest_route=%2Fwp%2Fv2%2Fcomments&post=19906"}],"version-history":[{"count":2,"href":"https:\/\/www.wroblewski.krakow.pl\/index.php?rest_route=\/wp\/v2\/posts\/19906\/revisions"}],"predecessor-version":[{"id":19911,"href":"https:\/\/www.wroblewski.krakow.pl\/index.php?rest_route=\/wp\/v2\/posts\/19906\/revisions\/19911"}],"wp:featuredmedia":[{"embeddable":true,"href":"https:\/\/www.wroblewski.krakow.pl\/index.php?rest_route=\/wp\/v2\/media\/19907"}],"wp:attachment":[{"href":"https:\/\/www.wroblewski.krakow.pl\/index.php?rest_route=%2Fwp%2Fv2%2Fmedia&parent=19906"}],"wp:term":[{"taxonomy":"category","embeddable":true,"href":"https:\/\/www.wroblewski.krakow.pl\/index.php?rest_route=%2Fwp%2Fv2%2Fcategories&post=19906"},{"taxonomy":"post_tag","embeddable":true,"href":"https:\/\/www.wroblewski.krakow.pl\/index.php?rest_route=%2Fwp%2Fv2%2Ftags&post=19906"}],"curies":[{"name":"wp","href":"https:\/\/api.w.org\/{rel}","templated":true}]}}