{"id":20037,"date":"2025-11-18T16:23:09","date_gmt":"2025-11-18T15:23:09","guid":{"rendered":"https:\/\/www.wroblewski.krakow.pl\/?p=20037"},"modified":"2025-11-22T13:06:56","modified_gmt":"2025-11-22T12:06:56","slug":"klasa-3c-w-panteonie-narodowym-przy-sarkofagu-patrona-ix-lo","status":"publish","type":"post","link":"https:\/\/www.wroblewski.krakow.pl\/?p=20037","title":{"rendered":"Klasa 3c w Panteonie Narodowym z\u0142o\u017cy\u0142a kwiaty przy sarkofagu Patrona IX LO"},"content":{"rendered":"\n<p>W dniu 17 listopada 2025 roku <strong>m\u0142odzie\u017c z klasy 3c (biol-chem)<\/strong> uda\u0142a si\u0119 do Panteonu Narodowego w krypcie ko\u015bcio\u0142a \u015bw. Piotra i Paw\u0142a przy ul. Grodzkiej w Krakowie.<\/p>\n\n\n\n<p>Celem wyj\u015bcia by\u0142o <strong>z\u0142o\u017cenie wi\u0105zanki kwiat\u00f3w<\/strong> od spo\u0142eczno\u015bci szkolnej przy sarkofagu Zygmunta Wr\u00f3blewskiego, wybitnego fizyka, a zarazem Patrona naszej szko\u0142y.<\/p>\n\n\n\n<p>Wizyta mia\u0142a szczeg\u00f3lny charakter, gdy\u017c zbieg\u0142a si\u0119 z niedawno obchodzon\u0105, <strong>180-t\u0105 rocznic\u0105 urodzin Profesora Zygmunta Wr\u00f3blewskiego<\/strong>. Uczniowie przypomnieli sobie jego wk\u0142ad w rozw\u00f3j nauki, zw\u0142aszcza jego pionierskie <strong>badania nad skraplaniem gaz\u00f3w<\/strong>, kt\u00f3rych wyniki stanowi\u0105 dzi\u015b <strong>fundament nowoczesnej kriogeniki<\/strong>. Liceali\u015bci pog\u0142\u0119bili wiedz\u0119 historyczn\u0105 oraz u\u015bwiadomili sobie donios\u0142o\u015b\u0107 dziedzictwa, jakie pozostawi\u0142 po sobie prof. Zygmunt Wr\u00f3blewski.<\/p>\n\n\n\n<p>Wyj\u015bcie stanowi\u0142o r\u00f3wnie\u017c realizacj\u0119 kierunk\u00f3w Polityki O\u015bwiatowej Pa\u0144stwa na rok szkolny 2025\/2026: \u201eWzmacnianie wychowawczej roli szko\u0142y i kszta\u0142towanie postaw patriotycznych oraz szacunku dla dziedzictwa narodowego\u201d oraz \u201eSzko\u0142a miejscem edukacji obywatelskiej i kszta\u0142towania postaw spo\u0142ecznych i patriotycznych &#8222;.<\/p>\n\n\n\n<p>Wyj\u015bcie zorganizowa\u0142a i opiek\u0119 nad uczniami pe\u0142ni\u0142a Pani <strong>mgr Gabriela W\u0105tor<\/strong>, nauczyciel biologii i wychowawczyni klasy 3c.<\/p>\n\n\n\n<p class=\"has-text-align-right\"><em>Krak\u00f3w, 18.11.2025 r., mgr Gabriela W\u0105tor<\/em><\/p>\n\n\n<div class=\"wp-block-image\">\n<figure class=\"aligncenter size-full\"><img decoding=\"async\" loading=\"lazy\" width=\"1024\" height=\"683\" src=\"https:\/\/www.wroblewski.krakow.pl\/wp-content\/uploads\/2025\/11\/3c-w-Panteonie-Narodowym-17.11.2025-1.jpg\" alt=\"\" class=\"wp-image-20039\" srcset=\"https:\/\/www.wroblewski.krakow.pl\/wp-content\/uploads\/2025\/11\/3c-w-Panteonie-Narodowym-17.11.2025-1.jpg 1024w, https:\/\/www.wroblewski.krakow.pl\/wp-content\/uploads\/2025\/11\/3c-w-Panteonie-Narodowym-17.11.2025-1-300x200.jpg 300w, https:\/\/www.wroblewski.krakow.pl\/wp-content\/uploads\/2025\/11\/3c-w-Panteonie-Narodowym-17.11.2025-1-768x512.jpg 768w\" sizes=\"(max-width: 1024px) 100vw, 1024px\" \/><\/figure><\/div>\n\n\n<figure class=\"wp-block-gallery has-nested-images columns-default is-cropped wp-block-gallery-1 is-layout-flex\">\n<figure class=\"wp-block-image size-large\"><img decoding=\"async\" loading=\"lazy\" width=\"1024\" height=\"684\" data-id=\"20040\"  src=\"https:\/\/www.wroblewski.krakow.pl\/wp-content\/uploads\/2025\/11\/3c-w-Panteonie-Narodowym-17.11.2025-2.jpg\" alt=\"\" class=\"wp-image-20040\" srcset=\"https:\/\/www.wroblewski.krakow.pl\/wp-content\/uploads\/2025\/11\/3c-w-Panteonie-Narodowym-17.11.2025-2.jpg 1024w, https:\/\/www.wroblewski.krakow.pl\/wp-content\/uploads\/2025\/11\/3c-w-Panteonie-Narodowym-17.11.2025-2-300x200.jpg 300w, https:\/\/www.wroblewski.krakow.pl\/wp-content\/uploads\/2025\/11\/3c-w-Panteonie-Narodowym-17.11.2025-2-768x513.jpg 768w\" sizes=\"(max-width: 1024px) 100vw, 1024px\" \/><\/figure>\n\n\n\n<figure class=\"wp-block-image size-large\"><img decoding=\"async\" loading=\"lazy\" width=\"1024\" height=\"682\" data-id=\"20041\"  src=\"https:\/\/www.wroblewski.krakow.pl\/wp-content\/uploads\/2025\/11\/3c-w-Panteonie-Narodowym-17.11.2025-3.jpg\" alt=\"\" class=\"wp-image-20041\" srcset=\"https:\/\/www.wroblewski.krakow.pl\/wp-content\/uploads\/2025\/11\/3c-w-Panteonie-Narodowym-17.11.2025-3.jpg 1024w, https:\/\/www.wroblewski.krakow.pl\/wp-content\/uploads\/2025\/11\/3c-w-Panteonie-Narodowym-17.11.2025-3-300x200.jpg 300w, https:\/\/www.wroblewski.krakow.pl\/wp-content\/uploads\/2025\/11\/3c-w-Panteonie-Narodowym-17.11.2025-3-768x512.jpg 768w\" sizes=\"(max-width: 1024px) 100vw, 1024px\" \/><\/figure>\n<\/figure>\n","protected":false},"excerpt":{"rendered":"<p>W dniu 17 listopada 2025 roku m\u0142odzie\u017c z klasy 3c (biol-chem) uda\u0142a si\u0119 do Panteonu Narodowego w krypcie ko\u015bcio\u0142a \u015bw. Piotra i Paw\u0142a przy ul. Grodzkiej w Krakowie. Celem wyj\u015bcia by\u0142o z\u0142o\u017cenie wi\u0105zanki kwiat\u00f3w od spo\u0142eczno\u015bci szkolnej przy sarkofagu Zygmunta Wr\u00f3blewskiego, wybitnego fizyka, a zarazem Patrona naszej szko\u0142y. Wizyta mia\u0142a szczeg\u00f3lny charakter, gdy\u017c zbieg\u0142a si\u0119 z niedawno obchodzon\u0105, 180-t\u0105 rocznic\u0105 urodzin Profesora Zygmunta Wr\u00f3blewskiego. Uczniowie przypomnieli sobie jego wk\u0142ad w rozw\u00f3j nauki, zw\u0142aszcza jego pionierskie badania nad skraplaniem gaz\u00f3w, kt\u00f3rych wyniki stanowi\u0105 dzi\u015b fundament nowoczesnej kriogeniki. Liceali\u015bci pog\u0142\u0119bili wiedz\u0119 historyczn\u0105 oraz u\u015bwiadomili sobie donios\u0142o\u015b\u0107 dziedzictwa, jakie pozostawi\u0142 po sobie prof. [&hellip;]<\/p>\n","protected":false},"author":2,"featured_media":20038,"comment_status":"closed","ping_status":"closed","sticky":false,"template":"","format":"standard","meta":[],"categories":[1],"tags":[],"_links":{"self":[{"href":"https:\/\/www.wroblewski.krakow.pl\/index.php?rest_route=\/wp\/v2\/posts\/20037"}],"collection":[{"href":"https:\/\/www.wroblewski.krakow.pl\/index.php?rest_route=\/wp\/v2\/posts"}],"about":[{"href":"https:\/\/www.wroblewski.krakow.pl\/index.php?rest_route=\/wp\/v2\/types\/post"}],"author":[{"embeddable":true,"href":"https:\/\/www.wroblewski.krakow.pl\/index.php?rest_route=\/wp\/v2\/users\/2"}],"replies":[{"embeddable":true,"href":"https:\/\/www.wroblewski.krakow.pl\/index.php?rest_route=%2Fwp%2Fv2%2Fcomments&post=20037"}],"version-history":[{"count":3,"href":"https:\/\/www.wroblewski.krakow.pl\/index.php?rest_route=\/wp\/v2\/posts\/20037\/revisions"}],"predecessor-version":[{"id":20058,"href":"https:\/\/www.wroblewski.krakow.pl\/index.php?rest_route=\/wp\/v2\/posts\/20037\/revisions\/20058"}],"wp:featuredmedia":[{"embeddable":true,"href":"https:\/\/www.wroblewski.krakow.pl\/index.php?rest_route=\/wp\/v2\/media\/20038"}],"wp:attachment":[{"href":"https:\/\/www.wroblewski.krakow.pl\/index.php?rest_route=%2Fwp%2Fv2%2Fmedia&parent=20037"}],"wp:term":[{"taxonomy":"category","embeddable":true,"href":"https:\/\/www.wroblewski.krakow.pl\/index.php?rest_route=%2Fwp%2Fv2%2Fcategories&post=20037"},{"taxonomy":"post_tag","embeddable":true,"href":"https:\/\/www.wroblewski.krakow.pl\/index.php?rest_route=%2Fwp%2Fv2%2Ftags&post=20037"}],"curies":[{"name":"wp","href":"https:\/\/api.w.org\/{rel}","templated":true}]}}