{"id":20055,"date":"2025-11-14T22:56:00","date_gmt":"2025-11-14T21:56:00","guid":{"rendered":"https:\/\/www.wroblewski.krakow.pl\/?p=20055"},"modified":"2025-11-22T13:02:45","modified_gmt":"2025-11-22T12:02:45","slug":"dzien-studyjny-maturzystow-w-miejscu-pamieci-i-muzeum-auschwitz-birkenau","status":"publish","type":"post","link":"https:\/\/www.wroblewski.krakow.pl\/?p=20055","title":{"rendered":"Dzie\u0144 studyjny maturzyst\u00f3w w Miejscu Pami\u0119ci i Muzeum Auschwitz-Birkenau"},"content":{"rendered":"\n<p><strong><em>\u201eTo si\u0119 jednak wydarzy\u0142o, a zatem znowu mo\u017ce si\u0119 wydarzy\u0107 \u2013 oto sedno tego, co mamy do powiedzenia.\u201d Primo Levi<\/em><\/strong><\/p>\n\n\n\n<p>W dniach 7 i 14 listopada 2025 roku <strong>uczniowie klas IV-tych zwiedzili Muzeum i Miejsce Pami\u0119ci Auschwitz-Birkenau<\/strong>. By\u0142 to tzw. pobyt studyjny, kt\u00f3ry polega na wi\u0119kszym zaanga\u017cowaniu merytorycznym i emocjonalnym uczestnik\u00f3w. W trakcie wizyty przewodnicy zapoznaj\u0105 zwiedzaj\u0105cych z histori\u0105 Auschwitz i zachowanymi reliktami obozowymi nie tylko przekazuj\u0105c wiedz\u0119 ale tak\u017ce sk\u0142aniaj\u0105c do refleksji.<\/p>\n\n\n\n<p><strong>Niemiecki nazistowski ob\u00f3z koncentracyjny i zag\u0142ady Auschwitz-Birkenau<\/strong> sta\u0142 si\u0119 dla \u015bwiata symbolem Holokaustu oraz symbolem terroru, strasznego okrucie\u0144stwa wobec ludzi. Historycy szacuj\u0105 og\u00f3ln\u0105 liczb\u0119 jego ofiar na ok. 1,5 miliona ludzi, a jak jest naprawd\u0119?<\/p>\n\n\n\n<p>Uczniowie w skupieniu i milczeniu s\u0142uchali relacji przewodnik\u00f3w. W Auschwitz pod \u015acian\u0105 \u015amierci przy Bloku 11 oraz na terenie obozu w Birkenau, chc\u0105c odda\u0107 ho\u0142d ofiarom bezwzgl\u0119dnego terroru \u2013 <strong>ka\u017cda klasa zapali\u0142a znicze<\/strong>.<\/p>\n\n\n\n<p>Celem wyjazdu by\u0142o przybli\u017cenie m\u0142odzie\u017cy koszmaru II wojny \u015bwiatowej oraz u\u015bwiadomienie uczniom, jak wa\u017cna jest <strong>pami\u0119\u0107<\/strong> o tych tragicznych wydarzeniach i jak <strong>wielk\u0105 warto\u015bci\u0105 jest \u017cycie w pokoju<\/strong>. Dyrektor Muzeum Auschwitz-Birkenau dr Piotr M.A. Cywi\u0144ski wyrazi\u0142 t\u0119 my\u015bl w nast\u0119puj\u0105cych s\u0142owach: <strong><em>\u201eNasza powojenna to\u017csamo\u015b\u0107 jest budowana na pami\u0119ci o Zag\u0142adzie i losach ofiar III Rzeszy. Dlatego to w\u0142a\u015bnie pami\u0119\u0107 jest dzi\u015b niezb\u0119dnym spoiwem ochrony \u015bwiata przed gro\u017anymi wp\u0142ywami wszelkich ideologii nienawi\u015bci i odcz\u0142owieczenia\u201d.<\/em><\/strong><\/p>\n\n\n\n<p>Wyjazd by\u0142 realizacj\u0105 Szkolnego Programu Wychowawczo-Profilaktycznego i podstawy programowej nauczania historii. Zorganizowany zosta\u0142 przez nauczycieli historii: Panie <strong>mgr Mart\u0119 Kokoszk\u0119 i mgr Ma\u0142gorzat\u0119 Nowakowsk\u0105-Murzyn<\/strong>. Opiek\u0119 nad uczniami sprawowali: mgr J. Gurtat (kl. 4a), mgr I. Tekielak (kl. 4b), mgr B. Natkaniec (kl. 4c), mgr K. Burkiewicz (kl. 4d), mgr M. Kokoszka (kl. 4e) oraz mgr T. G\u0105ssowski i mgr M. Nowakowska-Murzyn.<\/p>\n\n\n\n<p class=\"has-text-align-right\"><em>Krak\u00f3w, 14.11.2025 r., mgr Marta Kokoszka<\/em><\/p>\n\n\n\n<p><a href=\"https:\/\/www.wroblewski.krakow.pl\/?gallery=maturzysci-w-miejscu-pamieci-i-muzeum-auschwitz-birkenau-7-i-14-11-2025-r\" data-type=\"URL\" data-id=\"https:\/\/www.wroblewski.krakow.pl\/?gallery=maturzysci-w-miejscu-pamieci-i-muzeum-auschwitz-birkenau-7-i-14-11-2025-r\">FOTOGALERIA >>>><\/a><\/p>\n","protected":false},"excerpt":{"rendered":"<p>\u201eTo si\u0119 jednak wydarzy\u0142o, a zatem znowu mo\u017ce si\u0119 wydarzy\u0107 \u2013 oto sedno tego, co mamy do powiedzenia.\u201d Primo Levi W dniach 7 i 14 listopada 2025 roku uczniowie klas IV-tych zwiedzili Muzeum i Miejsce Pami\u0119ci Auschwitz-Birkenau. By\u0142 to tzw. pobyt studyjny, kt\u00f3ry polega na wi\u0119kszym zaanga\u017cowaniu merytorycznym i emocjonalnym uczestnik\u00f3w. W trakcie wizyty przewodnicy zapoznaj\u0105 zwiedzaj\u0105cych z histori\u0105 Auschwitz i zachowanymi reliktami obozowymi nie tylko przekazuj\u0105c wiedz\u0119 ale tak\u017ce sk\u0142aniaj\u0105c do refleksji. Niemiecki nazistowski ob\u00f3z koncentracyjny i zag\u0142ady Auschwitz-Birkenau sta\u0142 si\u0119 dla \u015bwiata symbolem Holokaustu oraz symbolem terroru, strasznego okrucie\u0144stwa wobec ludzi. Historycy szacuj\u0105 og\u00f3ln\u0105 liczb\u0119 jego ofiar na [&hellip;]<\/p>\n","protected":false},"author":2,"featured_media":20056,"comment_status":"closed","ping_status":"closed","sticky":false,"template":"","format":"standard","meta":[],"categories":[1],"tags":[],"_links":{"self":[{"href":"https:\/\/www.wroblewski.krakow.pl\/index.php?rest_route=\/wp\/v2\/posts\/20055"}],"collection":[{"href":"https:\/\/www.wroblewski.krakow.pl\/index.php?rest_route=\/wp\/v2\/posts"}],"about":[{"href":"https:\/\/www.wroblewski.krakow.pl\/index.php?rest_route=\/wp\/v2\/types\/post"}],"author":[{"embeddable":true,"href":"https:\/\/www.wroblewski.krakow.pl\/index.php?rest_route=\/wp\/v2\/users\/2"}],"replies":[{"embeddable":true,"href":"https:\/\/www.wroblewski.krakow.pl\/index.php?rest_route=%2Fwp%2Fv2%2Fcomments&post=20055"}],"version-history":[{"count":1,"href":"https:\/\/www.wroblewski.krakow.pl\/index.php?rest_route=\/wp\/v2\/posts\/20055\/revisions"}],"predecessor-version":[{"id":20057,"href":"https:\/\/www.wroblewski.krakow.pl\/index.php?rest_route=\/wp\/v2\/posts\/20055\/revisions\/20057"}],"wp:featuredmedia":[{"embeddable":true,"href":"https:\/\/www.wroblewski.krakow.pl\/index.php?rest_route=\/wp\/v2\/media\/20056"}],"wp:attachment":[{"href":"https:\/\/www.wroblewski.krakow.pl\/index.php?rest_route=%2Fwp%2Fv2%2Fmedia&parent=20055"}],"wp:term":[{"taxonomy":"category","embeddable":true,"href":"https:\/\/www.wroblewski.krakow.pl\/index.php?rest_route=%2Fwp%2Fv2%2Fcategories&post=20055"},{"taxonomy":"post_tag","embeddable":true,"href":"https:\/\/www.wroblewski.krakow.pl\/index.php?rest_route=%2Fwp%2Fv2%2Ftags&post=20055"}],"curies":[{"name":"wp","href":"https:\/\/api.w.org\/{rel}","templated":true}]}}