{"id":20119,"date":"2025-11-22T15:40:16","date_gmt":"2025-11-22T14:40:16","guid":{"rendered":"https:\/\/www.wroblewski.krakow.pl\/?p=20119"},"modified":"2025-11-24T15:54:18","modified_gmt":"2025-11-24T14:54:18","slug":"narodowe-swieto-niepodleglosci-w-ix-lo-w-krakowie","status":"publish","type":"post","link":"https:\/\/www.wroblewski.krakow.pl\/?p=20119","title":{"rendered":"Narodowe \u015awi\u0119to Niepodleg\u0142o\u015bci w IX LO w Krakowie"},"content":{"rendered":"\n<p>W dniu <strong>20 listopada 2025 roku<\/strong> w IX Liceum Og\u00f3lnokszta\u0142c\u0105cym im. Zygmunta Wr\u00f3blewskiego w Krakowie odby\u0142a si\u0119 uroczysta akademia z okazji <strong>Narodowego \u015awi\u0119ta Niepodleg\u0142o\u015bci<\/strong>. Wydarzenie to by\u0142o okazj\u0105 do wsp\u00f3lnego uczczenia polskiej drogi do wolno\u015bci oraz refleksji nad wydarzeniami, kt\u00f3re doprowadzi\u0142y do odzyskania przez Polsk\u0119 niepodleg\u0142o\u015bci 11 listopada 1918 roku.<\/p>\n\n\n\n<p>Uroczysto\u015b\u0107 rozpocz\u0119\u0142a si\u0119 od powitania go\u015bci \u2013 Dyrekcji Szko\u0142y, Grona Pedagogicznego, Pracownik\u00f3w administracji i obs\u0142ugi, Samorz\u0105du Uczniowskiego oraz wszystkich Uczni\u00f3w. Po wprowadzeniu sztandaru szko\u0142y i od\u015bpiewaniu \u201eMazurka D\u0105browskiego\u201d g\u0142os zabra\u0142a <strong>Dyrektor szko\u0142y, Pani Aleksandra Pagacz-Pociask<\/strong>, kt\u00f3ra przypomnia\u0142a m.in. na czym polega niepodleg\u0142o\u015b\u0107 pa\u0144stwowa. W pami\u0119ci s\u0142uchaczy pozostanie zapewne nawi\u0105zanie przez Pani\u0105 Dyrektor do postaci Romana Dmowskiego, kt\u00f3ry podczas konferencji w Pary\u017cu w 1919 roku zrezygnowa\u0142 z us\u0142ug niekompetentnego t\u0142umacza i samodzielnie w dw\u00f3ch j\u0119zykach \u2013 francuskim i angielskim \u2013 przedstawi\u0142 precyzyjnie spraw\u0119 Polski na forum mi\u0119dzynarodowym. <em>\u201eTen fakt historyczny mo\u017ce stanowi\u0107 inspiracj\u0119 dla nas wszystkich, \u017ce warto zna\u0107 j\u0119zyki obce i mie\u0107 w nich jeszcze co\u015b do powiedzenia\u201d.<\/em><\/p>\n\n\n\n<p>Wa\u017cn\u0105 cz\u0119\u015bci\u0105 uroczysto\u015bci by\u0142o tradycyjne przekazanie sztandaru nowemu Pocztowi Sztandarowemu. Ust\u0119puj\u0105cy poczet wyst\u0105pi\u0142 w sk\u0142adzie: <strong>Benedykt Dardzi\u0144ski<\/strong> \u2013 chor\u0105\u017cy, klasa 4e; <strong>Amelia Siwos\u0142awska<\/strong> \u2013 klasa 4e; <strong>Natalia Bol<\/strong><strong>ig\u0142owa <\/strong>\u2013 klasa 4e; <strong>Patryk Zwierz<\/strong> \u2013 chor\u0105\u017cy, klasa 4a; <strong>Maria Pohl<\/strong> \u2013 klasa 4d; <strong>Milena Mucha<\/strong> \u2013 klasa 4e oraz Stanis\u0142aw Danisz \u2013 chor\u0105\u017cy, klasa 4e.<\/p>\n\n\n\n<p>Cz\u0142onkowie ust\u0119puj\u0105cego pocztu w podzi\u0119kowaniu za zaanga\u017cowanie otrzymali dyplomy oraz ksi\u0105\u017cki. Pani Dyrektor Aleksandra Pagacz-Pociak podzi\u0119kowa\u0142a<strong> Pani<\/strong> <strong>mgr Jolancie Gurtat<\/strong> za ca\u0142oroczn\u0105 opiek\u0119 nad pocztem.<\/p>\n\n\n\n<p>Nast\u0119pnie zaprezentowano nowy Poczet Sztandarowy IX LO na rok szkolny 2025\/2026, w sk\u0142adzie: <strong>Piotr Bolek<\/strong> \u2013 chor\u0105\u017cy, klasa 3c (na uroczysto\u015bci w zast\u0119pstwie <strong>Kacper Czyrnecki<\/strong>, klasa 3c); <strong>Alicja Kaleta<\/strong>, klasa 3c; <strong>Oliwia Grabka<\/strong>, klasa 3c; <strong>Kacper Gaczorek<\/strong> \u2013 chor\u0105\u017cy, klasa 3e (w zast\u0119pstwie <strong>Wiktor Stawarczyk<\/strong>, klasa 3c); <strong>Gabriela Iwulska<\/strong>, klasa 3c i <strong>Barbara Bis<\/strong>, klasa 3c<\/p>\n\n\n\n<p>W cz\u0119\u015bci artystycznej uczniowie klasy <strong>2c<\/strong> zabrali nas w podr\u00f3\u017c przez dzieje Polski od czas\u00f3w pierwszych Piast\u00f3w po wsp\u00f3\u0142czesno\u015b\u0107.<\/p>\n\n\n\n<p><strong>Franciszek Pietrusza<\/strong> wprowadzi\u0142 publiczno\u015b\u0107 w tematyk\u0119 historyczn\u0105, a fragmenty filmu animowanego Tomasza Bagi\u0144skiego <em>\u201eHistoria Polski\u201d<\/em> stanowi\u0142y t\u0142o narracyjne. Film ten reklamowa\u0142 Polsk\u0119 na \u015bwiatowej wystawie Expo 2010 w Szanghaju i zosta\u0142 wyr\u00f3\u017cniony nagrod\u0105 Animago jako najlepsza wizualizacja w 2010 roku.<\/p>\n\n\n\n<p><strong>Noelia Rico-Zapa\u0142a<\/strong> przypomnia\u0142a wydarzenia zwi\u0105zane z 11 listopada 1918 roku, a <strong>Krzysztof Mi\u0142ek<\/strong> przybli\u017cy\u0142 losy Polak\u00f3w w XX wieku \u2013 od II wojny \u015bwiatowej po rok 1989.<\/p>\n\n\n\n<p>W kolejnych cz\u0119\u015bciach programu wyst\u0105pili: <strong>Hanna Kami\u0144ska<\/strong>, kt\u00f3ra za\u015bpiewa\u0142a piosenk\u0119 <em>\u201eDanuta odbiera Nobla\u201d<\/em> z musicalu pt. <em>\u201e1989<\/em>\u201d, w scenie towarzyszy\u0142 jej ucze\u0144 klasy 3b <strong>Pawe\u0142 Knapik<\/strong>; <strong>Zofia R\u00f3\u017ca Gargu<\/strong>l z klasy 4c, kt\u00f3ra wyrecytowa\u0142a wiersz Wis\u0142awy Szymborskiej pt. <em>\u201eGaw\u0119da o mi\u0142o\u015bci ziemi ojczystej\u201d<\/em>. Poetycki fragment zako\u0144czy\u0142a refleksja Krzysztofa, przywo\u0142uj\u0105ca s\u0142owa papie\u017ca Jana Paw\u0142a II o warto\u015bci wolno\u015bci. <\/p>\n\n\n\n<p>Uroczysto\u015b\u0107 u\u015bwietni\u0142y wyst\u0119py <strong>Ch\u00f3ru Szkolnego \u201ePasseres<\/strong>\u201d pod kierownictwem <strong>Pani mgr Anny Augustyn<\/strong>, kt\u00f3ry wykona\u0142 m.in. utwory z musicalu <em>\u201e1989\u201d<\/em> oraz piosenk\u0119 \u201e<em>Nadzieja<\/em>\u201d zespo\u0142u Hey. W ch\u00f3rze klas\u0119 2c reprezentowali: <strong>Hanna Zdeb, Hanna Kami\u0144ska i Franciszek Pietrusza.<\/strong><\/p>\n\n\n\n<p>Kotyliony dla klasy przygotowa\u0142y: <strong>Nadia R\u00f3\u017ca\u0144ska, Marcelina Michalczyk, Kaja Szczurek, Maria Wirt, Alicja Kasprzyk, Hanna Zdeb<\/strong>. Za dekoracje odpowiedzialni byli: <strong>Kinga Bobek, Anita Krzy\u015bko, Martyna Pietryka, Oliwia Che\u0142kowska, Alicja Strojecka, Szymon Janik, Antoni Bednarek<\/strong>. Pozostali uczniowie i uczennice klasy 2c przygotowali sal\u0119 do uroczysto\u015bci oraz kotyliony dla nauczycieli oraz uczni\u00f3w z innych oddzia\u0142\u00f3w. Opraw\u0105 d\u017awi\u0119kow\u0105 zaj\u0119li si\u0119 uczniowie z klasy 3c: <strong>Kuba \u015acibor i &nbsp;Andrzej Adamus <\/strong>oraz ucze\u0144klasy 2b<strong> Miko\u0142aj T\u0119cza.<\/strong><\/p>\n\n\n\n<p>Na zako\u0144czenie prowadz\u0105cy podzi\u0119kowali wszystkim zaanga\u017cowanym w przygotowanie uroczysto\u015bci \u2013 uczniom, Ch\u00f3rowi Szkolnemu, Pani mgr Annie Augustyn oraz Pani mgr Ma\u0142gorzacie Nowakowskiej-Murzyn.<\/p>\n\n\n\n<p><strong>Uroczysto\u015b\u0107 <\/strong>by\u0142a nie tylko lekcj\u0105 historii, lecz tak\u017ce lekcj\u0105 wsp\u00f3lnoty, pami\u0119ci i odpowiedzialno\u015bci za warto\u015bci, kt\u00f3re tworz\u0105 nasz\u0105 narodow\u0105 to\u017csamo\u015b\u0107. <strong>Przygotowa\u0142a <\/strong>j\u0105 <strong>klasa 2c <\/strong>wraz z wychowawczyni\u0105 <strong>Pani\u0105 mgr Monik\u0105 Kuras<\/strong> we wsp\u00f3\u0142pracy z <strong>Pani\u0105 mgr Ma\u0142gorzat\u0105 Nowakowsk\u0105-Murzyn<\/strong>.<\/p>\n\n\n\n<p>Ostatnim punktem uroczysto\u015bci by\u0142o podzi\u0119kowanie dla uczni\u00f3w i nauczycieli, jakie skierowa\u0142a do spo\u0142eczno\u015bci szko\u0142y Pani <strong>mgr Edyta Trzepa\u0142kowska<\/strong> za zaanga\u017cowanie wszystkich w <strong>zbi\u00f3rk\u0119 \u015bwi\u0105teczn\u0105 dar\u00f3w dla Polak\u00f3w na Kresach<\/strong>, kt\u00f3ra zosta\u0142a zorganizowana w porozumieniu ze <strong>Stowarzyszeniem Pomocy Polakom na Wschodzie \u201eKresy\u201d<\/strong>.<\/p>\n\n\n\n<p class=\"has-text-align-right\"><em>Krak\u00f3w, 21.11.2025 r., mgr Monika Kuras<\/em><\/p>\n\n\n\n<p><a href=\"https:\/\/www.wroblewski.krakow.pl\/?gallery=narodowe-swieto-niepodleglosci-w-ix-liceum-ogolnoksztalcacym-im-zygmunta-wroblewskiego-20-11-2025-r\" data-type=\"URL\" data-id=\"https:\/\/www.wroblewski.krakow.pl\/?gallery=narodowe-swieto-niepodleglosci-w-ix-liceum-ogolnoksztalcacym-im-zygmunta-wroblewskiego-20-11-2025-r\">FOTOGALERIA >>>><\/a><\/p>\n","protected":false},"excerpt":{"rendered":"<p>W dniu 20 listopada 2025 roku w IX Liceum Og\u00f3lnokszta\u0142c\u0105cym im. Zygmunta Wr\u00f3blewskiego w Krakowie odby\u0142a si\u0119 uroczysta akademia z okazji Narodowego \u015awi\u0119ta Niepodleg\u0142o\u015bci. Wydarzenie to by\u0142o okazj\u0105 do wsp\u00f3lnego uczczenia polskiej drogi do wolno\u015bci oraz refleksji nad wydarzeniami, kt\u00f3re doprowadzi\u0142y do odzyskania przez Polsk\u0119 niepodleg\u0142o\u015bci 11 listopada 1918 roku. Uroczysto\u015b\u0107 rozpocz\u0119\u0142a si\u0119 od powitania go\u015bci \u2013 Dyrekcji Szko\u0142y, Grona Pedagogicznego, Pracownik\u00f3w administracji i obs\u0142ugi, Samorz\u0105du Uczniowskiego oraz wszystkich Uczni\u00f3w. Po wprowadzeniu sztandaru szko\u0142y i od\u015bpiewaniu \u201eMazurka D\u0105browskiego\u201d g\u0142os zabra\u0142a Dyrektor szko\u0142y, Pani Aleksandra Pagacz-Pociask, kt\u00f3ra przypomnia\u0142a m.in. na czym polega niepodleg\u0142o\u015b\u0107 pa\u0144stwowa. W pami\u0119ci s\u0142uchaczy pozostanie zapewne nawi\u0105zanie przez [&hellip;]<\/p>\n","protected":false},"author":2,"featured_media":20120,"comment_status":"closed","ping_status":"closed","sticky":false,"template":"","format":"standard","meta":[],"categories":[1],"tags":[],"_links":{"self":[{"href":"https:\/\/www.wroblewski.krakow.pl\/index.php?rest_route=\/wp\/v2\/posts\/20119"}],"collection":[{"href":"https:\/\/www.wroblewski.krakow.pl\/index.php?rest_route=\/wp\/v2\/posts"}],"about":[{"href":"https:\/\/www.wroblewski.krakow.pl\/index.php?rest_route=\/wp\/v2\/types\/post"}],"author":[{"embeddable":true,"href":"https:\/\/www.wroblewski.krakow.pl\/index.php?rest_route=\/wp\/v2\/users\/2"}],"replies":[{"embeddable":true,"href":"https:\/\/www.wroblewski.krakow.pl\/index.php?rest_route=%2Fwp%2Fv2%2Fcomments&post=20119"}],"version-history":[{"count":2,"href":"https:\/\/www.wroblewski.krakow.pl\/index.php?rest_route=\/wp\/v2\/posts\/20119\/revisions"}],"predecessor-version":[{"id":20123,"href":"https:\/\/www.wroblewski.krakow.pl\/index.php?rest_route=\/wp\/v2\/posts\/20119\/revisions\/20123"}],"wp:featuredmedia":[{"embeddable":true,"href":"https:\/\/www.wroblewski.krakow.pl\/index.php?rest_route=\/wp\/v2\/media\/20120"}],"wp:attachment":[{"href":"https:\/\/www.wroblewski.krakow.pl\/index.php?rest_route=%2Fwp%2Fv2%2Fmedia&parent=20119"}],"wp:term":[{"taxonomy":"category","embeddable":true,"href":"https:\/\/www.wroblewski.krakow.pl\/index.php?rest_route=%2Fwp%2Fv2%2Fcategories&post=20119"},{"taxonomy":"post_tag","embeddable":true,"href":"https:\/\/www.wroblewski.krakow.pl\/index.php?rest_route=%2Fwp%2Fv2%2Ftags&post=20119"}],"curies":[{"name":"wp","href":"https:\/\/api.w.org\/{rel}","templated":true}]}}