{"id":20318,"date":"2025-12-13T20:31:17","date_gmt":"2025-12-13T19:31:17","guid":{"rendered":"https:\/\/www.wroblewski.krakow.pl\/?p=20318"},"modified":"2025-12-14T21:17:56","modified_gmt":"2025-12-14T20:17:56","slug":"klasa-4e-na-upjpii-na-konferencji-naukowej-pt-giganci-solidarnosci-popieluszko-i-tischner","status":"publish","type":"post","link":"https:\/\/www.wroblewski.krakow.pl\/?p=20318","title":{"rendered":"Klasa 4e na UPJPII na konferencji naukowej pt. \u201eGiganci Solidarno\u015bci: Popie\u0142uszko i Tischner\u201d"},"content":{"rendered":"\n<p>W dniu 11 grudnia 2025 roku zainteresowani <strong>uczniowie z klasy 4e<\/strong> (pol-hist-wos) wzi\u0119li udzia\u0142 <strong>w konferencji naukowej<\/strong> pt. <strong>\u201eGiganci Solidarno\u015bci: Popie\u0142uszko i Tischner\u201d.<\/strong><\/p>\n\n\n\n<p>Wydarzenie zorganizowane zosta\u0142o przez <strong>Wydzia\u0142 Filozoficzny Uniwersytetu Papieskiego Jana Paw\u0142a II i Mi\u0119dzynarodowe Centrum Bada\u0144 nad Fenomenem Solidarno\u015bci<\/strong> w Auli Biblioteki G\u0142\u00f3wnej UPJPII przy ul. Bobrzy\u0144skiego 10. Konferencja mia\u0142a charakter popularnonaukowy, dzi\u0119ki czemu m\u0142odzie\u017c mog\u0142a pozna\u0107 i zrozumie\u0107 istot\u0119 dzia\u0142alno\u015bci ks. J\u00f3zefa Tischnera i ks. Jerzego Popie\u0142uszki \u2013 dw\u00f3ch wyj\u0105tkowych os\u00f3b, kt\u00f3re wnios\u0142y istotny wk\u0142ad w najnowsz\u0105 histori\u0119 Polski.<\/p>\n\n\n\n<p>Konferencja stanowi\u0142a cz\u0119\u015b\u0107 obchod\u00f3w 45-lecia NSZZ \u201eSolidarno\u015b\u0107\u201d, roku ks. prof. J\u00f3zefa Tischnera (w zwi\u0105zku z 25. rocznic\u0105 jego \u015bmierci) oraz 15. rocznicy beatyfikacji ks. Jerzego Popie\u0142uszki. By\u0142a to pierwsza w Polsce konferencja, kt\u00f3ra po\u0142\u0105czy\u0142a te dwie postaci, ukazuj\u0105c solidarno\u015b\u0107 zar\u00f3wno w praktyce, jak i w teorii.<\/p>\n\n\n\n<p>Prelegenci z r\u00f3\u017cnych o\u015brodk\u00f3w naukowych i \u015brodowisk spo\u0142ecznych przedstawili duchowy i spo\u0142eczny wymiar przes\u0142ania ks. Jerzego Popie\u0142uszki oraz filozoficzne i etyczne inspiracje p\u0142yn\u0105ce z my\u015bli ks. J\u00f3zefa Tischnera, kt\u00f3rego dwoje z prelegent\u00f3w mia\u0142o mo\u017cliwo\u015b\u0107 pozna\u0107 osobi\u015bcie pisz\u0105c pod jego kierunkiem dysertacje doktorskie.<\/p>\n\n\n\n<p>Spotkanie by\u0142o okazj\u0105 do refleksji nad histori\u0105 oraz impulsem do rozmowy o aktualnym znaczeniu solidarno\u015bci we wsp\u00f3\u0142czesnym \u015bwiecie. <strong>W dyskusji aktywny udzia\u0142 wzi\u0119li uczniowie: Benedykt Dardzi\u0144ski i Iwo Jarzyna.<\/strong><\/p>\n\n\n\n<p><strong>Liceali\u015bci obejrzeli<\/strong> ponadto specjaln\u0105 <strong>wystaw\u0119 po\u015bwi\u0119con\u0105 ks. J\u00f3zefowi Tischnerowi<\/strong>, <strong>zwiedzili bibliotek\u0119 i czytelni\u0119 UPJPII<\/strong> oraz <strong>zapoznali si\u0119 z ofert\u0105 rekrutacyjn\u0105 uczelni<\/strong> na rok akademicki 2026-2027, kt\u00f3r\u0105 przedstawi\u0142 im Pan <strong>dr Jakub Synowiec<\/strong>, pracownik naukowy UPJPII i wsp\u00f3\u0142organizator konferencji. M\u0142odzie\u017c mia\u0142a okazj\u0119 zobaczy\u0107 z zewn\u0105trz <strong>nowy kampus uczelni<\/strong>, w kt\u00f3rym ju\u017c od lutego 2026 roku studenci rozpoczn\u0105 zaj\u0119cia a tak\u017ce udzieli\u0107 <strong>wywiad\u00f3w dla Radia Bonus<\/strong>, prowadzonego przez student\u00f3w UPJPII.<\/p>\n\n\n\n<p><strong>Wyj\u015bcie<\/strong> uczni\u00f3w na UPJPII <strong>mo\u017cliwe by\u0142o dzi\u0119ki zaproszeniu, kt\u00f3re skierowa\u0142 do nas absolwent IX LO &#8211; Pan dr Jakub Synowiec<\/strong>. Udzia\u0142 uczni\u00f3w w konferencji naukowej wpisuje si\u0119 w realizacj\u0119 Szkolnego Programu Doradztwa Zawodowego oraz realizacj\u0119 podstawy programowej nauczania historii dla liceum og\u00f3lnokszta\u0142c\u0105cego.<\/p>\n\n\n\n<p>Opiek\u0119 nad m\u0142odzie\u017c\u0105 pe\u0142ni\u0142y Pani <strong>mgr Ma\u0142gorzata Nowakowska-Murzyn<\/strong>, nauczyciel historii, wiedzy o spo\u0142ecze\u0144stwie i wychowania obywatelskiego oraz Pani <strong>Aleksandra Pagacz-Pociask<\/strong>, dyrektor szko\u0142y.<\/p>\n\n\n\n<p class=\"has-text-align-right\"><em>Krak\u00f3w, 12.12.2025 r., mgr M. Nowakowska-Murzyn, mgr A. Pagacz-Pociask<\/em><\/p>\n\n\n\n<p><a href=\"https:\/\/www.wroblewski.krakow.pl\/?gallery=klasa-4e-na-konferencji-naukowej-pt-giganci-solidarnosci-popieluszko-i-tischner-11-12-2025-r\" data-type=\"URL\" data-id=\"https:\/\/www.wroblewski.krakow.pl\/?gallery=klasa-4e-na-konferencji-naukowej-pt-giganci-solidarnosci-popieluszko-i-tischner-11-12-2025-r\">FOTOGALERIA &gt;&gt;&gt;&gt;<\/a><\/p>\n\n\n<div class=\"wp-block-image\">\n<figure class=\"aligncenter size-full\"><img decoding=\"async\" loading=\"lazy\" width=\"561\" height=\"769\" src=\"https:\/\/www.wroblewski.krakow.pl\/wp-content\/uploads\/2025\/12\/Giganci-Solidarnosci.jpg\" alt=\"\" class=\"wp-image-20319\" srcset=\"https:\/\/www.wroblewski.krakow.pl\/wp-content\/uploads\/2025\/12\/Giganci-Solidarnosci.jpg 561w, https:\/\/www.wroblewski.krakow.pl\/wp-content\/uploads\/2025\/12\/Giganci-Solidarnosci-219x300.jpg 219w\" sizes=\"(max-width: 561px) 100vw, 561px\" \/><\/figure><\/div>","protected":false},"excerpt":{"rendered":"<p>W dniu 11 grudnia 2025 roku zainteresowani uczniowie z klasy 4e (pol-hist-wos) wzi\u0119li udzia\u0142 w konferencji naukowej pt. \u201eGiganci Solidarno\u015bci: Popie\u0142uszko i Tischner\u201d. Wydarzenie zorganizowane zosta\u0142o przez Wydzia\u0142 Filozoficzny Uniwersytetu Papieskiego Jana Paw\u0142a II i Mi\u0119dzynarodowe Centrum Bada\u0144 nad Fenomenem Solidarno\u015bci w Auli Biblioteki G\u0142\u00f3wnej UPJPII przy ul. Bobrzy\u0144skiego 10. Konferencja mia\u0142a charakter popularnonaukowy, dzi\u0119ki czemu m\u0142odzie\u017c mog\u0142a pozna\u0107 i zrozumie\u0107 istot\u0119 dzia\u0142alno\u015bci ks. J\u00f3zefa Tischnera i ks. Jerzego Popie\u0142uszki \u2013 dw\u00f3ch wyj\u0105tkowych os\u00f3b, kt\u00f3re wnios\u0142y istotny wk\u0142ad w najnowsz\u0105 histori\u0119 Polski. Konferencja stanowi\u0142a cz\u0119\u015b\u0107 obchod\u00f3w 45-lecia NSZZ \u201eSolidarno\u015b\u0107\u201d, roku ks. prof. J\u00f3zefa Tischnera (w zwi\u0105zku z 25. rocznic\u0105 jego [&hellip;]<\/p>\n","protected":false},"author":2,"featured_media":20320,"comment_status":"closed","ping_status":"closed","sticky":false,"template":"","format":"standard","meta":[],"categories":[1],"tags":[],"_links":{"self":[{"href":"https:\/\/www.wroblewski.krakow.pl\/index.php?rest_route=\/wp\/v2\/posts\/20318"}],"collection":[{"href":"https:\/\/www.wroblewski.krakow.pl\/index.php?rest_route=\/wp\/v2\/posts"}],"about":[{"href":"https:\/\/www.wroblewski.krakow.pl\/index.php?rest_route=\/wp\/v2\/types\/post"}],"author":[{"embeddable":true,"href":"https:\/\/www.wroblewski.krakow.pl\/index.php?rest_route=\/wp\/v2\/users\/2"}],"replies":[{"embeddable":true,"href":"https:\/\/www.wroblewski.krakow.pl\/index.php?rest_route=%2Fwp%2Fv2%2Fcomments&post=20318"}],"version-history":[{"count":2,"href":"https:\/\/www.wroblewski.krakow.pl\/index.php?rest_route=\/wp\/v2\/posts\/20318\/revisions"}],"predecessor-version":[{"id":20323,"href":"https:\/\/www.wroblewski.krakow.pl\/index.php?rest_route=\/wp\/v2\/posts\/20318\/revisions\/20323"}],"wp:featuredmedia":[{"embeddable":true,"href":"https:\/\/www.wroblewski.krakow.pl\/index.php?rest_route=\/wp\/v2\/media\/20320"}],"wp:attachment":[{"href":"https:\/\/www.wroblewski.krakow.pl\/index.php?rest_route=%2Fwp%2Fv2%2Fmedia&parent=20318"}],"wp:term":[{"taxonomy":"category","embeddable":true,"href":"https:\/\/www.wroblewski.krakow.pl\/index.php?rest_route=%2Fwp%2Fv2%2Fcategories&post=20318"},{"taxonomy":"post_tag","embeddable":true,"href":"https:\/\/www.wroblewski.krakow.pl\/index.php?rest_route=%2Fwp%2Fv2%2Ftags&post=20318"}],"curies":[{"name":"wp","href":"https:\/\/api.w.org\/{rel}","templated":true}]}}