{"id":20343,"date":"2025-12-15T19:59:00","date_gmt":"2025-12-15T18:59:00","guid":{"rendered":"https:\/\/www.wroblewski.krakow.pl\/?p=20343"},"modified":"2025-12-16T17:14:30","modified_gmt":"2025-12-16T16:14:30","slug":"swiadkowie-historii-piotr-fugiel-i-tomasz-balon-mroczek-na-spotkaniu-z-mlodzieza-wroblewskiego","status":"publish","type":"post","link":"https:\/\/www.wroblewski.krakow.pl\/?p=20343","title":{"rendered":"\u015awiadkowie historii Piotr Fugiel i Tomasz Balon-Mroczek na spotkaniu z m\u0142odzie\u017c\u0105 \u201eWr\u00f3blewskiego\u201d"},"content":{"rendered":"\n<p>W dniu 15 grudnia 2025 roku, <strong>w zwi\u0105zku z 4<\/strong><strong>4<\/strong><strong> rocznic\u0105 wprowadzenia w Polsce stanu wojennego<\/strong>, go\u015bcili\u015bmy w murach \u201eWr\u00f3blewskiego\u201d <strong>Piotra Fugiela i Tomasza Balon-Mroczka<\/strong> \u2013 uczestnik\u00f3w i \u015bwiadk\u00f3w wsp\u00f3\u0142czesnej historii. <strong>W spotkaniu udzia\u0142 wzi\u0119li <\/strong><strong>uczniowie<\/strong><strong> dw\u00f3ch <\/strong><strong>klas humanistycznych <\/strong><strong>1d<\/strong><strong> i 2<\/strong><strong>d<\/strong><strong> <\/strong><strong>oraz <\/strong><strong>klasy 3<\/strong><strong>a<\/strong><strong> (mat-geo-ang) wraz z nauczycielami<\/strong>: mgr Ma\u0142gorzat\u0105 Nowakowsk\u0105-Murzyn, mgr Ew\u0105 Skibi\u0144sk\u0105 i mgr Sylwi\u0105 R\u00f3zg\u0105.<\/p>\n\n\n\n<p><strong>Piotr Fugiel<\/strong> jako 16-latek wsp\u00f3\u0142za\u0142o\u017cy\u0142, organizowa\u0142 i dzia\u0142a\u0142 w latach<strong> <\/strong>1981-1985 w Federacji M\u0142odziezy Walcz\u0105cej w Krakowie-Nowej Hucie. Od stycznia 1982 roku roznosi\u0142 paczki z \u017cywno\u015bci\u0105 rodzinom represjonowanych. Wraz z kolegami malowa\u0142 antykomunistyczne has\u0142a na murach, bra\u0142 udzia\u0142 w akcjach roznoszenia ulotek, dzia\u0142alno\u015bci samokszta\u0142ceniowej, demonstracjach i manifestacjach rocznicowych w Nowej Hucie. W latach 1982\u20131986 wraz ze swoim tat\u0105, \u015b.p. Kazimierzem Fugielem i J\u00f3zefem Mandrykiem drukowa\u0142 znaczki poczty podziemnej i koperty Polowej Poczty \u201eS\u201d (zyski przekazywano na pomoc rodzinom aresztowanych i ukrywaj\u0105cych si\u0119 dzia\u0142aczy \u201eS\u201d). W latach 1982-1989 by\u0142 organizatorem, koordynatorem i kolporterem podziemnych wydawnictw, m.in. pism: \u201eHutnik\u201d, \u201eTygodnik Mazowsze\u201d oraz kaset audio, kalendarzy i cegie\u0142ek. W 1982 roku za\u0142o\u017cy\u0142 bibliotek\u0119 wydawnictw podziemnych dla uczni\u00f3w Technikum Hutniczo-Mechanicznego w Krakowie-Nowej Hucie. W latach 1982-1986 by\u0142 wielokrotnie zatrzymywany, kilkunastokrotnie przes\u0142uchiwany, poddawany rewizjom. Za\u0142o\u017cono mu r\u00f3wnie\u017c pods\u0142uch w mieszkaniu. W 1984 roku by\u0142 rozpracowywany przez Wydz. V DUSW w Krakowie-Nowej Hucie. W 1985 roku roku zosta\u0142 ukarany grzywn\u0105 przez kolegium ds. wykrocze\u0144 za malowanie hase\u0142 wzywaj\u0105cych do bojkotu wybor\u00f3w do Sejmu PRL. W 1986 roku zosta\u0142 pobity. W latach 1984-1988 by\u0142 uczestnikiem Konfraterni Robotniczej. W 1985-1989 roku by\u0142 wsp\u00f3\u0142za\u0142o\u017cycielem i organizatorem struktur FMW w Krakowie, zosta\u0142 r\u00f3wnie\u017c cz\u0142onkiem Krakowskiej Rady Koordynacyjnej FMW. W IV\/V 1988 roku wsp\u00f3\u0142organizowa\u0142 pomoc materialn\u0105 dla strajkuj\u0105cych w HiL w Krakowie-Nowej Hucie. Od 2012 roku jest wsp\u00f3\u0142inicjatorem oraz wsp\u00f3\u0142organizatorem Stowarzyszenia Sie\u0107 Solidarno\u015bci w Krakowie \u2013 cz\u0142onek zarz\u0105du, pe\u0142ni rol\u0119 przewodnicz\u0105cego Komisji Solidarno\u015bci i Pomocy. W 2013 roku zosta\u0142 odznaczony Krzy\u017cem Kawalerskim Orderu Odrodzenia Polski, a w 2018 roku otrzyma\u0142 Krzy\u017c Wolno\u015bci i Solidarno\u015bci.<\/p>\n\n\n\n<p>Drugi z naszych go\u015bci, <strong>Tomasz Balon<\/strong>&#8211;<strong>Mroczek <\/strong>jest autorem ksi\u0105\u017cki pt. ,,Ko\u015bci\u00f3\u0142 w godzinie pr\u00f3by 1945-1989. Nieznane dokumenty i \u015bwiadectwa\u201d oraz internetowej bazy filmu polskiego &#8211; Filmpolski.pl. Za swoj\u0105 dzia\u0142alno\u015b\u0107 antykomunistyczn\u0105 otrzyma\u0142 medal Stowarzyszenia \u201eDzi\u0119kujemy za wolno\u015b\u0107\u201d. Tomasz Balon-Mroczek zrobi\u0142 nam mi\u0142\u0105 niespodziank\u0119 przyznaj\u0105c, \u017ce <strong>jest absolwentem <\/strong>\u201e<strong>Wr\u00f3blewskiego<\/strong>\u201d. By\u0142 cz\u0142onkiem Federacji M\u0142odzie\u017cy Walcz\u0105cej. W IX liceum Og\u00f3lnokszta\u0142c\u0105cym zorganizowa\u0142 grup\u0119 m\u0142odzie\u017cy, kt\u00f3ra we wsp\u00f3\u0142pracy z innymi uczniami z krakowskich lice\u00f3w drukowa\u0142a ulotki i malowa\u0142a na budynkach has\u0142a solidarno\u015bciowe. W czasie spotkania z uczniami Pan Tomasz Balon-Mroczek opowiedzia\u0142 o wydarzeniach, jakie mia\u0142y miejsce w latach 1981-1989 w Krakowie. Jego relacja by\u0142a bliska uczniom, poniewa\u017c przedstawi\u0142 je z perspektywy m\u0142odego cz\u0142owieka, ucznia szko\u0142y \u015bredniej. Jako \u015bwiadek historii przypomnia\u0142 o bohaterskich postawach nie tylko doros\u0142ych ale i m\u0142odych mieszka\u0144c\u00f3w Krakowa w okresie stanu wojennego oraz w czasie przemian ustrojowych w 1989 roku. Z du\u017c\u0105 sympati\u0105 wspomina\u0142 <strong>nauczyciela geografii Profesora Zbigniewa Kasprzyka<\/strong>, kt\u00f3ry wspiera\u0142 uczni\u00f3w w nielegalnej aktywno\u015bci.<\/p>\n\n\n\n<p>Jeszcze przed spotkaniem Pan Piotr Fugiel udost\u0119pni\u0142 nam dwa banery przedstawiaj\u0105ce dzia\u0142alno\u015b\u0107 Federacji M\u0142odzie\u017cy Walcz\u0105cej, kt\u00f3re wzbudzi\u0142y zainteresowanie m\u0142odzie\u017cy. <a><\/a>Bardzo dzi\u0119kujemy naszym Go\u015bciom za z\u0142o\u017cenie \u015bwiadectwa przed uczniami \u201eWr\u00f3blewskiego\u201d.<\/p>\n\n\n\n<p><strong>Piotr Fugiel i Tomasz Balon-Mroczek s\u0105 cz\u0142onkami Stowarzyszenia Sie\u0107 Solidarno\u015bci<\/strong>, kt\u00f3rego przewodnicz\u0105cym jest <strong>Edward Nowak<\/strong> wielokrotnie goszcz\u0105cy w IX LO na lekcjach wsp\u00f3\u0142czesnej historii.<\/p>\n\n\n\n<p>Spotkanie zorganizowa\u0142a Pani <strong>mgr Jolanta Gurtat<\/strong>, nauczyciel historii.<\/p>\n\n\n\n<p><a href=\"https:\/\/www.wroblewski.krakow.pl\/?gallery=swiadkowie-historii-piotr-fugiel-i-tomasz-balon-mroczek-na-spotkaniu-z-mlodzieza-wroblewskiego-15-12-2025-r\" data-type=\"URL\" data-id=\"https:\/\/www.wroblewski.krakow.pl\/?gallery=swiadkowie-historii-piotr-fugiel-i-tomasz-balon-mroczek-na-spotkaniu-z-mlodzieza-wroblewskiego-15-12-2025-r\">FOTOGALERIA &gt;&gt;&gt;&gt;<\/a><\/p>\n\n\n\n\n\n<p class=\"has-text-align-right\"><em>Krak\u00f3w, 15.12.2025 r. mgr Jolanta Gurtat<\/em><\/p>\n","protected":false},"excerpt":{"rendered":"<p>W dniu 15 grudnia 2025 roku, w zwi\u0105zku z 44 rocznic\u0105 wprowadzenia w Polsce stanu wojennego, go\u015bcili\u015bmy w murach \u201eWr\u00f3blewskiego\u201d Piotra Fugiela i Tomasza Balon-Mroczka \u2013 uczestnik\u00f3w i \u015bwiadk\u00f3w wsp\u00f3\u0142czesnej historii. W spotkaniu udzia\u0142 wzi\u0119li uczniowie dw\u00f3ch klas humanistycznych 1d i 2d oraz klasy 3a (mat-geo-ang) wraz z nauczycielami: mgr Ma\u0142gorzat\u0105 Nowakowsk\u0105-Murzyn, mgr Ew\u0105 Skibi\u0144sk\u0105 i mgr Sylwi\u0105 R\u00f3zg\u0105. Piotr Fugiel jako 16-latek wsp\u00f3\u0142za\u0142o\u017cy\u0142, organizowa\u0142 i dzia\u0142a\u0142 w latach 1981-1985 w Federacji M\u0142odziezy Walcz\u0105cej w Krakowie-Nowej Hucie. Od stycznia 1982 roku roznosi\u0142 paczki z \u017cywno\u015bci\u0105 rodzinom represjonowanych. Wraz z kolegami malowa\u0142 antykomunistyczne has\u0142a na murach, bra\u0142 udzia\u0142 w akcjach roznoszenia [&hellip;]<\/p>\n","protected":false},"author":2,"featured_media":20345,"comment_status":"closed","ping_status":"closed","sticky":false,"template":"","format":"standard","meta":[],"categories":[1],"tags":[],"_links":{"self":[{"href":"https:\/\/www.wroblewski.krakow.pl\/index.php?rest_route=\/wp\/v2\/posts\/20343"}],"collection":[{"href":"https:\/\/www.wroblewski.krakow.pl\/index.php?rest_route=\/wp\/v2\/posts"}],"about":[{"href":"https:\/\/www.wroblewski.krakow.pl\/index.php?rest_route=\/wp\/v2\/types\/post"}],"author":[{"embeddable":true,"href":"https:\/\/www.wroblewski.krakow.pl\/index.php?rest_route=\/wp\/v2\/users\/2"}],"replies":[{"embeddable":true,"href":"https:\/\/www.wroblewski.krakow.pl\/index.php?rest_route=%2Fwp%2Fv2%2Fcomments&post=20343"}],"version-history":[{"count":5,"href":"https:\/\/www.wroblewski.krakow.pl\/index.php?rest_route=\/wp\/v2\/posts\/20343\/revisions"}],"predecessor-version":[{"id":20349,"href":"https:\/\/www.wroblewski.krakow.pl\/index.php?rest_route=\/wp\/v2\/posts\/20343\/revisions\/20349"}],"wp:featuredmedia":[{"embeddable":true,"href":"https:\/\/www.wroblewski.krakow.pl\/index.php?rest_route=\/wp\/v2\/media\/20345"}],"wp:attachment":[{"href":"https:\/\/www.wroblewski.krakow.pl\/index.php?rest_route=%2Fwp%2Fv2%2Fmedia&parent=20343"}],"wp:term":[{"taxonomy":"category","embeddable":true,"href":"https:\/\/www.wroblewski.krakow.pl\/index.php?rest_route=%2Fwp%2Fv2%2Fcategories&post=20343"},{"taxonomy":"post_tag","embeddable":true,"href":"https:\/\/www.wroblewski.krakow.pl\/index.php?rest_route=%2Fwp%2Fv2%2Ftags&post=20343"}],"curies":[{"name":"wp","href":"https:\/\/api.w.org\/{rel}","templated":true}]}}