{"id":2052,"date":"2015-04-06T17:19:34","date_gmt":"2015-04-06T16:19:34","guid":{"rendered":"https:\/\/www.wroblewski.krakow.pl\/?p=2052"},"modified":"2015-04-06T17:20:26","modified_gmt":"2015-04-06T16:20:26","slug":"zapraszamy-gimnazjalistow-na-dzien-otwarty-ix-liceum-14-kwietnia-wtorek","status":"publish","type":"post","link":"https:\/\/www.wroblewski.krakow.pl\/?p=2052","title":{"rendered":"Zapraszamy Gimnazjalist\u00f3w na Dzie\u0144 Otwarty IX Liceum &#8211; 14 kwietnia (wtorek) 2015 r."},"content":{"rendered":"<p>Drodzy Gimnazjali\u015bci,<\/p>\n<p>w dniu 14 kwietnia 2015 r. (wtorek) w godz. 15.00 &#8211; 17.00 zapraszamy Was do udzia\u0142u w organizowanym specjalnie dla Was &#8222;Dniu Otwartym&#8221; naszego Liceum. Przybywajcie&#8230;, \u017ceby pozna\u0107 starszych koleg\u00f3w, spotka\u0107 si\u0119 z nauczycielami i osobi\u015bcie zobaczy\u0107, jak wygl\u0105da atmosfera naszej szko\u0142y.<\/p>\n<p><a href=\"https:\/\/www.wroblewski.krakow.pl\/?page_id=1767\">Zaproszenie na Dzie\u0144 Otwarty dla Gimnazjalist\u00f3w<\/a><\/p>\n<p>&nbsp;<\/p>\n<p>&nbsp;<\/p>\n<p>&nbsp;<\/p>\n<p>&nbsp;<\/p>\n<p>.<\/p>\n","protected":false},"excerpt":{"rendered":"<p>Drodzy Gimnazjali\u015bci, w dniu 14 kwietnia 2015 r. (wtorek) w godz. 15.00 &#8211; 17.00 zapraszamy Was do udzia\u0142u w organizowanym specjalnie dla Was &#8222;Dniu Otwartym&#8221; naszego Liceum. Przybywajcie&#8230;, \u017ceby pozna\u0107 starszych koleg\u00f3w, spotka\u0107 si\u0119 z nauczycielami i osobi\u015bcie zobaczy\u0107, jak wygl\u0105da atmosfera naszej szko\u0142y. Zaproszenie na Dzie\u0144 Otwarty dla Gimnazjalist\u00f3w &nbsp; &nbsp; &nbsp; &nbsp; .<\/p>\n","protected":false},"author":6,"featured_media":2054,"comment_status":"closed","ping_status":"closed","sticky":false,"template":"","format":"standard","meta":[],"categories":[],"tags":[],"_links":{"self":[{"href":"https:\/\/www.wroblewski.krakow.pl\/index.php?rest_route=\/wp\/v2\/posts\/2052"}],"collection":[{"href":"https:\/\/www.wroblewski.krakow.pl\/index.php?rest_route=\/wp\/v2\/posts"}],"about":[{"href":"https:\/\/www.wroblewski.krakow.pl\/index.php?rest_route=\/wp\/v2\/types\/post"}],"author":[{"embeddable":true,"href":"https:\/\/www.wroblewski.krakow.pl\/index.php?rest_route=\/wp\/v2\/users\/6"}],"replies":[{"embeddable":true,"href":"https:\/\/www.wroblewski.krakow.pl\/index.php?rest_route=%2Fwp%2Fv2%2Fcomments&post=2052"}],"version-history":[{"count":2,"href":"https:\/\/www.wroblewski.krakow.pl\/index.php?rest_route=\/wp\/v2\/posts\/2052\/revisions"}],"predecessor-version":[{"id":2056,"href":"https:\/\/www.wroblewski.krakow.pl\/index.php?rest_route=\/wp\/v2\/posts\/2052\/revisions\/2056"}],"wp:featuredmedia":[{"embeddable":true,"href":"https:\/\/www.wroblewski.krakow.pl\/index.php?rest_route=\/wp\/v2\/media\/2054"}],"wp:attachment":[{"href":"https:\/\/www.wroblewski.krakow.pl\/index.php?rest_route=%2Fwp%2Fv2%2Fmedia&parent=2052"}],"wp:term":[{"taxonomy":"category","embeddable":true,"href":"https:\/\/www.wroblewski.krakow.pl\/index.php?rest_route=%2Fwp%2Fv2%2Fcategories&post=2052"},{"taxonomy":"post_tag","embeddable":true,"href":"https:\/\/www.wroblewski.krakow.pl\/index.php?rest_route=%2Fwp%2Fv2%2Ftags&post=2052"}],"curies":[{"name":"wp","href":"https:\/\/api.w.org\/{rel}","templated":true}]}}