{"id":20527,"date":"2026-01-22T22:29:00","date_gmt":"2026-01-22T21:29:00","guid":{"rendered":"https:\/\/www.wroblewski.krakow.pl\/?p=20527"},"modified":"2026-01-23T19:35:09","modified_gmt":"2026-01-23T18:35:09","slug":"udzial-pocztu-sztandarowego-w-obchodach-163-rocznicy-wybuchu-powstania-styczniowego","status":"publish","type":"post","link":"https:\/\/www.wroblewski.krakow.pl\/?p=20527","title":{"rendered":"Udzia\u0142 Pocztu Sztandarowego w obchodach 163. rocznicy wybuchu Powstania Styczniowego"},"content":{"rendered":"\n<p>w dniu 22 stycznia 2026 roku na Cmentarzu Rakowickim, <strong>w 163. rocznic\u0119 wybuchu Powstania Styczniowego<\/strong>, odby\u0142a si\u0119 uroczysto\u015b\u0107 upami\u0119tniaj\u0105ca to historyczne wydarzenie.<\/p>\n\n\n\n<p>Przy zbiorowym grobie powsta\u0144c\u00f3w prelekcj\u0119 <strong>o powsta\u0144cu styczniowym Adamie Chmielowskim<\/strong> \u2013 \u015bw. Bracie Albercie, wyg\u0142osi\u0142a siostra albertynka Dorota Kostka, a duszpasterz \u015brodowisk kombatanckich ojciec Jerzy Paj\u0105k po\u015bwi\u0119ci\u0142 odnowion\u0105 przez IPN tabliczk\u0119 <strong>powsta\u0144ca Ignacego G\u0105tkowskiego<\/strong>.<\/p>\n\n\n\n<p>Na grobie powsta\u0144c\u00f3w (kwatera Ra) z\u0142o\u017cono kwiaty oddaj\u0105c w ten spos\u00f3b <strong>ho\u0142d bohaterom<\/strong> ostatniego powstania narodowego poleg\u0142ym w walce o niepodleg\u0142o\u015b\u0107 naszej Ojczyzny.<\/p>\n\n\n\n<p>W uroczysto\u015bci wzi\u0119li udzia\u0142 przedstawiciele w\u0142adz pa\u0144stwowych i samorz\u0105dowych, Wojska Polskiego, \u015brodowisk kombatanckich i niepodleg\u0142o\u015bciowych, organizacji spo\u0142ecznych i politycznych oraz poczty sztandarowe szk\u00f3\u0142 Miasta Krakowa. Wart\u0119 pe\u0142ni\u0142a m\u0142odzie\u017c z klasy mundurowej XXV LO im. Stefana \u017beromskiego a opraw\u0119 muzyczn\u0105 uroczysto\u015bci zapewnili uczniowie Og\u00f3lnokszta\u0142c\u0105cej Szko\u0142y Muzycznej I stopnia im. Ignacego Jana Paderewskiego.<\/p>\n\n\n\n<p>Nasze liceum by\u0142o reprezentowane przez cz\u0142onk\u00f3w <strong>Pocztu Sztandarowego<\/strong> w sk\u0142adzie: <strong>Alicja Kaleta, Oliwia Grabka i Piotr Bolek<\/strong> z klasy 3c pod opiek\u0105 Pani <strong>prof. Jolanty Gurtat<\/strong>.<\/p>\n\n\n\n<p class=\"has-text-align-right\"><em>Krak\u00f3w, 22.01.2026 r., mgr Jolanta Gurtat, nauczyciel historii<\/em><\/p>\n\n\n\n<figure class=\"wp-block-gallery has-nested-images columns-default is-cropped wp-block-gallery-1 is-layout-flex\">\n<figure class=\"wp-block-image size-large\"><img decoding=\"async\" loading=\"lazy\" width=\"1024\" height=\"682\" data-id=\"20529\"  src=\"https:\/\/www.wroblewski.krakow.pl\/wp-content\/uploads\/2026\/01\/163-rocznica-wybuchu-p.styczn-22.01.2026-2.jpg\" alt=\"\" class=\"wp-image-20529\" srcset=\"https:\/\/www.wroblewski.krakow.pl\/wp-content\/uploads\/2026\/01\/163-rocznica-wybuchu-p.styczn-22.01.2026-2.jpg 1024w, https:\/\/www.wroblewski.krakow.pl\/wp-content\/uploads\/2026\/01\/163-rocznica-wybuchu-p.styczn-22.01.2026-2-300x200.jpg 300w, https:\/\/www.wroblewski.krakow.pl\/wp-content\/uploads\/2026\/01\/163-rocznica-wybuchu-p.styczn-22.01.2026-2-768x512.jpg 768w\" sizes=\"(max-width: 1024px) 100vw, 1024px\" \/><\/figure>\n\n\n\n<figure class=\"wp-block-image size-large\"><img decoding=\"async\" loading=\"lazy\" width=\"1024\" height=\"685\" data-id=\"20530\"  src=\"https:\/\/www.wroblewski.krakow.pl\/wp-content\/uploads\/2026\/01\/163-rocznica-wybuchu-p.styczn-22.01.2026-3.jpg\" alt=\"\" class=\"wp-image-20530\" srcset=\"https:\/\/www.wroblewski.krakow.pl\/wp-content\/uploads\/2026\/01\/163-rocznica-wybuchu-p.styczn-22.01.2026-3.jpg 1024w, https:\/\/www.wroblewski.krakow.pl\/wp-content\/uploads\/2026\/01\/163-rocznica-wybuchu-p.styczn-22.01.2026-3-300x201.jpg 300w, https:\/\/www.wroblewski.krakow.pl\/wp-content\/uploads\/2026\/01\/163-rocznica-wybuchu-p.styczn-22.01.2026-3-768x514.jpg 768w\" sizes=\"(max-width: 1024px) 100vw, 1024px\" \/><\/figure>\n<\/figure>\n","protected":false},"excerpt":{"rendered":"<p>w dniu 22 stycznia 2026 roku na Cmentarzu Rakowickim, w 163. rocznic\u0119 wybuchu Powstania Styczniowego, odby\u0142a si\u0119 uroczysto\u015b\u0107 upami\u0119tniaj\u0105ca to historyczne wydarzenie. Przy zbiorowym grobie powsta\u0144c\u00f3w prelekcj\u0119 o powsta\u0144cu styczniowym Adamie Chmielowskim \u2013 \u015bw. Bracie Albercie, wyg\u0142osi\u0142a siostra albertynka Dorota Kostka, a duszpasterz \u015brodowisk kombatanckich ojciec Jerzy Paj\u0105k po\u015bwi\u0119ci\u0142 odnowion\u0105 przez IPN tabliczk\u0119 powsta\u0144ca Ignacego G\u0105tkowskiego. Na grobie powsta\u0144c\u00f3w (kwatera Ra) z\u0142o\u017cono kwiaty oddaj\u0105c w ten spos\u00f3b ho\u0142d bohaterom ostatniego powstania narodowego poleg\u0142ym w walce o niepodleg\u0142o\u015b\u0107 naszej Ojczyzny. W uroczysto\u015bci wzi\u0119li udzia\u0142 przedstawiciele w\u0142adz pa\u0144stwowych i samorz\u0105dowych, Wojska Polskiego, \u015brodowisk kombatanckich i niepodleg\u0142o\u015bciowych, organizacji spo\u0142ecznych i politycznych oraz poczty [&hellip;]<\/p>\n","protected":false},"author":2,"featured_media":20528,"comment_status":"closed","ping_status":"closed","sticky":false,"template":"","format":"standard","meta":[],"categories":[1],"tags":[],"_links":{"self":[{"href":"https:\/\/www.wroblewski.krakow.pl\/index.php?rest_route=\/wp\/v2\/posts\/20527"}],"collection":[{"href":"https:\/\/www.wroblewski.krakow.pl\/index.php?rest_route=\/wp\/v2\/posts"}],"about":[{"href":"https:\/\/www.wroblewski.krakow.pl\/index.php?rest_route=\/wp\/v2\/types\/post"}],"author":[{"embeddable":true,"href":"https:\/\/www.wroblewski.krakow.pl\/index.php?rest_route=\/wp\/v2\/users\/2"}],"replies":[{"embeddable":true,"href":"https:\/\/www.wroblewski.krakow.pl\/index.php?rest_route=%2Fwp%2Fv2%2Fcomments&post=20527"}],"version-history":[{"count":1,"href":"https:\/\/www.wroblewski.krakow.pl\/index.php?rest_route=\/wp\/v2\/posts\/20527\/revisions"}],"predecessor-version":[{"id":20531,"href":"https:\/\/www.wroblewski.krakow.pl\/index.php?rest_route=\/wp\/v2\/posts\/20527\/revisions\/20531"}],"wp:featuredmedia":[{"embeddable":true,"href":"https:\/\/www.wroblewski.krakow.pl\/index.php?rest_route=\/wp\/v2\/media\/20528"}],"wp:attachment":[{"href":"https:\/\/www.wroblewski.krakow.pl\/index.php?rest_route=%2Fwp%2Fv2%2Fmedia&parent=20527"}],"wp:term":[{"taxonomy":"category","embeddable":true,"href":"https:\/\/www.wroblewski.krakow.pl\/index.php?rest_route=%2Fwp%2Fv2%2Fcategories&post=20527"},{"taxonomy":"post_tag","embeddable":true,"href":"https:\/\/www.wroblewski.krakow.pl\/index.php?rest_route=%2Fwp%2Fv2%2Ftags&post=20527"}],"curies":[{"name":"wp","href":"https:\/\/api.w.org\/{rel}","templated":true}]}}