{"id":21259,"date":"2026-04-23T21:17:00","date_gmt":"2026-04-23T20:17:00","guid":{"rendered":"https:\/\/www.wroblewski.krakow.pl\/?p=21259"},"modified":"2026-04-27T19:55:41","modified_gmt":"2026-04-27T18:55:41","slug":"z-blogoslawienstwem-po-sukces-maturzysci-ix-lo-w-krakowie-pielgrzymowali-na-jasna-gore","status":"publish","type":"post","link":"https:\/\/www.wroblewski.krakow.pl\/?p=21259","title":{"rendered":"Z b\u0142ogos\u0142awie\u0144stwem po sukces. Maturzy\u015bci IX LO w Krakowie pielgrzymowali na Jasn\u0105 G\u00f3r\u0119"},"content":{"rendered":"\n<p>Majowe egzaminy maturalne zbli\u017caj\u0105 si\u0119 nieub\u0142aganie, ale uczniowie klas maturalnych \u201eWr\u00f3blewskiego\u201d maj\u0105 \u015bwiadomo\u015b\u0107, \u017ce obok intensywnej nauki wa\u017cne jest r\u00f3wnie\u017c wewn\u0119trzne wyciszenie. Aby znale\u017a\u0107 si\u0142\u0119 i spok\u00f3j na ostatniej prostej przed matur\u0105, zainteresowani <strong>maturzy\u015bci odbyli w dniu 23 kwietnia 2026 roku pielgrzymk\u0119 na Jasn\u0105 G\u00f3r\u0119<\/strong>.<\/p>\n\n\n\n<p>Cz\u0119stochowskie sanktuarium tego dnia t\u0119tni\u0142o \u017cyciem m\u0142odych ludzi. M\u0142odzie\u017c IX LO do\u0142\u0105czy\u0142a do wielkiej wsp\u00f3lnoty uczni\u00f3w \u2013 w uroczystej mszy \u015bwi\u0119tej uczestniczy\u0142o bowiem kilkana\u015bcie innych pielgrzymek z lice\u00f3w i technik\u00f3w z ca\u0142ej Polski. Wsp\u00f3lna modlitwa setek m\u0142odych ludzi, stoj\u0105cych przed podobnym wyzwaniem, stworzy\u0142a niezwyk\u0142\u0105 atmosfer\u0119 solidarno\u015bci i wiary.<\/p>\n\n\n\n<p><strong>G\u0142\u00f3wnym punktem pielgrzymki by\u0142 udzia\u0142 w Eucharystii sprawowanej w intencji maturzyst\u00f3w<\/strong>. Symbolicznym momentem liturgii by\u0142 obrz\u0119d po\u015bwi\u0119cenia przybor\u00f3w pi\u015bmienniczych. Celebrans pob\u0142ogos\u0142awi\u0142 d\u0142ugopisy, kt\u00f3re nast\u0119pnie trafi\u0142y do r\u0105k uczni\u00f3w. Maj\u0105 one sta\u0107 si\u0119 dla maturzyst\u00f3w nie tylko narz\u0119dziem pracy podczas egzaminu, ale przede wszystkim pami\u0105tk\u0105 jasnog\u00f3rskiego spotkania i znakiem Bo\u017cej pomocy w chwilach pr\u00f3by.<\/p>\n\n\n\n<p>Po zako\u0144czeniu liturgii krakowscy maturzy\u015bci zgromadzili si\u0119 <strong>w Kaplicy Cudownego Obrazu<\/strong>. W obecno\u015bci <strong>Matki Bo\u017cej Cz\u0119stochowskiej<\/strong> dokonano aktu zawierzenia \u2013 m\u0142odzi ludzie powierzyli Maryi swoje troski, wyniki egzamin\u00f3w oraz wybory dotycz\u0105ce dalszej drogi \u017cyciowej. Kolejnym wa\u017cnym punktem programu by\u0142a <strong>Droga Krzy\u017cowa na jasnog\u00f3rskich wa\u0142ach<\/strong>. Pod przewodnictwem ks. Leszka Kaczmarczyka uczniowie w skupieniu rozwa\u017cali poszczeg\u00f3lne stacje, odnajduj\u0105c w nich odniesienia do w\u0142asnych wysi\u0142k\u00f3w i trud\u00f3w zwi\u0105zanych z zako\u0144czeniem wa\u017cnego etapu swojego \u017cycia.<\/p>\n\n\n\n<p>Do Krakowa maturzy\u015bci wr\u00f3cili umocnieni i pe\u0142ni optymizmu. Wsp\u00f3lny wyjazd pozwoli\u0142 im na moment wytchnienia od arkuszy maturalnych i da\u0142 tak potrzebny dystans. Z now\u0105 energi\u0105 w sercach abiturienci IX LO s\u0105 gotowi, by z odwag\u0105 zasi\u0105\u015b\u0107 przy egzaminacyjnych stolikach.<\/p>\n\n\n\n<p>Pielgrzymk\u0119 maturzyst\u00f3w \u201eWr\u00f3blewskiego\u201d na Jasn\u0105 G\u00f3r\u0119 zorganizowa\u0142 i opiek\u0119 nad uczniami pe\u0142ni\u0142 <strong>katecheta ks. mgr Les\u0142aw Kaczmarczyk<\/strong>.<\/p>\n\n\n\n<p class=\"has-text-align-right\"><em>Krak\u00f3w, 23.04.2026 r., ks. mgr L. Kaczmarczyk<\/em><\/p>\n\n\n<div class=\"wp-block-image\">\n<figure class=\"aligncenter size-full\"><img decoding=\"async\" loading=\"lazy\" width=\"1024\" height=\"682\" src=\"https:\/\/www.wroblewski.krakow.pl\/wp-content\/uploads\/2026\/04\/2026.04.23-Jasna-Gora-1.jpg\" alt=\"\" class=\"wp-image-21261\" srcset=\"https:\/\/www.wroblewski.krakow.pl\/wp-content\/uploads\/2026\/04\/2026.04.23-Jasna-Gora-1.jpg 1024w, https:\/\/www.wroblewski.krakow.pl\/wp-content\/uploads\/2026\/04\/2026.04.23-Jasna-Gora-1-300x200.jpg 300w, https:\/\/www.wroblewski.krakow.pl\/wp-content\/uploads\/2026\/04\/2026.04.23-Jasna-Gora-1-768x512.jpg 768w\" sizes=\"(max-width: 1024px) 100vw, 1024px\" \/><\/figure><\/div>\n\n\n<p><\/p>\n\n\n<div class=\"wp-block-image\">\n<figure class=\"aligncenter size-full\"><img decoding=\"async\" loading=\"lazy\" width=\"1024\" height=\"683\" src=\"https:\/\/www.wroblewski.krakow.pl\/wp-content\/uploads\/2026\/04\/2026.04.23-Jasna-Gora-2.jpg\" alt=\"\" class=\"wp-image-21262\" srcset=\"https:\/\/www.wroblewski.krakow.pl\/wp-content\/uploads\/2026\/04\/2026.04.23-Jasna-Gora-2.jpg 1024w, https:\/\/www.wroblewski.krakow.pl\/wp-content\/uploads\/2026\/04\/2026.04.23-Jasna-Gora-2-300x200.jpg 300w, https:\/\/www.wroblewski.krakow.pl\/wp-content\/uploads\/2026\/04\/2026.04.23-Jasna-Gora-2-768x512.jpg 768w\" sizes=\"(max-width: 1024px) 100vw, 1024px\" \/><\/figure><\/div>","protected":false},"excerpt":{"rendered":"<p>Majowe egzaminy maturalne zbli\u017caj\u0105 si\u0119 nieub\u0142aganie, ale uczniowie klas maturalnych \u201eWr\u00f3blewskiego\u201d maj\u0105 \u015bwiadomo\u015b\u0107, \u017ce obok intensywnej nauki wa\u017cne jest r\u00f3wnie\u017c wewn\u0119trzne wyciszenie. Aby znale\u017a\u0107 si\u0142\u0119 i spok\u00f3j na ostatniej prostej przed matur\u0105, zainteresowani maturzy\u015bci odbyli w dniu 23 kwietnia 2026 roku pielgrzymk\u0119 na Jasn\u0105 G\u00f3r\u0119. Cz\u0119stochowskie sanktuarium tego dnia t\u0119tni\u0142o \u017cyciem m\u0142odych ludzi. M\u0142odzie\u017c IX LO do\u0142\u0105czy\u0142a do wielkiej wsp\u00f3lnoty uczni\u00f3w \u2013 w uroczystej mszy \u015bwi\u0119tej uczestniczy\u0142o bowiem kilkana\u015bcie innych pielgrzymek z lice\u00f3w i technik\u00f3w z ca\u0142ej Polski. Wsp\u00f3lna modlitwa setek m\u0142odych ludzi, stoj\u0105cych przed podobnym wyzwaniem, stworzy\u0142a niezwyk\u0142\u0105 atmosfer\u0119 solidarno\u015bci i wiary. G\u0142\u00f3wnym punktem pielgrzymki by\u0142 udzia\u0142 w Eucharystii [&hellip;]<\/p>\n","protected":false},"author":2,"featured_media":21260,"comment_status":"closed","ping_status":"closed","sticky":false,"template":"","format":"standard","meta":[],"categories":[1],"tags":[],"_links":{"self":[{"href":"https:\/\/www.wroblewski.krakow.pl\/index.php?rest_route=\/wp\/v2\/posts\/21259"}],"collection":[{"href":"https:\/\/www.wroblewski.krakow.pl\/index.php?rest_route=\/wp\/v2\/posts"}],"about":[{"href":"https:\/\/www.wroblewski.krakow.pl\/index.php?rest_route=\/wp\/v2\/types\/post"}],"author":[{"embeddable":true,"href":"https:\/\/www.wroblewski.krakow.pl\/index.php?rest_route=\/wp\/v2\/users\/2"}],"replies":[{"embeddable":true,"href":"https:\/\/www.wroblewski.krakow.pl\/index.php?rest_route=%2Fwp%2Fv2%2Fcomments&post=21259"}],"version-history":[{"count":3,"href":"https:\/\/www.wroblewski.krakow.pl\/index.php?rest_route=\/wp\/v2\/posts\/21259\/revisions"}],"predecessor-version":[{"id":21277,"href":"https:\/\/www.wroblewski.krakow.pl\/index.php?rest_route=\/wp\/v2\/posts\/21259\/revisions\/21277"}],"wp:featuredmedia":[{"embeddable":true,"href":"https:\/\/www.wroblewski.krakow.pl\/index.php?rest_route=\/wp\/v2\/media\/21260"}],"wp:attachment":[{"href":"https:\/\/www.wroblewski.krakow.pl\/index.php?rest_route=%2Fwp%2Fv2%2Fmedia&parent=21259"}],"wp:term":[{"taxonomy":"category","embeddable":true,"href":"https:\/\/www.wroblewski.krakow.pl\/index.php?rest_route=%2Fwp%2Fv2%2Fcategories&post=21259"},{"taxonomy":"post_tag","embeddable":true,"href":"https:\/\/www.wroblewski.krakow.pl\/index.php?rest_route=%2Fwp%2Fv2%2Ftags&post=21259"}],"curies":[{"name":"wp","href":"https:\/\/api.w.org\/{rel}","templated":true}]}}