{"id":21265,"date":"2026-04-22T17:00:52","date_gmt":"2026-04-22T16:00:52","guid":{"rendered":"https:\/\/www.wroblewski.krakow.pl\/?p=21265"},"modified":"2026-04-27T17:05:01","modified_gmt":"2026-04-27T16:05:01","slug":"amelia-siwoslawska-i-natalia-boliglowa-laureatkami-konkursu-wiedzy-o-uniwersytecie-jagiellonskim","status":"publish","type":"post","link":"https:\/\/www.wroblewski.krakow.pl\/?p=21265","title":{"rendered":"Amelia Siwos\u0142awska i Natalia Bolig\u0142owa laureatkami konkursu wiedzy o Uniwersytecie Jagiello\u0144skim!"},"content":{"rendered":"\n<p>W dniu 21 kwietnia 2026 roku <strong>Amelia Siwos\u0142awska i Natalia Bolig\u0142owa<\/strong>, uczennice klasy. 4e (pol-hist-wos) zosta\u0142y <strong>Laureatkami XXX Og\u00f3lnopolskiego Konkursu Wiedzy o Uniwersytecie Jagiello\u0144skim<\/strong> i w nagrod\u0119 otrzyma\u0142y indeksy na studia stacjonarne w naszej krakowskiej Alma Mater.<\/p>\n\n\n\n<p>Konkurs Wiedzy o Uniwersytecie Jagiello\u0144skim jest organizowany od 1996 roku. Formu\u0142a Konkursu od tego czasu mocno si\u0119 rozwin\u0119\u0142a. Pierwsza edycja mia\u0142a charakter regionalny a obecnie osi\u0105gn\u0119\u0142a ju\u017c poziom og\u00f3lnopolski. W konkursie startowa\u0142o prawie 900 uczni\u00f3w, a do \u015bcis\u0142ego fina\u0142u, kt\u00f3ry odby\u0142 si\u0119 w dniach 20-21 kwietnia 2026 roku dosta\u0142o si\u0119 26 os\u00f3b.<\/p>\n\n\n\n<p>W\u015br\u00f3d nich znalaz\u0142y si\u0119 <strong>Amelia i Natalia, kt\u00f3rym serdecznie gratulujemy<\/strong> i doceniamy ogromn\u0105 prac\u0119, gdy\u017c przygotowanie do konkursu przebiega\u0142o niemal r\u00f3wnocze\u015bnie z przygotowaniami do egzaminu maturalnego. Warto zaznaczy\u0107, \u017ce Amelia zaj\u0119\u0142a II miejsce w finale og\u00f3lnopolskim!<\/p>\n\n\n\n<p>Opiek\u0119 merytoryczn\u0105 nad przygotowaniami uczennic do konkursu pe\u0142ni\u0142a Pani <strong>mgr Marta Kokoszka<\/strong>, nauczyciel historii i wychowawczyni klasy 4e.<\/p>\n\n\n\n<p class=\"has-text-align-right\"><em>Krak\u00f3w, 22.04.2026 r., mgr Marta Kokoszka<\/em><\/p>\n\n\n<div class=\"wp-block-image\">\n<figure class=\"aligncenter size-full\"><img decoding=\"async\" loading=\"lazy\" width=\"1024\" height=\"684\" src=\"https:\/\/www.wroblewski.krakow.pl\/wp-content\/uploads\/2026\/04\/2026.0420-UJ-laureatki-4.jpg\" alt=\"\" class=\"wp-image-21267\" srcset=\"https:\/\/www.wroblewski.krakow.pl\/wp-content\/uploads\/2026\/04\/2026.0420-UJ-laureatki-4.jpg 1024w, https:\/\/www.wroblewski.krakow.pl\/wp-content\/uploads\/2026\/04\/2026.0420-UJ-laureatki-4-300x200.jpg 300w, https:\/\/www.wroblewski.krakow.pl\/wp-content\/uploads\/2026\/04\/2026.0420-UJ-laureatki-4-768x513.jpg 768w\" sizes=\"(max-width: 1024px) 100vw, 1024px\" \/><\/figure><\/div>\n\n\n<figure class=\"wp-block-gallery has-nested-images columns-default is-cropped wp-block-gallery-1 is-layout-flex\">\n<figure class=\"wp-block-image size-large\"><img decoding=\"async\" loading=\"lazy\" width=\"559\" height=\"790\" data-id=\"21268\"  src=\"https:\/\/www.wroblewski.krakow.pl\/wp-content\/uploads\/2026\/04\/2026.0420-UJ-laureatki-2-559x790.jpg\" alt=\"\" class=\"wp-image-21268\" srcset=\"https:\/\/www.wroblewski.krakow.pl\/wp-content\/uploads\/2026\/04\/2026.0420-UJ-laureatki-2-559x790.jpg 559w, https:\/\/www.wroblewski.krakow.pl\/wp-content\/uploads\/2026\/04\/2026.0420-UJ-laureatki-2-212x300.jpg 212w, https:\/\/www.wroblewski.krakow.pl\/wp-content\/uploads\/2026\/04\/2026.0420-UJ-laureatki-2.jpg 725w\" sizes=\"(max-width: 559px) 100vw, 559px\" \/><\/figure>\n\n\n\n<figure class=\"wp-block-image size-large\"><img decoding=\"async\" loading=\"lazy\" width=\"562\" height=\"790\" data-id=\"21269\"  src=\"https:\/\/www.wroblewski.krakow.pl\/wp-content\/uploads\/2026\/04\/2026.0420-UJ-laureatki-1-562x790.jpg\" alt=\"\" class=\"wp-image-21269\" srcset=\"https:\/\/www.wroblewski.krakow.pl\/wp-content\/uploads\/2026\/04\/2026.0420-UJ-laureatki-1-562x790.jpg 562w, https:\/\/www.wroblewski.krakow.pl\/wp-content\/uploads\/2026\/04\/2026.0420-UJ-laureatki-1-213x300.jpg 213w, https:\/\/www.wroblewski.krakow.pl\/wp-content\/uploads\/2026\/04\/2026.0420-UJ-laureatki-1.jpg 728w\" sizes=\"(max-width: 562px) 100vw, 562px\" \/><\/figure>\n<\/figure>\n\n\n<div class=\"wp-block-image\">\n<figure class=\"aligncenter size-full\"><img decoding=\"async\" loading=\"lazy\" width=\"1024\" height=\"683\" src=\"https:\/\/www.wroblewski.krakow.pl\/wp-content\/uploads\/2026\/04\/2026.0420-UJ-laureatki-5.jpg\" alt=\"\" class=\"wp-image-21270\" srcset=\"https:\/\/www.wroblewski.krakow.pl\/wp-content\/uploads\/2026\/04\/2026.0420-UJ-laureatki-5.jpg 1024w, https:\/\/www.wroblewski.krakow.pl\/wp-content\/uploads\/2026\/04\/2026.0420-UJ-laureatki-5-300x200.jpg 300w, https:\/\/www.wroblewski.krakow.pl\/wp-content\/uploads\/2026\/04\/2026.0420-UJ-laureatki-5-768x512.jpg 768w\" sizes=\"(max-width: 1024px) 100vw, 1024px\" \/><\/figure><\/div>","protected":false},"excerpt":{"rendered":"<p>W dniu 21 kwietnia 2026 roku Amelia Siwos\u0142awska i Natalia Bolig\u0142owa, uczennice klasy. 4e (pol-hist-wos) zosta\u0142y Laureatkami XXX Og\u00f3lnopolskiego Konkursu Wiedzy o Uniwersytecie Jagiello\u0144skim i w nagrod\u0119 otrzyma\u0142y indeksy na studia stacjonarne w naszej krakowskiej Alma Mater. Konkurs Wiedzy o Uniwersytecie Jagiello\u0144skim jest organizowany od 1996 roku. Formu\u0142a Konkursu od tego czasu mocno si\u0119 rozwin\u0119\u0142a. Pierwsza edycja mia\u0142a charakter regionalny a obecnie osi\u0105gn\u0119\u0142a ju\u017c poziom og\u00f3lnopolski. W konkursie startowa\u0142o prawie 900 uczni\u00f3w, a do \u015bcis\u0142ego fina\u0142u, kt\u00f3ry odby\u0142 si\u0119 w dniach 20-21 kwietnia 2026 roku dosta\u0142o si\u0119 26 os\u00f3b. W\u015br\u00f3d nich znalaz\u0142y si\u0119 Amelia i Natalia, kt\u00f3rym serdecznie gratulujemy i [&hellip;]<\/p>\n","protected":false},"author":2,"featured_media":21266,"comment_status":"closed","ping_status":"closed","sticky":false,"template":"","format":"standard","meta":[],"categories":[1],"tags":[],"_links":{"self":[{"href":"https:\/\/www.wroblewski.krakow.pl\/index.php?rest_route=\/wp\/v2\/posts\/21265"}],"collection":[{"href":"https:\/\/www.wroblewski.krakow.pl\/index.php?rest_route=\/wp\/v2\/posts"}],"about":[{"href":"https:\/\/www.wroblewski.krakow.pl\/index.php?rest_route=\/wp\/v2\/types\/post"}],"author":[{"embeddable":true,"href":"https:\/\/www.wroblewski.krakow.pl\/index.php?rest_route=\/wp\/v2\/users\/2"}],"replies":[{"embeddable":true,"href":"https:\/\/www.wroblewski.krakow.pl\/index.php?rest_route=%2Fwp%2Fv2%2Fcomments&post=21265"}],"version-history":[{"count":1,"href":"https:\/\/www.wroblewski.krakow.pl\/index.php?rest_route=\/wp\/v2\/posts\/21265\/revisions"}],"predecessor-version":[{"id":21271,"href":"https:\/\/www.wroblewski.krakow.pl\/index.php?rest_route=\/wp\/v2\/posts\/21265\/revisions\/21271"}],"wp:featuredmedia":[{"embeddable":true,"href":"https:\/\/www.wroblewski.krakow.pl\/index.php?rest_route=\/wp\/v2\/media\/21266"}],"wp:attachment":[{"href":"https:\/\/www.wroblewski.krakow.pl\/index.php?rest_route=%2Fwp%2Fv2%2Fmedia&parent=21265"}],"wp:term":[{"taxonomy":"category","embeddable":true,"href":"https:\/\/www.wroblewski.krakow.pl\/index.php?rest_route=%2Fwp%2Fv2%2Fcategories&post=21265"},{"taxonomy":"post_tag","embeddable":true,"href":"https:\/\/www.wroblewski.krakow.pl\/index.php?rest_route=%2Fwp%2Fv2%2Ftags&post=21265"}],"curies":[{"name":"wp","href":"https:\/\/api.w.org\/{rel}","templated":true}]}}