{"id":21273,"date":"2026-04-24T17:24:25","date_gmt":"2026-04-24T16:24:25","guid":{"rendered":"https:\/\/www.wroblewski.krakow.pl\/?p=21273"},"modified":"2026-04-27T20:10:13","modified_gmt":"2026-04-27T19:10:13","slug":"benedykt-dardzinski-ponownie-finalista-etapu-centralnego-olimpiady-losy-zolnierza-i-dzieje-oreza-polskiego","status":"publish","type":"post","link":"https:\/\/www.wroblewski.krakow.pl\/?p=21273","title":{"rendered":"Benedykt Dardzi\u0144ski ponownie finalist\u0105 etapu centralnego Olimpiady \u201eLosy \u017co\u0142nierza i dzieje or\u0119\u017ca polskiego\u201d!"},"content":{"rendered":"\n<p>Z dum\u0105 informujemy, \u017ce <strong>Benedykt Dardzi\u0144ski<\/strong>, ucze\u0144 klasy 4e (pol-hist-wos) <strong>zosta\u0142 finalist\u0105 XIX edycji Og\u00f3lnopolskiej Olimpiady Przedmiotowej im. mjr. Marka Gajewskiego<\/strong>, w tematyce \u201eLosy \u017co\u0142nierza i dzieje or\u0119\u017ca polskiego w latach 972-1514. Od Cedyni do Orszy.\u201d<\/p>\n\n\n\n<p>Olimpiada \u201eLosy \u017co\u0142nierza i dzieje or\u0119\u017ca polskiego\u201d jest projektem adresowanym do uczni\u00f3w z ca\u0142ej Polski zafascynowanych histori\u0105, a szczeg\u00f3lnie histori\u0105 wojskowo\u015bci. Cieszy si\u0119 du\u017cym zainteresowaniem m\u0142odzie\u017cy. Zawody rozgrywane s\u0105 w trzech etapach od pa\u017adziernika do czerwca, a ich zwie\u0144czeniem s\u0105 dwucz\u0119\u015bciowe zawody fina\u0142owe. W cz\u0119\u015bci pierwszej tych zawod\u00f3w, kt\u00f3ra odby\u0142a si\u0119 19 marca 2026 roku <strong>Benedykt zdobywaj\u0105c tytu\u0142 finalisty uzyska\u0142 100 % wynik z historii na \u015bwiadectwie maturalnym i jest zwolniony z egzaminu maturalnego z tego przedmiotu.<\/strong><\/p>\n\n\n\n<p>Celem olimpiady jest nie tylko upowszechnianie wiedzy historycznej, kszta\u0142towanie postaw patriotycznych i obywatelskich m\u0142odego pokolenia, ale tak\u017ce rozwijanie uzdolnie\u0144 uczni\u00f3w oraz stosowanie zdobytej przez nich wiedzy w praktyce.<\/p>\n\n\n\n<p><strong>Serdecznie gratulujemy Benedyktowi kolejnego sukcesu i pragniemy podkre\u015bli\u0107, \u017ce w ubieg\u0142ym roku szkolnym ucze\u0144 ten r\u00f3wnie\u017c uzyska\u0142 tytu\u0142 finalisty w XVIII edycji tej olimpiady<\/strong>.<\/p>\n\n\n\n<p>W przygotowaniach do olimpiady ucznia wspiera\u0142a Pani <strong>mgr Marta Kokoszka<\/strong>, nauczyciel historii i wychowawczyni klasy 4e.<\/p>\n\n\n\n<p class=\"has-text-align-right\"><em>Krak\u00f3w, 24.04.2026 r., mgr Marta Kokoszka<\/em><\/p>\n\n\n<div class=\"wp-block-image\">\n<figure class=\"aligncenter size-full\"><img decoding=\"async\" loading=\"lazy\" width=\"1024\" height=\"683\" src=\"https:\/\/www.wroblewski.krakow.pl\/wp-content\/uploads\/2026\/04\/2026.04.24-BD.jpg\" alt=\"\" class=\"wp-image-21278\" srcset=\"https:\/\/www.wroblewski.krakow.pl\/wp-content\/uploads\/2026\/04\/2026.04.24-BD.jpg 1024w, https:\/\/www.wroblewski.krakow.pl\/wp-content\/uploads\/2026\/04\/2026.04.24-BD-300x200.jpg 300w, https:\/\/www.wroblewski.krakow.pl\/wp-content\/uploads\/2026\/04\/2026.04.24-BD-768x512.jpg 768w\" sizes=\"(max-width: 1024px) 100vw, 1024px\" \/><\/figure><\/div>","protected":false},"excerpt":{"rendered":"<p>Z dum\u0105 informujemy, \u017ce Benedykt Dardzi\u0144ski, ucze\u0144 klasy 4e (pol-hist-wos) zosta\u0142 finalist\u0105 XIX edycji Og\u00f3lnopolskiej Olimpiady Przedmiotowej im. mjr. Marka Gajewskiego, w tematyce \u201eLosy \u017co\u0142nierza i dzieje or\u0119\u017ca polskiego w latach 972-1514. Od Cedyni do Orszy.\u201d Olimpiada \u201eLosy \u017co\u0142nierza i dzieje or\u0119\u017ca polskiego\u201d jest projektem adresowanym do uczni\u00f3w z ca\u0142ej Polski zafascynowanych histori\u0105, a szczeg\u00f3lnie histori\u0105 wojskowo\u015bci. Cieszy si\u0119 du\u017cym zainteresowaniem m\u0142odzie\u017cy. Zawody rozgrywane s\u0105 w trzech etapach od pa\u017adziernika do czerwca, a ich zwie\u0144czeniem s\u0105 dwucz\u0119\u015bciowe zawody fina\u0142owe. W cz\u0119\u015bci pierwszej tych zawod\u00f3w, kt\u00f3ra odby\u0142a si\u0119 19 marca 2026 roku Benedykt zdobywaj\u0105c tytu\u0142 finalisty uzyska\u0142 100 % wynik z [&hellip;]<\/p>\n","protected":false},"author":2,"featured_media":21274,"comment_status":"closed","ping_status":"closed","sticky":false,"template":"","format":"standard","meta":[],"categories":[1],"tags":[],"_links":{"self":[{"href":"https:\/\/www.wroblewski.krakow.pl\/index.php?rest_route=\/wp\/v2\/posts\/21273"}],"collection":[{"href":"https:\/\/www.wroblewski.krakow.pl\/index.php?rest_route=\/wp\/v2\/posts"}],"about":[{"href":"https:\/\/www.wroblewski.krakow.pl\/index.php?rest_route=\/wp\/v2\/types\/post"}],"author":[{"embeddable":true,"href":"https:\/\/www.wroblewski.krakow.pl\/index.php?rest_route=\/wp\/v2\/users\/2"}],"replies":[{"embeddable":true,"href":"https:\/\/www.wroblewski.krakow.pl\/index.php?rest_route=%2Fwp%2Fv2%2Fcomments&post=21273"}],"version-history":[{"count":4,"href":"https:\/\/www.wroblewski.krakow.pl\/index.php?rest_route=\/wp\/v2\/posts\/21273\/revisions"}],"predecessor-version":[{"id":21282,"href":"https:\/\/www.wroblewski.krakow.pl\/index.php?rest_route=\/wp\/v2\/posts\/21273\/revisions\/21282"}],"wp:featuredmedia":[{"embeddable":true,"href":"https:\/\/www.wroblewski.krakow.pl\/index.php?rest_route=\/wp\/v2\/media\/21274"}],"wp:attachment":[{"href":"https:\/\/www.wroblewski.krakow.pl\/index.php?rest_route=%2Fwp%2Fv2%2Fmedia&parent=21273"}],"wp:term":[{"taxonomy":"category","embeddable":true,"href":"https:\/\/www.wroblewski.krakow.pl\/index.php?rest_route=%2Fwp%2Fv2%2Fcategories&post=21273"},{"taxonomy":"post_tag","embeddable":true,"href":"https:\/\/www.wroblewski.krakow.pl\/index.php?rest_route=%2Fwp%2Fv2%2Ftags&post=21273"}],"curies":[{"name":"wp","href":"https:\/\/api.w.org\/{rel}","templated":true}]}}