{"id":21336,"date":"2026-04-25T20:33:52","date_gmt":"2026-04-25T19:33:52","guid":{"rendered":"https:\/\/www.wroblewski.krakow.pl\/?p=21336"},"modified":"2026-04-30T20:37:09","modified_gmt":"2026-04-30T19:37:09","slug":"uroczyste-zakonczenie-szkoly-przez-uczniow-klas-iv-tych","status":"publish","type":"post","link":"https:\/\/www.wroblewski.krakow.pl\/?p=21336","title":{"rendered":"Uroczyste zako\u0144czenie szko\u0142y przez uczni\u00f3w klas IV-tych"},"content":{"rendered":"\n<p>W dniu 24 kwietnia 2026 roku odby\u0142a si\u0119 <strong>uroczysto\u015b\u0107 zako\u0144czenia szko\u0142y przez uczni\u00f3w klas czwartych<\/strong>, w kt\u00f3rej udzia\u0142 wzi\u0119li wszyscy uczniowie szko\u0142y. Wydarzenie rozpocz\u0119\u0142o si\u0119 od powitania zebranych przez prowadz\u0105cych: <strong>Marly Naguib i Antoniego Nareckiego<\/strong> z klasy 1b.<\/p>\n\n\n\n<p>&nbsp;Nast\u0119pnie g\u0142os zabra\u0142a Pani <strong>Dyrektor Aleksandra Pagacz-Pociask<\/strong> podsumowuj\u0105c wyniki uzyskane przez poszczeg\u00f3lne klasy: najwy\u017csz\u0105 \u015bredni\u0105 ocen (4a), frekwencj\u0119 (4a) i ilo\u015b\u0107 przeczytanych ksi\u0105\u017cek (4a). Przypomnia\u0142a te\u017c najwa\u017cniejsze wydarzenia, wycieczki i wyj\u015bcia klasowe zorganizowane przez wychowawc\u00f3w i innych nauczycieli. Wyr\u00f3\u017cni\u0142a uczni\u00f3w ka\u017cdej klasy, kt\u00f3rzy odnie\u015bli sukcesy w konkursach szkolnych i pozaszkolnych, zawodach sportowych oraz tych, kt\u00f3rzy w inny spos\u00f3b zapisali si\u0119 w historii naszej szko\u0142y.<\/p>\n\n\n\n<p>Pani Dyrektor podzi\u0119kowa\u0142a wychowawcom klas za prac\u0119, jak\u0105 wykonywali na rzecz swoich wychowank\u00f3w. Funkcj\u0119 t\u0119 pe\u0142nili: klasa A &#8211; Pani <strong>mgr Jolanta Gurtat<\/strong>, klasa B \u2013 Pani <strong>mgr Ma\u0142gorzata Malinowska<\/strong>, Klasa C \u2013 Pani <strong>mgr in\u017c. Beata Natkaniec<\/strong>, klasa D \u2013 Pani <strong>mgr Katarzyna Burkiewicz<\/strong>, klasa E \u2013 Pani <strong>mgr Marta Kokoszka.<\/strong><\/p>\n\n\n\n<p>\u017byczenia i gratulacje z okazji uko\u0144czenia szko\u0142y z\u0142o\u017cyli zebranym przedstawiciele samorz\u0105du uczniowskiego <strong>Klaudia Kmiecik<\/strong> oraz <strong>Mateusz Misiak<\/strong> z klasy 3c. Natomiast swoje podzi\u0119kowania za 4 lata nauki we \u201eWr\u00f3blewskim\u201d wyg\u0142osili uczniowie klas czwartych <strong>Jan Lepak (4a) i Maksymilian Pabis (4e).<\/strong> Wa\u017cnym punktem uroczysto\u015bci by\u0142o wr\u0119czenie abiturientom przez Pani\u0105 Dyrektor \u015bwiadectw z wyr\u00f3\u017cnieniem oraz nagr\u00f3d za osi\u0105gni\u0119cia edukacyjne i sportowe.<\/p>\n\n\n\n<p>Po raz pierwszy w historii szko\u0142y wr\u0119czono nagrody tzw<strong>. \u201eWr\u00f3belki\u201d<\/strong> dla uczni\u00f3w i nauczycieli naszej szko\u0142y w trzech kategoriach.<\/p>\n\n\n\n<p>Po ceremonii odprowadzenia sztandaru szko\u0142y nast\u0105pi\u0142a cz\u0119\u015b\u0107 artystyczna, na kt\u00f3r\u0105 z\u0142o\u017cy\u0142y si\u0119 piosenki wykonane przez <strong>Ch\u00f3r Szkolny \u201ePasseres\u201d<\/strong> pod batut\u0105 Pani mgr <strong>Anny Augustyn<\/strong> oraz wyst\u0119p szkolnych cheerleaderek, kt\u00f3re zaprezentowa\u0142y wyj\u0105tkowy uk\u0142ad choreograficzny.<\/p>\n\n\n\n<p>Akademi\u0119 u\u015bwietni\u0142y tak\u017ce dwa solowe wyst\u0119py wokalne naszych tegorocznych abiturientek: <strong>Martyny Nowak<\/strong> z 4e i <strong>Wandy Dardzi\u0144skiej<\/strong> z 4a. Po cz\u0119\u015bci artystycznej wychowawczynie klas wr\u0119czy\u0142y pozosta\u0142y uczniom klas czwartych \u015bwiadectwa uko\u0144czenia szko\u0142y i wsp\u00f3lnie z wychowankami stan\u0119\u0142y do ostatniego wsp\u00f3lnego pami\u0105tkowego zdj\u0119cia.<\/p>\n\n\n\n<p>Nag\u0142o\u015bnienie akademii zapewnili <strong>Andrzej Adamus i Kuba \u015acibor<\/strong> z klasy 3c. Uroczysto\u015b\u0107 przygotowali <strong>uczniowie kl. 1b<\/strong> (mat-fiz) pod opiek\u0105 wychowawczyni Pani <strong>mgr Ma\u0142gorzaty Nowakowskiej-Murzyn.<\/strong><\/p>\n\n\n\n<p><a href=\"https:\/\/www.wroblewski.krakow.pl\/?gallery=zakonczenie-szkoly-przez-uczniow-klas-iv-24-04-2026-r\" data-type=\"URL\" data-id=\"https:\/\/www.wroblewski.krakow.pl\/?gallery=zakonczenie-szkoly-przez-uczniow-klas-iv-24-04-2026-r\">FOTOGALERIA >>>><\/a><\/p>\n\n\n\n<p class=\"has-text-align-right\"><em>Krak\u00f3w, 25.04.2026 r., mgr Ma\u0142gorzata Nowakowska-Murzyn<\/em><\/p>\n","protected":false},"excerpt":{"rendered":"<p>W dniu 24 kwietnia 2026 roku odby\u0142a si\u0119 uroczysto\u015b\u0107 zako\u0144czenia szko\u0142y przez uczni\u00f3w klas czwartych, w kt\u00f3rej udzia\u0142 wzi\u0119li wszyscy uczniowie szko\u0142y. Wydarzenie rozpocz\u0119\u0142o si\u0119 od powitania zebranych przez prowadz\u0105cych: Marly Naguib i Antoniego Nareckiego z klasy 1b. &nbsp;Nast\u0119pnie g\u0142os zabra\u0142a Pani Dyrektor Aleksandra Pagacz-Pociask podsumowuj\u0105c wyniki uzyskane przez poszczeg\u00f3lne klasy: najwy\u017csz\u0105 \u015bredni\u0105 ocen (4a), frekwencj\u0119 (4a) i ilo\u015b\u0107 przeczytanych ksi\u0105\u017cek (4a). Przypomnia\u0142a te\u017c najwa\u017cniejsze wydarzenia, wycieczki i wyj\u015bcia klasowe zorganizowane przez wychowawc\u00f3w i innych nauczycieli. Wyr\u00f3\u017cni\u0142a uczni\u00f3w ka\u017cdej klasy, kt\u00f3rzy odnie\u015bli sukcesy w konkursach szkolnych i pozaszkolnych, zawodach sportowych oraz tych, kt\u00f3rzy w inny spos\u00f3b zapisali si\u0119 w historii [&hellip;]<\/p>\n","protected":false},"author":2,"featured_media":21337,"comment_status":"closed","ping_status":"closed","sticky":false,"template":"","format":"standard","meta":[],"categories":[1],"tags":[],"_links":{"self":[{"href":"https:\/\/www.wroblewski.krakow.pl\/index.php?rest_route=\/wp\/v2\/posts\/21336"}],"collection":[{"href":"https:\/\/www.wroblewski.krakow.pl\/index.php?rest_route=\/wp\/v2\/posts"}],"about":[{"href":"https:\/\/www.wroblewski.krakow.pl\/index.php?rest_route=\/wp\/v2\/types\/post"}],"author":[{"embeddable":true,"href":"https:\/\/www.wroblewski.krakow.pl\/index.php?rest_route=\/wp\/v2\/users\/2"}],"replies":[{"embeddable":true,"href":"https:\/\/www.wroblewski.krakow.pl\/index.php?rest_route=%2Fwp%2Fv2%2Fcomments&post=21336"}],"version-history":[{"count":1,"href":"https:\/\/www.wroblewski.krakow.pl\/index.php?rest_route=\/wp\/v2\/posts\/21336\/revisions"}],"predecessor-version":[{"id":21338,"href":"https:\/\/www.wroblewski.krakow.pl\/index.php?rest_route=\/wp\/v2\/posts\/21336\/revisions\/21338"}],"wp:featuredmedia":[{"embeddable":true,"href":"https:\/\/www.wroblewski.krakow.pl\/index.php?rest_route=\/wp\/v2\/media\/21337"}],"wp:attachment":[{"href":"https:\/\/www.wroblewski.krakow.pl\/index.php?rest_route=%2Fwp%2Fv2%2Fmedia&parent=21336"}],"wp:term":[{"taxonomy":"category","embeddable":true,"href":"https:\/\/www.wroblewski.krakow.pl\/index.php?rest_route=%2Fwp%2Fv2%2Fcategories&post=21336"},{"taxonomy":"post_tag","embeddable":true,"href":"https:\/\/www.wroblewski.krakow.pl\/index.php?rest_route=%2Fwp%2Fv2%2Ftags&post=21336"}],"curies":[{"name":"wp","href":"https:\/\/api.w.org\/{rel}","templated":true}]}}