{"id":21339,"date":"2026-04-29T19:29:00","date_gmt":"2026-04-29T18:29:00","guid":{"rendered":"https:\/\/www.wroblewski.krakow.pl\/?p=21339"},"modified":"2026-05-01T10:00:32","modified_gmt":"2026-05-01T09:00:32","slug":"uczniowie-ix-lo-w-finale-ix-ogolnopolskiego-konkursu-wiedzy-krajoznawczej-o-republice-czeskiej","status":"publish","type":"post","link":"https:\/\/www.wroblewski.krakow.pl\/?p=21339","title":{"rendered":"Uczniowie IX LO w finale IX Og\u00f3lnopolskiego Konkursu Wiedzy Krajoznawczej o Republice Czeskiej"},"content":{"rendered":"\n<p>W dniu 29 kwietnia 2026 roku uczniowie \u201eWr\u00f3blewskiego\u201d: <strong>Szymon Mazur<\/strong> (klasa 3a, mat-geo-ang), <strong>Daria W\u00f3jcik i Krystian Oko\u0144<\/strong> (klasa 2a, mat-geo-ang) reprezentowali szko\u0142\u0119 <strong>w finale IX Og\u00f3lnopolskiego Konkursu Wiedzy Krajoznawczej o Republice Czeskiej.<\/strong><\/p>\n\n\n\n<p>Konkurs odby\u0142 si\u0119 w Instytucie Geografii UKEN w Krakowie. Jego organizatorami byli: Katedra Turystyki i Bada\u0144 Regionalnych w Instytucie Zarz\u0105dzania i Spraw Spo\u0142ecznych Uniwersytetu Komisji Edukacji Narodowej w Krakowie we wsp\u00f3\u0142pracy z Instytutem Prawa, Ekonomii i Administracji oraz Czeska Centrala Ruchu Turystycznego.<\/p>\n\n\n\n<p>Uczniowie uzyskali certyfikaty przyznaj\u0105ce im dodatkowe punkty rekrutacyjne na studia na Uniwersytecie Komisji Edukacji Narodowej w Krakowie. Gratulujemy uczestnikom i \u017cyczymy dalszych sukces\u00f3w w konkursach geograficznych.<\/p>\n\n\n\n<p>Opiek\u0119 nad uczniami podczas konkursu pe\u0142ni\u0142a Pani <strong>mgr Magdalena Skupie\u0144<\/strong>, nauczyciel bibliotekarz.<\/p>\n\n\n\n<p class=\"has-text-align-right\"><em>Krak\u00f3w, 29.04.2026 r., mgr Katarzyna Rzepka, nauczyciel geografii, szkolny koordynator konkursu<\/em><\/p>\n\n\n\n<figure class=\"wp-block-image size-large\"><img decoding=\"async\" loading=\"lazy\" width=\"1054\" height=\"703\" src=\"https:\/\/www.wroblewski.krakow.pl\/wp-content\/uploads\/2026\/05\/2026.04.29-uken-czechy-3-1054x703.jpg\" alt=\"\" class=\"wp-image-21341\" srcset=\"https:\/\/www.wroblewski.krakow.pl\/wp-content\/uploads\/2026\/05\/2026.04.29-uken-czechy-3-1054x703.jpg 1054w, https:\/\/www.wroblewski.krakow.pl\/wp-content\/uploads\/2026\/05\/2026.04.29-uken-czechy-3-300x200.jpg 300w, https:\/\/www.wroblewski.krakow.pl\/wp-content\/uploads\/2026\/05\/2026.04.29-uken-czechy-3-768x512.jpg 768w, https:\/\/www.wroblewski.krakow.pl\/wp-content\/uploads\/2026\/05\/2026.04.29-uken-czechy-3.jpg 1402w\" sizes=\"(max-width: 1054px) 100vw, 1054px\" \/><\/figure>\n","protected":false},"excerpt":{"rendered":"<p>W dniu 29 kwietnia 2026 roku uczniowie \u201eWr\u00f3blewskiego\u201d: Szymon Mazur (klasa 3a, mat-geo-ang), Daria W\u00f3jcik i Krystian Oko\u0144 (klasa 2a, mat-geo-ang) reprezentowali szko\u0142\u0119 w finale IX Og\u00f3lnopolskiego Konkursu Wiedzy Krajoznawczej o Republice Czeskiej. Konkurs odby\u0142 si\u0119 w Instytucie Geografii UKEN w Krakowie. Jego organizatorami byli: Katedra Turystyki i Bada\u0144 Regionalnych w Instytucie Zarz\u0105dzania i Spraw Spo\u0142ecznych Uniwersytetu Komisji Edukacji Narodowej w Krakowie we wsp\u00f3\u0142pracy z Instytutem Prawa, Ekonomii i Administracji oraz Czeska Centrala Ruchu Turystycznego. Uczniowie uzyskali certyfikaty przyznaj\u0105ce im dodatkowe punkty rekrutacyjne na studia na Uniwersytecie Komisji Edukacji Narodowej w Krakowie. Gratulujemy uczestnikom i \u017cyczymy dalszych sukces\u00f3w w konkursach [&hellip;]<\/p>\n","protected":false},"author":2,"featured_media":21340,"comment_status":"closed","ping_status":"closed","sticky":false,"template":"","format":"standard","meta":[],"categories":[1],"tags":[],"_links":{"self":[{"href":"https:\/\/www.wroblewski.krakow.pl\/index.php?rest_route=\/wp\/v2\/posts\/21339"}],"collection":[{"href":"https:\/\/www.wroblewski.krakow.pl\/index.php?rest_route=\/wp\/v2\/posts"}],"about":[{"href":"https:\/\/www.wroblewski.krakow.pl\/index.php?rest_route=\/wp\/v2\/types\/post"}],"author":[{"embeddable":true,"href":"https:\/\/www.wroblewski.krakow.pl\/index.php?rest_route=\/wp\/v2\/users\/2"}],"replies":[{"embeddable":true,"href":"https:\/\/www.wroblewski.krakow.pl\/index.php?rest_route=%2Fwp%2Fv2%2Fcomments&post=21339"}],"version-history":[{"count":2,"href":"https:\/\/www.wroblewski.krakow.pl\/index.php?rest_route=\/wp\/v2\/posts\/21339\/revisions"}],"predecessor-version":[{"id":21356,"href":"https:\/\/www.wroblewski.krakow.pl\/index.php?rest_route=\/wp\/v2\/posts\/21339\/revisions\/21356"}],"wp:featuredmedia":[{"embeddable":true,"href":"https:\/\/www.wroblewski.krakow.pl\/index.php?rest_route=\/wp\/v2\/media\/21340"}],"wp:attachment":[{"href":"https:\/\/www.wroblewski.krakow.pl\/index.php?rest_route=%2Fwp%2Fv2%2Fmedia&parent=21339"}],"wp:term":[{"taxonomy":"category","embeddable":true,"href":"https:\/\/www.wroblewski.krakow.pl\/index.php?rest_route=%2Fwp%2Fv2%2Fcategories&post=21339"},{"taxonomy":"post_tag","embeddable":true,"href":"https:\/\/www.wroblewski.krakow.pl\/index.php?rest_route=%2Fwp%2Fv2%2Ftags&post=21339"}],"curies":[{"name":"wp","href":"https:\/\/api.w.org\/{rel}","templated":true}]}}