{"id":21351,"date":"2026-04-27T09:51:00","date_gmt":"2026-04-27T08:51:00","guid":{"rendered":"https:\/\/www.wroblewski.krakow.pl\/?p=21351"},"modified":"2026-05-01T09:54:20","modified_gmt":"2026-05-01T08:54:20","slug":"sukces-ernesta-pazdana-i-witolda-chendynskiego-w-ogolnopolskim-konkursie-fizycznym-eureka","status":"publish","type":"post","link":"https:\/\/www.wroblewski.krakow.pl\/?p=21351","title":{"rendered":"Sukces Ernesta Pazdana i Witolda Chendy\u0144skiego w Og\u00f3lnopolskim Konkursie Fizycznym \u201eEUREKA\u201d"},"content":{"rendered":"\n<p>Z dum\u0105 informujemy o sukcesie uczni\u00f3w IX Liceum Og\u00f3lnokszta\u0142c\u0105cego w Krakowie <strong>w Og\u00f3lnopolskim Konkursie Fizycznym \u201eEUREKA\u201d<\/strong>, organizowanym przez Stowarzyszenie Upowszechniania Wiedzy i Kultury Regionalnej \u201ePokolenie\u201d. Konkurs ten, odbywa si\u0119 od 2009 roku we wsp\u00f3\u0142pracy z Uniwersytetem Warszawskim oraz Szko\u0142\u0105 G\u0142\u00f3wn\u0105 Gospodarstwa Wiejskiego w Warszawie, ma na celu popularyzacj\u0119 wiedzy z zakresu fizyki, propagowanie nauk \u015bcis\u0142ych oraz wspieranie i wyr\u00f3\u017cnianie uczni\u00f3w szczeg\u00f3lnie zainteresowanych t\u0105 dziedzin\u0105.<\/p>\n\n\n\n<p>Tematyka konkursu oparta jest na programie nauczania i dostosowana do poszczeg\u00f3lnych kategorii wiekowych, dzi\u0119ki czemu udzia\u0142 w nim mog\u0105 bra\u0107 uczniowie zar\u00f3wno szk\u00f3\u0142 podstawowych, jak i ponadpodstawowych z ca\u0142ej Polski.<\/p>\n\n\n\n<p>Konkurs odby\u0142 si\u0119 na pocz\u0105tku marca i mia\u0142 form\u0119 testu z fizyki, obejmuj\u0105cego zadania zamkni\u0119te oraz jedno zadanie otwarte. W tegorocznej edycji nasz\u0105 <strong>szko\u0142\u0119 reprezentowa\u0142o 6 uczni\u00f3w<\/strong> z klas 1b (mat-fiz) i 2b (mat-fiz).<\/p>\n\n\n\n<p><strong>Najwy\u017csze wyniki uzyskali Ernest Pazdan (2b) oraz Witold Chendy\u0144ski (1b)<\/strong>, kt\u00f3rzy zdobyli po 29 punkt\u00f3w, co zapewni\u0142o im <strong>5. miejsce w skali kraju<\/strong>. Warto podkre\u015bli\u0107, \u017ce wynik wyr\u00f3\u017cniaj\u0105cy przyznawany by\u0142 ju\u017c od 22 punkt\u00f3w, co dodatkowo \u015bwiadczy o wysokim poziomie osi\u0105gni\u0119\u0107 naszych uczni\u00f3w.<\/p>\n\n\n\n<p>Serdecznie gratulujemy wszystkim uczestnikom, a w szczeg\u00f3lno\u015bci Ernestowi i Witoldowi. \u017byczymy dalszego rozwijania pasji naukowych oraz kolejnych osi\u0105gni\u0119\u0107 na arenie og\u00f3lnopolskiej.<\/p>\n\n\n\n<p class=\"has-text-align-right\"><em>Krak\u00f3w, 27.04.2026 r., mgr Justyna Tokarz, nauczyciel fizyki<\/em><\/p>\n\n\n\n<figure class=\"wp-block-gallery has-nested-images columns-default is-cropped wp-block-gallery-1 is-layout-flex\"><div class=\"wp-block-image\">\n<figure class=\"aligncenter size-large\"><img decoding=\"async\" loading=\"lazy\" width=\"970\" height=\"294\" data-id=\"21353\"  src=\"https:\/\/www.wroblewski.krakow.pl\/wp-content\/uploads\/2026\/05\/eureka.jpg\" alt=\"\" class=\"wp-image-21353\" srcset=\"https:\/\/www.wroblewski.krakow.pl\/wp-content\/uploads\/2026\/05\/eureka.jpg 970w, https:\/\/www.wroblewski.krakow.pl\/wp-content\/uploads\/2026\/05\/eureka-300x91.jpg 300w, https:\/\/www.wroblewski.krakow.pl\/wp-content\/uploads\/2026\/05\/eureka-768x233.jpg 768w\" sizes=\"(max-width: 970px) 100vw, 970px\" \/><\/figure><\/div><\/figure>\n","protected":false},"excerpt":{"rendered":"<p>Z dum\u0105 informujemy o sukcesie uczni\u00f3w IX Liceum Og\u00f3lnokszta\u0142c\u0105cego w Krakowie w Og\u00f3lnopolskim Konkursie Fizycznym \u201eEUREKA\u201d, organizowanym przez Stowarzyszenie Upowszechniania Wiedzy i Kultury Regionalnej \u201ePokolenie\u201d. Konkurs ten, odbywa si\u0119 od 2009 roku we wsp\u00f3\u0142pracy z Uniwersytetem Warszawskim oraz Szko\u0142\u0105 G\u0142\u00f3wn\u0105 Gospodarstwa Wiejskiego w Warszawie, ma na celu popularyzacj\u0119 wiedzy z zakresu fizyki, propagowanie nauk \u015bcis\u0142ych oraz wspieranie i wyr\u00f3\u017cnianie uczni\u00f3w szczeg\u00f3lnie zainteresowanych t\u0105 dziedzin\u0105. Tematyka konkursu oparta jest na programie nauczania i dostosowana do poszczeg\u00f3lnych kategorii wiekowych, dzi\u0119ki czemu udzia\u0142 w nim mog\u0105 bra\u0107 uczniowie zar\u00f3wno szk\u00f3\u0142 podstawowych, jak i ponadpodstawowych z ca\u0142ej Polski. Konkurs odby\u0142 si\u0119 na pocz\u0105tku marca [&hellip;]<\/p>\n","protected":false},"author":2,"featured_media":21352,"comment_status":"closed","ping_status":"closed","sticky":false,"template":"","format":"standard","meta":[],"categories":[1],"tags":[],"_links":{"self":[{"href":"https:\/\/www.wroblewski.krakow.pl\/index.php?rest_route=\/wp\/v2\/posts\/21351"}],"collection":[{"href":"https:\/\/www.wroblewski.krakow.pl\/index.php?rest_route=\/wp\/v2\/posts"}],"about":[{"href":"https:\/\/www.wroblewski.krakow.pl\/index.php?rest_route=\/wp\/v2\/types\/post"}],"author":[{"embeddable":true,"href":"https:\/\/www.wroblewski.krakow.pl\/index.php?rest_route=\/wp\/v2\/users\/2"}],"replies":[{"embeddable":true,"href":"https:\/\/www.wroblewski.krakow.pl\/index.php?rest_route=%2Fwp%2Fv2%2Fcomments&post=21351"}],"version-history":[{"count":2,"href":"https:\/\/www.wroblewski.krakow.pl\/index.php?rest_route=\/wp\/v2\/posts\/21351\/revisions"}],"predecessor-version":[{"id":21355,"href":"https:\/\/www.wroblewski.krakow.pl\/index.php?rest_route=\/wp\/v2\/posts\/21351\/revisions\/21355"}],"wp:featuredmedia":[{"embeddable":true,"href":"https:\/\/www.wroblewski.krakow.pl\/index.php?rest_route=\/wp\/v2\/media\/21352"}],"wp:attachment":[{"href":"https:\/\/www.wroblewski.krakow.pl\/index.php?rest_route=%2Fwp%2Fv2%2Fmedia&parent=21351"}],"wp:term":[{"taxonomy":"category","embeddable":true,"href":"https:\/\/www.wroblewski.krakow.pl\/index.php?rest_route=%2Fwp%2Fv2%2Fcategories&post=21351"},{"taxonomy":"post_tag","embeddable":true,"href":"https:\/\/www.wroblewski.krakow.pl\/index.php?rest_route=%2Fwp%2Fv2%2Ftags&post=21351"}],"curies":[{"name":"wp","href":"https:\/\/api.w.org\/{rel}","templated":true}]}}