{"id":21365,"date":"2026-05-01T11:28:28","date_gmt":"2026-05-01T10:28:28","guid":{"rendered":"https:\/\/www.wroblewski.krakow.pl\/?p=21365"},"modified":"2026-05-02T11:39:13","modified_gmt":"2026-05-02T10:39:13","slug":"wyniki-szkolnego-konkursu-pt-europa-na-talerzu-2026","status":"publish","type":"post","link":"https:\/\/www.wroblewski.krakow.pl\/?p=21365","title":{"rendered":"Wyniki szkolnego konkursu pt. \u201eEuropa na talerzu 2026\u201d"},"content":{"rendered":"\n<p>Z przyjemno\u015bci\u0105 informujemy, \u017ce jury tegorocznego szkolnego konkursu kulinarnego pt. <strong>\u201eEuropa na talerzu 2026\u201d<\/strong> po d\u0142ugich i intensywnych naradach wy\u0142oni\u0142o zwyci\u0119zc\u00f3w.<\/p>\n\n\n\n<p>Zadanie uczestnik\u00f3w polega\u0142o na przygotowaniu kr\u00f3tkiego filmu ukazuj\u0105cego samodzielne wykonanie potrawy charakterystycznej dla kuchni w\u0142oskiej, niemieckiej, austriackiej lub szwajcarskiej, wraz z komentarzem w j\u0119zyku obcym. W tym roku konkurs zdominowali uczniowie j\u0119zyka w\u0142oskiego, kt\u00f3rzy nades\u0142ali 10 film\u00f3w. Uczniowie wybrali g\u0142ownie pierwsze dania i desery kuchni w\u0142oskiej (spaghetti alla carbonara, gnocchi, crostata, cannoli siciliani) oraz pizz\u0119. Konkurencja by\u0142a bardzo mocna i jury nie mia\u0142o \u0142atwego zadania.<\/p>\n\n\n\n<p>Podczas oceny prac komisja bra\u0142a pod uwag\u0119 poprawno\u015b\u0107 j\u0119zykow\u0105, bogactwo s\u0142ownictwa, spos\u00f3b realizacji filmu (re\u017cyseri\u0119 i monta\u017c), jako\u015b\u0107 wypowiedzi ustnej, a tak\u017ce pomys\u0142owo\u015b\u0107 oraz stopie\u0144 trudno\u015bci przygotowanego dania.<\/p>\n\n\n\n<p><strong>I miejsce<\/strong> zdobyli: <strong>Mateusz Misiak i Piotr Bolek<\/strong> z klasy 3c za prezentacj\u0119 przygotowania ciasta <em>crostata con nutella<\/em>.<\/p>\n\n\n\n<p><strong>II miejsce<\/strong> zaj\u0119li: <strong>Zofia Jucha i Szymon \u015awie\u017cy<\/strong> z klasy 3e za wykonanie <em>tiramis\u00f9.<\/em><\/p>\n\n\n\n<p><strong>III miejsce<\/strong>, ex aequo, zaj\u0119li: <strong>Aleksandra Bu\u0142a i Monika Molendowska<\/strong> z klasy 2c za prezentacj\u0119 wykonania w\u0142oskich <em>gnocchi<\/em> oraz <strong>Oliwia Grabka i Emilia Mlekodaj<\/strong> z klasy 3c za opis przygotowania <em>pizzy<\/em>.<\/p>\n\n\n\n<p>Serdecznie gratulujemy zwyci\u0119zcom i dzi\u0119kujemy wszystkim uczestnikom za przes\u0142ane materia\u0142y filmowe!<\/p>\n\n\n\n<figure class=\"wp-block-embed is-type-video is-provider-youtube wp-block-embed-youtube wp-embed-aspect-16-9 wp-has-aspect-ratio\"><div class=\"wp-block-embed__wrapper\">\n<iframe loading=\"lazy\" title=\"IX LO w Krakowie, I miejsce &quot;Europa na talerzu 2026&quot;, 30.04.2026 r.\" width=\"500\" height=\"281\" src=\"https:\/\/www.youtube.com\/embed\/wCDf0_ObNjg?feature=oembed\" frameborder=\"0\" allow=\"accelerometer; autoplay; clipboard-write; encrypted-media; gyroscope; picture-in-picture; web-share\" referrerpolicy=\"strict-origin-when-cross-origin\" allowfullscreen><\/iframe>\n<\/div><figcaption class=\"wp-element-caption\">I miejsce w szkolnym konkursie kulinarnym pt. &#8222;Europa na talerzu 2026&#8221;.<\/figcaption><\/figure>\n\n\n\n<p class=\"has-text-align-right\"><em>Krak\u00f3w, 01.05.2026 r., nauczyciele drugiego j\u0119zyka<\/em><\/p>\n","protected":false},"excerpt":{"rendered":"<p>Z przyjemno\u015bci\u0105 informujemy, \u017ce jury tegorocznego szkolnego konkursu kulinarnego pt. \u201eEuropa na talerzu 2026\u201d po d\u0142ugich i intensywnych naradach wy\u0142oni\u0142o zwyci\u0119zc\u00f3w. Zadanie uczestnik\u00f3w polega\u0142o na przygotowaniu kr\u00f3tkiego filmu ukazuj\u0105cego samodzielne wykonanie potrawy charakterystycznej dla kuchni w\u0142oskiej, niemieckiej, austriackiej lub szwajcarskiej, wraz z komentarzem w j\u0119zyku obcym. W tym roku konkurs zdominowali uczniowie j\u0119zyka w\u0142oskiego, kt\u00f3rzy nades\u0142ali 10 film\u00f3w. Uczniowie wybrali g\u0142ownie pierwsze dania i desery kuchni w\u0142oskiej (spaghetti alla carbonara, gnocchi, crostata, cannoli siciliani) oraz pizz\u0119. Konkurencja by\u0142a bardzo mocna i jury nie mia\u0142o \u0142atwego zadania. Podczas oceny prac komisja bra\u0142a pod uwag\u0119 poprawno\u015b\u0107 j\u0119zykow\u0105, bogactwo s\u0142ownictwa, spos\u00f3b realizacji filmu [&hellip;]<\/p>\n","protected":false},"author":2,"featured_media":21075,"comment_status":"closed","ping_status":"closed","sticky":false,"template":"","format":"standard","meta":[],"categories":[1],"tags":[],"_links":{"self":[{"href":"https:\/\/www.wroblewski.krakow.pl\/index.php?rest_route=\/wp\/v2\/posts\/21365"}],"collection":[{"href":"https:\/\/www.wroblewski.krakow.pl\/index.php?rest_route=\/wp\/v2\/posts"}],"about":[{"href":"https:\/\/www.wroblewski.krakow.pl\/index.php?rest_route=\/wp\/v2\/types\/post"}],"author":[{"embeddable":true,"href":"https:\/\/www.wroblewski.krakow.pl\/index.php?rest_route=\/wp\/v2\/users\/2"}],"replies":[{"embeddable":true,"href":"https:\/\/www.wroblewski.krakow.pl\/index.php?rest_route=%2Fwp%2Fv2%2Fcomments&post=21365"}],"version-history":[{"count":2,"href":"https:\/\/www.wroblewski.krakow.pl\/index.php?rest_route=\/wp\/v2\/posts\/21365\/revisions"}],"predecessor-version":[{"id":21367,"href":"https:\/\/www.wroblewski.krakow.pl\/index.php?rest_route=\/wp\/v2\/posts\/21365\/revisions\/21367"}],"wp:featuredmedia":[{"embeddable":true,"href":"https:\/\/www.wroblewski.krakow.pl\/index.php?rest_route=\/wp\/v2\/media\/21075"}],"wp:attachment":[{"href":"https:\/\/www.wroblewski.krakow.pl\/index.php?rest_route=%2Fwp%2Fv2%2Fmedia&parent=21365"}],"wp:term":[{"taxonomy":"category","embeddable":true,"href":"https:\/\/www.wroblewski.krakow.pl\/index.php?rest_route=%2Fwp%2Fv2%2Fcategories&post=21365"},{"taxonomy":"post_tag","embeddable":true,"href":"https:\/\/www.wroblewski.krakow.pl\/index.php?rest_route=%2Fwp%2Fv2%2Ftags&post=21365"}],"curies":[{"name":"wp","href":"https:\/\/api.w.org\/{rel}","templated":true}]}}