{"id":2177,"date":"2015-04-17T19:12:28","date_gmt":"2015-04-17T18:12:28","guid":{"rendered":"https:\/\/www.wroblewski.krakow.pl\/?p=2177"},"modified":"2015-04-18T20:54:16","modified_gmt":"2015-04-18T19:54:16","slug":"duze-zainteresowanie-gimnazjalistow-ix-liceum","status":"publish","type":"post","link":"https:\/\/www.wroblewski.krakow.pl\/?p=2177","title":{"rendered":"Du\u017ce zainteresowanie IX Liceum w\u015br\u00f3d Gimnazjalist\u00f3w!"},"content":{"rendered":"<p>We wtorek 14 kwietnia 2015 r. odby\u0142 si\u0119 w naszym Liceum &#8222;Dzie\u0144 otwarty dla Gimnazjalist\u00f3w&#8221;, podczas kt\u00f3rego kandydaci mogli zwiedzi\u0107 szko\u0142\u0119, pozna\u0107 starszych koleg\u00f3w oraz nauczycieli. W akcj\u0119 informacyjn\u0105 Samorz\u0105du Uczniowskiego w\u0142\u0105czy\u0142o si\u0119 bardzo du\u017co uczni\u00f3w z r\u00f3\u017cnych klas. Pod kierunkiem nauczycieli uczniowie przygotowali wiele atrakcji dla Gimnazjalist\u00f3w: prezentacje szkolnych festiwali, prace konkursowe uczni\u00f3w i podr\u0119czniki. Fani j\u0119zyka polskiego zaprezentowali opracowane przez siebie gry dydaktyczne, sympatycy historii za\u0142o\u017cyli historyczne stroje, a entuzja\u015bci j\u0119zyk\u00f3w obcych przygotowali &#8211; tradycyjnie &#8211; stoiska kulinarne, kt\u00f3re przyci\u0105ga\u0142y w takim samym stopniu Gimnazjalist\u00f3w, jak i uczni\u00f3w IX Liceum:). W \u015bwietlicy ca\u0142y czas czynna by\u0142a kawiarenka, gdzie przy fili\u017cance kawy mo\u017cna by\u0142o pogaw\u0119dzi\u0107 z obecnymi licealistami. Na zako\u0144czenie dnia w sali chemicznej odby\u0142 si\u0119 pokaz do\u015bwiadcze\u0144 przeprowadzony przez nauczyciela chemii.<\/p>\n<p><a href=\"https:\/\/www.wroblewski.krakow.pl\/?gallery=dzien-otwarty-dla-gimnazjalistow-14-04-2015-r\">FOTOGALERIA Dzie\u0144 Otwarty dla Gimnazjalist\u00f3w, 14.04.2015 r. &gt;&gt;&gt;<\/a><\/p>\n<p>&nbsp;<\/p>\n<p align=\"right\"><i>17.04.2015 r., APP<\/i><\/p>\n<p align=\"right\">.<\/p>\n","protected":false},"excerpt":{"rendered":"<p>We wtorek 14 kwietnia 2015 r. odby\u0142 si\u0119 w naszym Liceum &#8222;Dzie\u0144 otwarty dla Gimnazjalist\u00f3w&#8221;, podczas kt\u00f3rego kandydaci mogli zwiedzi\u0107 szko\u0142\u0119, pozna\u0107 starszych koleg\u00f3w oraz nauczycieli. W akcj\u0119 informacyjn\u0105 Samorz\u0105du Uczniowskiego w\u0142\u0105czy\u0142o si\u0119 bardzo du\u017co uczni\u00f3w z r\u00f3\u017cnych klas. Pod kierunkiem nauczycieli uczniowie przygotowali wiele atrakcji dla Gimnazjalist\u00f3w: prezentacje szkolnych festiwali, prace konkursowe uczni\u00f3w i podr\u0119czniki. Fani j\u0119zyka polskiego zaprezentowali opracowane przez siebie gry dydaktyczne, sympatycy historii za\u0142o\u017cyli historyczne stroje, a entuzja\u015bci j\u0119zyk\u00f3w obcych przygotowali &#8211; tradycyjnie &#8211; stoiska kulinarne, kt\u00f3re przyci\u0105ga\u0142y w takim samym stopniu Gimnazjalist\u00f3w, jak i uczni\u00f3w IX Liceum:). W \u015bwietlicy ca\u0142y czas czynna by\u0142a kawiarenka, gdzie [&hellip;]<\/p>\n","protected":false},"author":6,"featured_media":2157,"comment_status":"closed","ping_status":"closed","sticky":false,"template":"","format":"standard","meta":[],"categories":[],"tags":[],"_links":{"self":[{"href":"https:\/\/www.wroblewski.krakow.pl\/index.php?rest_route=\/wp\/v2\/posts\/2177"}],"collection":[{"href":"https:\/\/www.wroblewski.krakow.pl\/index.php?rest_route=\/wp\/v2\/posts"}],"about":[{"href":"https:\/\/www.wroblewski.krakow.pl\/index.php?rest_route=\/wp\/v2\/types\/post"}],"author":[{"embeddable":true,"href":"https:\/\/www.wroblewski.krakow.pl\/index.php?rest_route=\/wp\/v2\/users\/6"}],"replies":[{"embeddable":true,"href":"https:\/\/www.wroblewski.krakow.pl\/index.php?rest_route=%2Fwp%2Fv2%2Fcomments&post=2177"}],"version-history":[{"count":4,"href":"https:\/\/www.wroblewski.krakow.pl\/index.php?rest_route=\/wp\/v2\/posts\/2177\/revisions"}],"predecessor-version":[{"id":2186,"href":"https:\/\/www.wroblewski.krakow.pl\/index.php?rest_route=\/wp\/v2\/posts\/2177\/revisions\/2186"}],"wp:featuredmedia":[{"embeddable":true,"href":"https:\/\/www.wroblewski.krakow.pl\/index.php?rest_route=\/wp\/v2\/media\/2157"}],"wp:attachment":[{"href":"https:\/\/www.wroblewski.krakow.pl\/index.php?rest_route=%2Fwp%2Fv2%2Fmedia&parent=2177"}],"wp:term":[{"taxonomy":"category","embeddable":true,"href":"https:\/\/www.wroblewski.krakow.pl\/index.php?rest_route=%2Fwp%2Fv2%2Fcategories&post=2177"},{"taxonomy":"post_tag","embeddable":true,"href":"https:\/\/www.wroblewski.krakow.pl\/index.php?rest_route=%2Fwp%2Fv2%2Ftags&post=2177"}],"curies":[{"name":"wp","href":"https:\/\/api.w.org\/{rel}","templated":true}]}}