{"id":2180,"date":"2015-04-18T19:16:43","date_gmt":"2015-04-18T18:16:43","guid":{"rendered":"https:\/\/www.wroblewski.krakow.pl\/?p=2180"},"modified":"2015-04-18T19:25:29","modified_gmt":"2015-04-18T18:25:29","slug":"maturzysci-na-walach-jasnogorskich-w-czestochowie","status":"publish","type":"post","link":"https:\/\/www.wroblewski.krakow.pl\/?p=2180","title":{"rendered":"Maturzy\u015bci na Wa\u0142ach Jasnog\u00f3rskich w Cz\u0119stochowie"},"content":{"rendered":"<p>W pi\u0105tek, 17 kwietnia 2015 r. Maturzy\u015bci z IX Liceum, jak co roku, pielgrzymowali do Cz\u0119stochowy. O godzinie 11.00 wzi\u0119li udzia\u0142 w Mszy \u015awi\u0119tej, kt\u00f3ra zosta\u0142a odprawiona w ich intencji przed Cudownym Obrazem Matki Bo\u017cej. O godzinie 13.00 rozpocz\u0119li Drog\u0119 Krzy\u017cow\u0105 Wa\u0142ami Jasnog\u00f3rskimi, kt\u00f3r\u0105 zako\u0144czyli pod pomnikiem Jana Paw\u0142a II. Drog\u0119 Krzy\u017cow\u0105 poprowadzi\u0142a Agnieszka Koj\u0142o z klasy III d wraz z katechet\u0105 dr. Tomaszem Korneckim. Maturzy\u015bci modlili si\u0119 w intencji jak najlepszego zdania matury, wyboru odpowiedniej drogi \u017cyciowej a tak\u017ce za kole\u017canki i koleg\u00f3w oraz swoich Profesor\u00f3w.<\/p>\n<p>&nbsp;<\/p>\n<p align=\"right\"><i>18.04.2015 r., dr Tomasz Kornecki<\/i><\/p>\n<p align=\"right\">.<\/p>\n<p align=\"right\"><a href=\"https:\/\/www.wroblewski.krakow.pl\/wp-content\/uploads\/2015\/04\/czest.jpg\"><img decoding=\"async\" loading=\"lazy\" width=\"300\" height=\"189\" class=\"size-medium wp-image-2183 alignleft\" alt=\"czest\" src=\"https:\/\/www.wroblewski.krakow.pl\/wp-content\/uploads\/2015\/04\/czest-300x189.jpg\" srcset=\"https:\/\/www.wroblewski.krakow.pl\/wp-content\/uploads\/2015\/04\/czest-300x189.jpg 300w, https:\/\/www.wroblewski.krakow.pl\/wp-content\/uploads\/2015\/04\/czest.jpg 1024w\" sizes=\"(max-width: 300px) 100vw, 300px\" \/><\/a><\/p>\n","protected":false},"excerpt":{"rendered":"<p>W pi\u0105tek, 17 kwietnia 2015 r. Maturzy\u015bci z IX Liceum, jak co roku, pielgrzymowali do Cz\u0119stochowy. O godzinie 11.00 wzi\u0119li udzia\u0142 w Mszy \u015awi\u0119tej, kt\u00f3ra zosta\u0142a odprawiona w ich intencji przed Cudownym Obrazem Matki Bo\u017cej. O godzinie 13.00 rozpocz\u0119li Drog\u0119 Krzy\u017cow\u0105 Wa\u0142ami Jasnog\u00f3rskimi, kt\u00f3r\u0105 zako\u0144czyli pod pomnikiem Jana Paw\u0142a II. Drog\u0119 Krzy\u017cow\u0105 poprowadzi\u0142a Agnieszka Koj\u0142o z klasy III d wraz z katechet\u0105 dr. Tomaszem Korneckim. Maturzy\u015bci modlili si\u0119 w intencji jak najlepszego zdania matury, wyboru odpowiedniej drogi \u017cyciowej a tak\u017ce za kole\u017canki i koleg\u00f3w oraz swoich Profesor\u00f3w. &nbsp; 18.04.2015 r., dr Tomasz Kornecki .<\/p>\n","protected":false},"author":6,"featured_media":2068,"comment_status":"closed","ping_status":"closed","sticky":false,"template":"","format":"standard","meta":[],"categories":[],"tags":[],"_links":{"self":[{"href":"https:\/\/www.wroblewski.krakow.pl\/index.php?rest_route=\/wp\/v2\/posts\/2180"}],"collection":[{"href":"https:\/\/www.wroblewski.krakow.pl\/index.php?rest_route=\/wp\/v2\/posts"}],"about":[{"href":"https:\/\/www.wroblewski.krakow.pl\/index.php?rest_route=\/wp\/v2\/types\/post"}],"author":[{"embeddable":true,"href":"https:\/\/www.wroblewski.krakow.pl\/index.php?rest_route=\/wp\/v2\/users\/6"}],"replies":[{"embeddable":true,"href":"https:\/\/www.wroblewski.krakow.pl\/index.php?rest_route=%2Fwp%2Fv2%2Fcomments&post=2180"}],"version-history":[{"count":3,"href":"https:\/\/www.wroblewski.krakow.pl\/index.php?rest_route=\/wp\/v2\/posts\/2180\/revisions"}],"predecessor-version":[{"id":2184,"href":"https:\/\/www.wroblewski.krakow.pl\/index.php?rest_route=\/wp\/v2\/posts\/2180\/revisions\/2184"}],"wp:featuredmedia":[{"embeddable":true,"href":"https:\/\/www.wroblewski.krakow.pl\/index.php?rest_route=\/wp\/v2\/media\/2068"}],"wp:attachment":[{"href":"https:\/\/www.wroblewski.krakow.pl\/index.php?rest_route=%2Fwp%2Fv2%2Fmedia&parent=2180"}],"wp:term":[{"taxonomy":"category","embeddable":true,"href":"https:\/\/www.wroblewski.krakow.pl\/index.php?rest_route=%2Fwp%2Fv2%2Fcategories&post=2180"},{"taxonomy":"post_tag","embeddable":true,"href":"https:\/\/www.wroblewski.krakow.pl\/index.php?rest_route=%2Fwp%2Fv2%2Ftags&post=2180"}],"curies":[{"name":"wp","href":"https:\/\/api.w.org\/{rel}","templated":true}]}}