{"id":2190,"date":"2015-04-22T17:22:25","date_gmt":"2015-04-22T16:22:25","guid":{"rendered":"https:\/\/www.wroblewski.krakow.pl\/?p=2190"},"modified":"2015-04-23T17:41:49","modified_gmt":"2015-04-23T16:41:49","slug":"oliwia-sadowska-i-gabriela-tekieli-z-klasy-2c-awansowaly-do-mistrzostw-europy","status":"publish","type":"post","link":"https:\/\/www.wroblewski.krakow.pl\/?p=2190","title":{"rendered":"Oliwia Sadowska i Gabriela Tekieli z klasy 2c awansowa\u0142y do mistrzostw Europy"},"content":{"rendered":"<p>W dniach 17-19 kwietnia 2015 r. w Wa\u0142brzychu odby\u0142y si\u0119 Krajowe Mistrzostwa Taneczne Hip Hop, Hip Hop Battles, Break Dance, Electric Boogie, w kt\u00f3rych wzi\u0119\u0142y udzia\u0142 Oliwia Sadowska i Gabriela Tekieli z IX Liceum Og\u00f3lnokszta\u0142c\u0105cego w Krakowie. Formacja taneczna &#8222;Szko\u0142y Ta\u0144ca Wena Krak\u00f3w&#8221;, w kt\u00f3rej od kilku lat ta\u0144cz\u0105 nasze uczennice, zaj\u0119\u0142a III miejsce w kategorii Hip Hop formacja 16+ i zakwalifikowa\u0142a si\u0119 do mistrzostw Europy. Naszym utalentowanym tancerkom gratulujemy i \u017cyczymy kolejnych sukces\u00f3w!<\/p>\n<p>&nbsp;<\/p>\n","protected":false},"excerpt":{"rendered":"<p>W dniach 17-19 kwietnia 2015 r. w Wa\u0142brzychu odby\u0142y si\u0119 Krajowe Mistrzostwa Taneczne Hip Hop, Hip Hop Battles, Break Dance, Electric Boogie, w kt\u00f3rych wzi\u0119\u0142y udzia\u0142 Oliwia Sadowska i Gabriela Tekieli z IX Liceum Og\u00f3lnokszta\u0142c\u0105cego w Krakowie. Formacja taneczna &#8222;Szko\u0142y Ta\u0144ca Wena Krak\u00f3w&#8221;, w kt\u00f3rej od kilku lat ta\u0144cz\u0105 nasze uczennice, zaj\u0119\u0142a III miejsce w kategorii Hip Hop formacja 16+ i zakwalifikowa\u0142a si\u0119 do mistrzostw Europy. Naszym utalentowanym tancerkom gratulujemy i \u017cyczymy kolejnych sukces\u00f3w! &nbsp;<\/p>\n","protected":false},"author":6,"featured_media":2191,"comment_status":"closed","ping_status":"closed","sticky":false,"template":"","format":"standard","meta":[],"categories":[],"tags":[],"_links":{"self":[{"href":"https:\/\/www.wroblewski.krakow.pl\/index.php?rest_route=\/wp\/v2\/posts\/2190"}],"collection":[{"href":"https:\/\/www.wroblewski.krakow.pl\/index.php?rest_route=\/wp\/v2\/posts"}],"about":[{"href":"https:\/\/www.wroblewski.krakow.pl\/index.php?rest_route=\/wp\/v2\/types\/post"}],"author":[{"embeddable":true,"href":"https:\/\/www.wroblewski.krakow.pl\/index.php?rest_route=\/wp\/v2\/users\/6"}],"replies":[{"embeddable":true,"href":"https:\/\/www.wroblewski.krakow.pl\/index.php?rest_route=%2Fwp%2Fv2%2Fcomments&post=2190"}],"version-history":[{"count":2,"href":"https:\/\/www.wroblewski.krakow.pl\/index.php?rest_route=\/wp\/v2\/posts\/2190\/revisions"}],"predecessor-version":[{"id":2197,"href":"https:\/\/www.wroblewski.krakow.pl\/index.php?rest_route=\/wp\/v2\/posts\/2190\/revisions\/2197"}],"wp:featuredmedia":[{"embeddable":true,"href":"https:\/\/www.wroblewski.krakow.pl\/index.php?rest_route=\/wp\/v2\/media\/2191"}],"wp:attachment":[{"href":"https:\/\/www.wroblewski.krakow.pl\/index.php?rest_route=%2Fwp%2Fv2%2Fmedia&parent=2190"}],"wp:term":[{"taxonomy":"category","embeddable":true,"href":"https:\/\/www.wroblewski.krakow.pl\/index.php?rest_route=%2Fwp%2Fv2%2Fcategories&post=2190"},{"taxonomy":"post_tag","embeddable":true,"href":"https:\/\/www.wroblewski.krakow.pl\/index.php?rest_route=%2Fwp%2Fv2%2Ftags&post=2190"}],"curies":[{"name":"wp","href":"https:\/\/api.w.org\/{rel}","templated":true}]}}